{"id":104253,"date":"2026-03-11T15:33:02","date_gmt":"2026-03-11T14:33:02","guid":{"rendered":"https:\/\/www.startlap.hu\/utazas\/?p=104253"},"modified":"2026-03-11T11:30:15","modified_gmt":"2026-03-11T10:30:15","slug":"palatinus-margit-sziget-nyitvatartas","status":"publish","type":"post","link":"https:\/\/www.startlap.hu\/utazas\/palatinus-margit-sziget-nyitvatartas\/","title":{"rendered":"Budapest egyik legjobb \u00e1r-\u00e9rt\u00e9k ar\u00e1ny\u00fa gy\u00f3gyf\u00fcrd\u0151je mostant\u00f3l tov\u00e1bb tart nyitva"},"content":{"rendered":"<p>A f\u00fcrd\u0151z\u00e9s szerelmeseinek j\u00f3 h\u00edr \u00e9rkezett: ism\u00e9t meghosszabb\u00edtott nyitvatart\u00e1ssal \u00fczemel a <a href=\"https:\/\/www.startlap.hu\/utazas\/legjobb-piknik-helyszin-magyarorszag\/\" target=\"_blank\" rel=\"noopener\">margitszigeti<\/a> Palatinus f\u00fcrd\u0151. A v\u00e1ltoz\u00e1snak k\u00f6sz\u00f6nhet\u0151en mostant\u00f3l t\u00f6bb id\u0151 jut a pihen\u00e9sre \u00e9s a gy\u00f3gyvizes laz\u00edt\u00e1sra Budapest egyik legjobb \u00e1r-\u00e9rt\u00e9k ar\u00e1ny\u00fa f\u00fcrd\u0151j\u00e9ben &#8211; \u00edrja a <a href=\"https:\/\/termalonline.hu\/termal-hirek\/a-legjobb-ar-ertek-aranyu-budapesti-gyogyvizes-furdo-mostantol-kesobb-zar\" target=\"_blank\" target=\"_blank\" rel=\"noopener\">Term\u00e1lonline<\/a>.<\/p>\n<div class=\"o-widget m-readMoreWidget -readMore u-shortDecorLineAfter row widget-container _ce_measure_widget bigdata-widget read-more\" data-ce-measure-widget=\"olvass tov\u00e1bb\">\n\t<div class=\"m-readMoreWidget__imgWrapper image-wrapper col-12 col-md-4 no-p\">\n\t\t<a class=\"m-readMoreWidget__imgLink\" href=\"https:\/\/www.startlap.hu\/utazas\/gili-trawangan-31-fok-sziget-tengerpart-fotok\/\" >\n\t\t\t<img decoding=\"async\" src=\"https:\/\/www.startlap.hu\/utazas\/uploads\/sites\/3\/2026\/02\/gili2-350x285.jpg\" class=\"m-readMoreWidget__img\">\n\t\t<\/a>\n\t<\/div>\n\t<div class=\"m-readMoreWidget__titleWrapper title-wrapper col-12 col-md-8\">\n\t\t<span class=\"m-readMoreWidget__titleLabel u-shortDecorLineBefore label hidden-sm-up\">Ez is \u00e9rdekelhet:<\/span>\n\t\t<h3 class=\"m-readMoreWidget__title title\">\n\t\t\t<a class=\"m-readMoreWidget__titleLink -secondFont u-bold u-upperCase\" href=\"https:\/\/www.startlap.hu\/utazas\/gili-trawangan-31-fok-sziget-tengerpart-fotok\/\" >Eg\u00e9sz \u00e9vben 31 fok, nincsenek aut\u00f3k az \u00e1lomszigeten: a &#8222;vil\u00e1g legjobban \u00faszhat\u00f3 tengere&#8221; veszi k\u00f6r\u00fcl<\/a>\n\t\t<\/h3>\n\t\t<a class=\"m-readMoreWidget__btn -coloredBack u-tC link\" href=\"https:\/\/www.startlap.hu\/utazas\/gili-trawangan-31-fok-sziget-tengerpart-fotok\/\" >Elolvasom<\/a>\n\t<\/div>\n<\/div>\n<p>A m\u00f3dos\u00edt\u00e1s h\u00e1tter\u00e9ben az \u00e1ll, hogy a f\u00fcrd\u0151 ter\u00fclet\u00e9n m\u0171k\u00f6d\u0151 szezon\u00e1lis f\u00e9nypark, a Lumina Park bez\u00e1rt, \u00edgy a l\u00e9tes\u00edtm\u00e9ny visszat\u00e9rhetett a megszokott \u00fczemrendhez. Az elm\u00falt h\u00f3napokban a f\u00e9nypark miatt r\u00f6videbb ideig tartott nyitva a f\u00fcrd\u0151, a vend\u00e9gek csak 9 \u00e9s 16 \u00f3ra k\u00f6z\u00f6tt haszn\u00e1lhatt\u00e1k a medenc\u00e9ket. <strong>Mostant\u00f3l azonban ism\u00e9t hosszabb ideig maradhatnak a l\u00e1togat\u00f3k: a Palatinus tov\u00e1bbra is 9 \u00f3rakor nyit, a z\u00e1r\u00e1s viszont 19 \u00f3r\u00e1ra tol\u00f3dott.<\/strong> Ez k\u00fcl\u00f6n\u00f6sen azok sz\u00e1m\u00e1ra kedvez\u0151, akik munka ut\u00e1n szeretn\u00e9nek ellazulni egy gy\u00f3gyvizes f\u00fcrd\u0151ben.<\/p>\n<figure id=\"attachment_95881\" aria-describedby=\"caption-attachment-95881\" style=\"width: 755px\" class=\"wp-caption alignnone\"><img loading=\"lazy\" decoding=\"async\" class=\"size-article-size-large-image wp-image-95881\" src=\"https:\/\/www.startlap.hu\/utazas\/uploads\/sites\/3\/2025\/09\/termalfurdo-2-755x503.jpg\" alt=\"Term\u00e1lf\u00fcrd\u0151ben f\u00fcrd\u0151 n\u0151\" width=\"755\" height=\"503\" srcset=\"https:\/\/www.startlap.hu\/utazas\/uploads\/sites\/3\/2025\/09\/termalfurdo-2-755x503.jpg 755w, https:\/\/www.startlap.hu\/utazas\/uploads\/sites\/3\/2025\/09\/termalfurdo-2-1536x1024.jpg 1536w, https:\/\/www.startlap.hu\/utazas\/uploads\/sites\/3\/2025\/09\/termalfurdo-2-2048x1365.jpg 2048w, https:\/\/www.startlap.hu\/utazas\/uploads\/sites\/3\/2025\/09\/termalfurdo-2-525x350.jpg 525w\" sizes=\"auto, (max-width: 755px) 100vw, 755px\" \/><figcaption id=\"caption-attachment-95881\" class=\"wp-caption-text\">Fot\u00f3: Getty Images<\/figcaption><\/figure>\n<h2>Kedvez\u0151ek a bel\u00e9p\u0151\u00e1rak<\/h2>\n<p>A kedvez\u0151 \u00e1rak tov\u00e1bbra is a f\u00fcrd\u0151 egyik legnagyobb vonzerej\u00e9t jelentik. A strandszezon kezdet\u00e9ig, m\u00e1jus 31-ig a teljes \u00e1r\u00fa bel\u00e9p\u0151 h\u00e9tk\u00f6znap 3600 forintba ker\u00fcl, h\u00e9tv\u00e9g\u00e9n pedig 3900 forintot kell fizetni \u00e9rte. A kedvezm\u00e9nyes jegyek m\u00e9g bar\u00e1ts\u00e1gosabb \u00e1ron \u00e9rhet\u0151k el: gyerekek, di\u00e1kok \u00e9s nyugd\u00edjasok h\u00e9tk\u00f6znap 2400 forint\u00e9rt, h\u00e9tv\u00e9g\u00e9n 2600 forint\u00e9rt v\u00e1lthatnak bel\u00e9p\u0151t.<\/p>\n<p><strong>A Palatinus gy\u00f3gyvize alacsony s\u00f3koncentr\u00e1ci\u00f3j\u00fa, kalcium-magn\u00e9zium-hidrog\u00e9nkarbon\u00e1tos v\u00edz, amely n\u00e1triumot is tartalmaz.<\/strong> Els\u0151sorban mozg\u00e1sszervi probl\u00e9m\u00e1k kezel\u00e9s\u00e9re aj\u00e1nlj\u00e1k, de a csontozat m\u00e9szhi\u00e1nyos \u00e1llapotai eset\u00e9n is kedvez\u0151 hat\u00e1s\u00fa lehet. A f\u00fcrd\u0151 k\u00edn\u00e1lata is sokr\u00e9t\u0171: a fedett r\u00e9szben gy\u00f3gymedence, gyermekmedence \u00e9s k\u00e9t mer\u00fcl\u0151medence m\u0171k\u00f6dik. A szabadban \u00fcl\u0151medence, \u00fasz\u00f3medence \u00e9s tanmedence v\u00e1rja a vend\u00e9geket, \u00edgy a l\u00e1togat\u00f3k k\u00fcl\u00f6nb\u00f6z\u0151 v\u00edzi \u00e9lm\u00e9nyek k\u00f6z\u00fcl v\u00e1laszthatnak.<\/p>\n<blockquote class=\"article__extraTxt\"><p>A jelenlegi jegy\u00e1rak mellett a Palatinus sokak szerint Budapest egyik legjobb \u00e1r-\u00e9rt\u00e9k ar\u00e1ny\u00fa gy\u00f3gyvizes f\u00fcrd\u0151je.<\/p><\/blockquote>\n<p>Hasonl\u00f3 \u00e1rkateg\u00f3ri\u00e1ban a ferencv\u00e1rosi Dand\u00e1r Gy\u00f3gyf\u00fcrd\u0151 k\u00edn\u00e1l m\u00e9g bel\u00e9p\u0151ket, azonban a margitszigeti l\u00e9tes\u00edtm\u00e9nyben a medencev\u00e1laszt\u00e9k j\u00f3val sz\u00e9lesebb, r\u00e1ad\u00e1sul a k\u00fclt\u00e9ri medenc\u00e9k haszn\u00e1lata is adott.<\/p>\n<p>A hosszabb nyitvatart\u00e1s \u00edgy m\u00e9g vonz\u00f3bb\u00e1 teheti a Palatinust azok sz\u00e1m\u00e1ra, akik el\u00e9rhet\u0151 \u00e1ron szeretn\u00e9nek kikapcsol\u00f3dni a f\u0151v\u00e1ros egyik legn\u00e9pszer\u0171bb f\u00fcrd\u0151j\u00e9ben.<\/p>\n<div class=\"o-widget m-readMoreWidget -readMore u-shortDecorLineAfter row widget-container _ce_measure_widget bigdata-widget read-more\" data-ce-measure-widget=\"olvass tov\u00e1bb\">\n\t<div class=\"m-readMoreWidget__imgWrapper image-wrapper col-12 col-md-4 no-p\">\n\t\t<a class=\"m-readMoreWidget__imgLink\" href=\"https:\/\/www.startlap.hu\/utazas\/legiutas-kisero-repulogep-higienia\/\" >\n\t\t\t<img decoding=\"async\" src=\"https:\/\/www.startlap.hu\/utazas\/uploads\/sites\/3\/2026\/03\/GettyImages-85638564-350x285.jpg\" class=\"m-readMoreWidget__img\">\n\t\t<\/a>\n\t<\/div>\n\t<div class=\"m-readMoreWidget__titleWrapper title-wrapper col-12 col-md-8\">\n\t\t<span class=\"m-readMoreWidget__titleLabel u-shortDecorLineBefore label hidden-sm-up\">Ez is \u00e9rdekelhet:<\/span>\n\t\t<h3 class=\"m-readMoreWidget__title title\">\n\t\t\t<a class=\"m-readMoreWidget__titleLink -secondFont u-bold u-upperCase\" href=\"https:\/\/www.startlap.hu\/utazas\/legiutas-kisero-repulogep-higienia\/\" >Egy l\u00e9giutas-k\u00eds\u00e9r\u0151 el\u00e1rulta, mi a legkoszosabb t\u00e1rgy a rep\u00fcl\u0151g\u00e9peken<\/a>\n\t\t<\/h3>\n\t\t<a class=\"m-readMoreWidget__btn -coloredBack u-tC link\" href=\"https:\/\/www.startlap.hu\/utazas\/legiutas-kisero-repulogep-higienia\/\" >Elolvasom<\/a>\n\t<\/div>\n<\/div>\n","protected":false},"excerpt":{"rendered":"<p>Meghosszabb\u00edtott nyitvatart\u00e1ssal v\u00e1rja a vend\u00e9geket a margitszigeti Palatinus: a strandid\u00e9nyig este 19 \u00f3r\u00e1ig maradhatunk a kedvez\u0151 \u00e1r\u00fa gy\u00f3gyvizes f\u00fcrd\u0151ben.<\/p>\n","protected":false},"author":64,"featured_media":100049,"comment_status":"closed","ping_status":"closed","sticky":false,"template":"","format":"standard","meta":{"footnotes":""},"categories":[7],"tags":[1113,1768,4555,4603],"class_list":["post-104253","post","type-post","status-publish","format-standard","has-post-thumbnail","hentry","category-belfold-utazas","tag-gyogyfurdo","tag-margitsziget","tag-nyitvatartas","tag-palatinus"],"aioseo_notices":[],"_links":{"self":[{"href":"https:\/\/www.startlap.hu\/utazas\/wp-json\/wp\/v2\/posts\/104253","targetHints":{"allow":["GET"]}}],"collection":[{"href":"https:\/\/www.startlap.hu\/utazas\/wp-json\/wp\/v2\/posts"}],"about":[{"href":"https:\/\/www.startlap.hu\/utazas\/wp-json\/wp\/v2\/types\/post"}],"author":[{"embeddable":true,"href":"https:\/\/www.startlap.hu\/utazas\/wp-json\/wp\/v2\/users\/64"}],"replies":[{"embeddable":true,"href":"https:\/\/www.startlap.hu\/utazas\/wp-json\/wp\/v2\/comments?post=104253"}],"version-history":[{"count":3,"href":"https:\/\/www.startlap.hu\/utazas\/wp-json\/wp\/v2\/posts\/104253\/revisions"}],"predecessor-version":[{"id":104256,"href":"https:\/\/www.startlap.hu\/utazas\/wp-json\/wp\/v2\/posts\/104253\/revisions\/104256"}],"wp:featuredmedia":[{"embeddable":true,"href":"https:\/\/www.startlap.hu\/utazas\/wp-json\/wp\/v2\/media\/100049"}],"wp:attachment":[{"href":"https:\/\/www.startlap.hu\/utazas\/wp-json\/wp\/v2\/media?parent=104253"}],"wp:term":[{"taxonomy":"category","embeddable":true,"href":"https:\/\/www.startlap.hu\/utazas\/wp-json\/wp\/v2\/categories?post=104253"},{"taxonomy":"post_tag","embeddable":true,"href":"https:\/\/www.startlap.hu\/utazas\/wp-json\/wp\/v2\/tags?post=104253"}],"curies":[{"name":"wp","href":"https:\/\/api.w.org\/{rel}","templated":true}]}}