{"id":104226,"date":"2026-03-10T13:03:55","date_gmt":"2026-03-10T12:03:55","guid":{"rendered":"https:\/\/www.startlap.hu\/utazas\/?p=104226"},"modified":"2026-03-10T12:59:21","modified_gmt":"2026-03-10T11:59:21","slug":"iran-haboru-repulojegy-arak","status":"publish","type":"post","link":"https:\/\/www.startlap.hu\/utazas\/iran-haboru-repulojegy-arak\/","title":{"rendered":"Elsz\u00e1lltak a rep\u00fcl\u0151jegy\u00e1rak: az olajv\u00e1ls\u00e1g miatt ak\u00e1r h\u00e9tszeres dr\u00e1gul\u00e1s sem kiz\u00e1rt"},"content":{"rendered":"<p>Az ir\u00e1ni h\u00e1bor\u00fa hat\u00e1sa egyre er\u0151sebben \u00e9rezhet\u0151 a glob\u00e1lis l\u00e9gik\u00f6zleked\u00e9sben is. A nyersolaj \u00e1r\u00e1nak meredek emelked\u00e9se \u00e9s a k\u00f6zel-keleti l\u00e9gt\u00e9rkorl\u00e1toz\u00e1sok miatt <strong>a rep\u00fcl\u0151jegyek \u00e1ra t\u00f6bb \u00fatvonalon is drasztikusan n\u0151tt, mik\u00f6zben a l\u00e9git\u00e1rsas\u00e1gok r\u00e9szv\u00e9nyei vil\u00e1gszerte esni kezdtek.<\/strong><\/p>\n<div class=\"o-widget m-readMoreWidget -readMore u-shortDecorLineAfter row widget-container _ce_measure_widget bigdata-widget read-more\" data-ce-measure-widget=\"olvass tov\u00e1bb\">\n\t<div class=\"m-readMoreWidget__imgWrapper image-wrapper col-12 col-md-4 no-p\">\n\t\t<a class=\"m-readMoreWidget__imgLink\" href=\"https:\/\/www.startlap.hu\/utazas\/gili-trawangan-31-fok-sziget-tengerpart-fotok\/\" >\n\t\t\t<img decoding=\"async\" src=\"https:\/\/www.startlap.hu\/utazas\/uploads\/sites\/3\/2026\/02\/gili2-350x285.jpg\" class=\"m-readMoreWidget__img\">\n\t\t<\/a>\n\t<\/div>\n\t<div class=\"m-readMoreWidget__titleWrapper title-wrapper col-12 col-md-8\">\n\t\t<span class=\"m-readMoreWidget__titleLabel u-shortDecorLineBefore label hidden-sm-up\">Ez is \u00e9rdekelhet:<\/span>\n\t\t<h3 class=\"m-readMoreWidget__title title\">\n\t\t\t<a class=\"m-readMoreWidget__titleLink -secondFont u-bold u-upperCase\" href=\"https:\/\/www.startlap.hu\/utazas\/gili-trawangan-31-fok-sziget-tengerpart-fotok\/\" >Eg\u00e9sz \u00e9vben 31 fok, nincsenek aut\u00f3k az \u00e1lomszigeten: a &#8222;vil\u00e1g legjobban \u00faszhat\u00f3 tengere&#8221; veszi k\u00f6r\u00fcl<\/a>\n\t\t<\/h3>\n\t\t<a class=\"m-readMoreWidget__btn -coloredBack u-tC link\" href=\"https:\/\/www.startlap.hu\/utazas\/gili-trawangan-31-fok-sziget-tengerpart-fotok\/\" >Elolvasom<\/a>\n\t<\/div>\n<\/div>\n<h2>Kil\u0151ttek az olaj\u00e1rak<\/h2>\n<p>Az amerikai-izraeli katonai akci\u00f3k \u00e9s az ir\u00e1ni konfliktus komoly zavarokat okoztak az energiaszektorban. Az <a href=\"https:\/\/www.euronews.com\/travel\/2026\/03\/09\/easter-and-summer-holidays-expensive-flights-because-of-the-iran-war\" target=\"_blank\" target=\"_blank\" rel=\"noopener\">Euronews<\/a> \u00edrja, hogy <strong>a Brent olaj \u00e1ra ism\u00e9t 100 doll\u00e1r f\u00f6l\u00e9 emelkedett hord\u00f3nk\u00e9nt, amire 2022 \u00f3ta nem volt p\u00e9lda.<\/strong> A fesz\u00fclts\u00e9get tov\u00e1bb n\u00f6veli, hogy a Perzsa-\u00f6b\u00f6lben kulcsfontoss\u00e1g\u00fa kereskedelmi \u00fatvonal, a Hormuzi-szoros k\u00f6r\u00fcl is komoly bizonytalans\u00e1g alakult ki, mik\u00f6zben tankerhaj\u00f3k \u00e9s olajl\u00e9tes\u00edtm\u00e9nyek elleni t\u00e1mad\u00e1sokr\u00f3l is besz\u00e1moltak.<\/p>\n<p>Mindez k\u00f6zvetlen\u00fcl \u00e9rinti a l\u00e9gi k\u00f6zleked\u00e9st, hiszen a rep\u00fcl\u0151g\u00e9p-\u00fczemanyag a l\u00e9git\u00e1rsas\u00e1gok egyik legnagyobb k\u00f6lts\u00e9ge. <strong>A kerozin a m\u0171k\u00f6d\u00e9si k\u00f6lts\u00e9gek 20-30 sz\u00e1zal\u00e9k\u00e1t teszi ki, \u00e9s \u00e1ra gyakran m\u00e9g gyorsabban n\u0151, mint maga a nyersolaj \u00e1ra. <\/strong>Az<a href=\"https:\/\/www.independent.co.uk\/travel\/news-and-advice\/oil-iran-war-flights-prices-b2934807.html\" target=\"_blank\" target=\"_blank\" rel=\"noopener\"> Independent<\/a> szerint egyes piacokon a rep\u00fcl\u0151g\u00e9p-\u00fczemanyag \u00e1ra meg is dupl\u00e1z\u00f3dott a konfliktus kezdete \u00f3ta.<\/p>\n<figure id=\"attachment_103871\" aria-describedby=\"caption-attachment-103871\" style=\"width: 755px\" class=\"wp-caption alignnone\"><img loading=\"lazy\" decoding=\"async\" class=\"size-article-size-large-image wp-image-103871\" src=\"https:\/\/www.startlap.hu\/utazas\/uploads\/sites\/3\/2026\/03\/repulo_felho_-755x510.jpg\" alt=\"Egy rep\u00fcl\u0151g\u00e9p a felh\u0151k felett\" width=\"755\" height=\"510\" srcset=\"https:\/\/www.startlap.hu\/utazas\/uploads\/sites\/3\/2026\/03\/repulo_felho_-755x510.jpg 755w, https:\/\/www.startlap.hu\/utazas\/uploads\/sites\/3\/2026\/03\/repulo_felho_-518x350.jpg 518w, https:\/\/www.startlap.hu\/utazas\/uploads\/sites\/3\/2026\/03\/repulo_felho_.jpg 1200w\" sizes=\"auto, (max-width: 755px) 100vw, 755px\" \/><figcaption id=\"caption-attachment-103871\" class=\"wp-caption-text\">R\u00e9szlegesen megny\u00edlt a l\u00e9gt\u00e9r az Egyes\u00fclt Arab Em\u00edrs\u00e9gek felett<\/figcaption><\/figure>\n<h2>L\u00e1tv\u00e1nyosan dr\u00e1gulnak a rep\u00fcl\u0151jegyek<\/h2>\n<p>Az \u00fczemanyag dr\u00e1gul\u00e1sa m\u00e1r most brut\u00e1lis jegy\u00e1r-emelked\u00e9st okozott. <strong>P\u00e9ld\u00e1ul egy Sz\u00f6ul-London k\u00f6z\u00f6tti k\u00f6zvetlen j\u00e1rat \u00e1ra egyetlen h\u00e9t alatt 564 doll\u00e1rr\u00f3l 4359 doll\u00e1rra, azaz mintegy h\u00e9tszeres\u00e9re n\u0151tt<\/strong>. Eur\u00f3p\u00e1b\u00f3l t\u00f6bb hossz\u00fa t\u00e1v\u00fa \u00fatvonalon is t\u00f6bbsz\u00f6r\u00f6s\u00e9re ugrottak az \u00e1rak:<\/p>\n<ul>\n<li>Frankfurt-Szingap\u00far: kor\u00e1bban 400-800 eur\u00f3, most t\u00f6bb mint 2000 eur\u00f3<\/li>\n<li>Frankfurt\/M\u00fcnchen-Delhi: kor\u00e1bban 600-800 eur\u00f3, most ak\u00e1r 2000 eur\u00f3<\/li>\n<li>t\u00f6bb \u00e1zsiai \u00fatvonalon k\u00e9t-\u00f6tsz\u00f6r\u00f6s \u00e1remelked\u00e9s jelent meg.<\/li>\n<\/ul>\n<p>A dr\u00e1gul\u00e1s k\u00fcl\u00f6n\u00f6sen az \u00c1zsi\u00e1ba, <a href=\"https:\/\/www.startlap.hu\/utazas\/kina-tengerpart-sziget-tropusok-hawai-fotok\/\" target=\"_blank\" rel=\"noopener\">K\u00edn\u00e1ba<\/a>, <a href=\"https:\/\/www.startlap.hu\/utazas\/a-vilag-legszebb-vasutallomasa-mumbai\/\" target=\"_blank\" rel=\"noopener\">Indi\u00e1ba<\/a> vagy Ausztr\u00e1li\u00e1ba tart\u00f3 j\u00e1ratokn\u00e1l l\u00e1tv\u00e1nyos.<\/p>\n<h2>A l\u00e9git\u00e1rsas\u00e1gok r\u00e9szv\u00e9nyei is zuhannak<\/h2>\n<p>A helyzet a t\u0151zsd\u00e9n is azonnal l\u00e1that\u00f3v\u00e1 v\u00e1lt. T\u00f6bb l\u00e9git\u00e1rsas\u00e1g r\u00e9szv\u00e9nye is jelent\u0151sen esett:<\/p>\n<ul>\n<li>Korean Air: -8,6%<\/li>\n<li>Air New Zealand: -7,8%<\/li>\n<li>Cathay Pacific: -5%<\/li>\n<\/ul>\n<p>Eur\u00f3p\u00e1ban az Air France, a British Airways tulajdonosa, az IAG, a Wizz Air \u00e9s a Lufthansa r\u00e9szv\u00e9nyei 2,5-6 sz\u00e1zal\u00e9k k\u00f6z\u00f6tti es\u00e9st mutattak, m\u00edg az amerikai l\u00e9git\u00e1rsas\u00e1gok pap\u00edrjai nagyj\u00e1b\u00f3l 4 sz\u00e1zal\u00e9kkal estek a t\u0151zsdenyit\u00e1s el\u0151tt.<\/p>\n<h2>L\u00e9gt\u00e9rz\u00e1rak \u00e9s t\u00f6r\u00f6lt j\u00e1ratok<\/h2>\n<p>A dr\u00e1gul\u00e1st nem csak az \u00fczemanyag okozza. <strong>A konfliktus kezdete \u00f3ta t\u00f6bb mint 37 ezer j\u00e1ratot t\u00f6r\u00f6ltek a K\u00f6zel-Kelet t\u00e9rs\u00e9g\u00e9ben.<\/strong> A l\u00e9git\u00e1rsas\u00e1gok sok esetben k\u00e9nytelenek ker\u00fcl\u0151 \u00fatvonalakat haszn\u00e1lni, ami hosszabb rep\u00fcl\u00e9si id\u0151t \u00e9s nagyobb \u00fczemanyag-felhaszn\u00e1l\u00e1st jelent.<\/p>\n<blockquote class=\"article__extraTxt\"><p>Emellett az \u00e1tsz\u00e1ll\u00e1si rendszer is s\u00e9r\u00fcl.<\/p><\/blockquote>\n<p>A Perzsa-\u00f6b\u00f6l t\u00e9rs\u00e9ge a glob\u00e1lis l\u00e9gik\u00f6zleked\u00e9s egyik legfontosabb csom\u00f3pontja, \u00e9s az Independent szerint az Emirates, a Qatar Airways \u00e9s az Etihad j\u00e1ratai a Eur\u00f3pa \u00e9s \u00c1zsia k\u00f6z\u00f6tti utasforgalom mintegy harmad\u00e1t, valamint az Eur\u00f3pa \u00e9s Ausztr\u00e1lia k\u00f6z\u00f6tti utasok t\u00f6bb mint fel\u00e9t sz\u00e1ll\u00edtj\u00e1k. A helyzet ak\u00e1r komoly ipar\u00e1gi v\u00e1ls\u00e1gba is fordulhat. A Deutsche Bank elemz\u0151i arra figyelmeztettek: ha az \u00fczemanyag\u00e1rak tart\u00f3san magasak maradnak, a l\u00e9git\u00e1rsas\u00e1gok ak\u00e1r rep\u00fcl\u0151g\u00e9pek ezreit is k\u00e9nytelenek lehetnek f\u00f6ldre parancsolni, \u00e9s a p\u00e9nz\u00fcgyileg gyeng\u00e9bb c\u00e9gek m\u0171k\u00f6d\u00e9se is vesz\u00e9lybe ker\u00fclhet. A szak\u00e9rt\u0151k t\u00f6rt\u00e9nelmi p\u00e9ld\u00e1t is eml\u00edtenek: a 2005-\u00f6s Katrina \u00e9s Rita hurrik\u00e1nok ut\u00e1n megugr\u00f3 \u00fczemanyag\u00e1rak miatt t\u00f6bb nagy amerikai l\u00e9git\u00e1rsas\u00e1g, k\u00f6zt\u00fck a Delta \u00e9s a Northwest is cs\u0151dv\u00e9delmet k\u00e9rt. Az amerikai l\u00e9git\u00e1rsas\u00e1gok egy\u00e9bk\u00e9nt k\u00fcl\u00f6n\u00f6sen s\u00e9r\u00fcl\u00e9kenyek, mivel az elm\u00falt k\u00e9t \u00e9vtizedben nagyr\u00e9szt felhagytak az olaj\u00e1rak elleni p\u00e9nz\u00fcgyi fedezeti \u00fcgyletekkel.<\/p>\n<h2>Dr\u00e1g\u00e1bb lesz a nyaral\u00e1s?<\/h2>\n<p>A h\u00fasv\u00e9ti \u00e9s a ny\u00e1ri utaz\u00e1si szezonban m\u00e9g magasabb \u00e1rak j\u00f6hetnek, ha a konfliktus elh\u00faz\u00f3dik. A l\u00e9git\u00e1rsas\u00e1gok ugyanis v\u00e1rhat\u00f3an k\u00e9nytelenek lesznek a magasabb \u00fczemanyagk\u00f6lts\u00e9gek jelent\u0151s r\u00e9sz\u00e9t az utasokra h\u00e1r\u00edtani. Ugyanakkor r\u00f6vid t\u00e1von n\u00e9mi enyh\u00fcl\u00e9s is elk\u00e9pzelhet\u0151. Az Euronews szerint a jegy\u00e1rak ak\u00e1r 30-70 sz\u00e1zal\u00e9kkal is cs\u00f6kkenhetnek bizonyos \u00fatvonalakon, ha a nagy k\u00f6zel-keleti l\u00e9git\u00e1rsas\u00e1gok ism\u00e9t teljesebb menetrenddel kezdenek rep\u00fclni.<\/p>\n<p>Az Emirates m\u00e1r jelezte, hogy cs\u00f6kkentett menetrenddel m\u0171k\u00f6dik, de c\u00e9lja, hogy egy-k\u00e9t h\u00e9ten bel\u00fcl ak\u00e1r a teljes h\u00e1l\u00f3zat\u00e1t vissza\u00e1ll\u00edtsa.<\/p>\n<h2>Ezek a c\u00e9lpontok lehetnek most olcs\u00f3bbak<\/h2>\n<p>A dr\u00e1gul\u00e1s nem minden \u00fatvonalon azonos m\u00e9rt\u00e9k\u0171. Az eur\u00f3pai \u00fati c\u00e9lok egy r\u00e9sze egyel\u0151re kev\u00e9sb\u00e9 \u00e9rintett. A viszonylag stabil \u00e1r\u00fa c\u00e9lpontok k\u00f6z\u00f6tt szerepel:<\/p>\n<ul>\n<li>Spanyolorsz\u00e1g (Mallorca, Kan\u00e1ri-szigetek, Barcelona)<\/li>\n<li>Portug\u00e1lia (Lisszabon, Algarve)<\/li>\n<li>Olaszorsz\u00e1g (Szic\u00edlia, Szard\u00ednia, R\u00f3ma)<\/li>\n<li><a href=\"https:\/\/www.startlap.hu\/utazas\/gorogorszag-strandok-karib-jon-szigetek\/\" target=\"_blank\" rel=\"noopener\">G\u00f6r\u00f6gorsz\u00e1g<\/a> (Kr\u00e9t\u00e1, Rodosz)<\/li>\n<li>Horv\u00e1torsz\u00e1g \u00e9s Bulg\u00e1ria<\/li>\n<\/ul>\n<p>Emellett az \u00e9szak-eur\u00f3pai v\u00e1rosl\u00e1togat\u00e1sok, p\u00e9ld\u00e1ul <a href=\"https:\/\/www.startlap.hu\/utazas\/harry-potter-uzlet-london\/\" target=\"_blank\" rel=\"noopener\">London<\/a>, Stockholm vagy Budapest is m\u00e9rs\u00e9keltebb dr\u00e1gul\u00e1st mutatnak.<\/p>\n<h2>Mit tehetnek most az utaz\u00f3k?<\/h2>\n<p>A szak\u00e9rt\u0151k szerint ebben a bizonytalan helyzetben k\u00fcl\u00f6n\u00f6sen fontos az el\u0151foglal\u00e1s, mert ha a konfliktus tov\u00e1bb eszkal\u00e1l\u00f3dik, a jegy\u00e1rak m\u00e9g magasabbra emelkedhetnek. <strong>\u00c9rdemes rendszeresen figyelni a jegy\u00e1rakat, \u00e1r\u00e9rtes\u00edt\u00e9seket be\u00e1ll\u00edtani a keres\u0151oldalakon, t\u00f6bb l\u00e9git\u00e1rsas\u00e1g aj\u00e1nlatait \u00f6sszehasonl\u00edtani, \u00e9s utasbiztos\u00edt\u00e1st k\u00f6tni, k\u00fcl\u00f6n\u00f6sen akkor, ha az \u00fat k\u00f6zel-keleti \u00e1tsz\u00e1ll\u00e1ssal j\u00e1r.<\/strong> A rep\u00fcl\u0151jegyek \u00e1ra ugyanis jelent\u0151sen csak akkor cs\u00f6kkenhet \u00fajra, ha a k\u00f6zel-keleti konfliktus bel\u00e1that\u00f3 id\u0151n bel\u00fcl lez\u00e1rul.<\/p>\n<div class=\"o-widget m-readMoreWidget -readMore u-shortDecorLineAfter row widget-container _ce_measure_widget bigdata-widget read-more\" data-ce-measure-widget=\"olvass tov\u00e1bb\">\n\t<div class=\"m-readMoreWidget__imgWrapper image-wrapper col-12 col-md-4 no-p\">\n\t\t<a class=\"m-readMoreWidget__imgLink\" href=\"https:\/\/www.startlap.hu\/utazas\/legiutas-kisero-repulogep-higienia\/\" >\n\t\t\t<img decoding=\"async\" src=\"https:\/\/www.startlap.hu\/utazas\/uploads\/sites\/3\/2026\/03\/GettyImages-85638564-350x285.jpg\" class=\"m-readMoreWidget__img\">\n\t\t<\/a>\n\t<\/div>\n\t<div class=\"m-readMoreWidget__titleWrapper title-wrapper col-12 col-md-8\">\n\t\t<span class=\"m-readMoreWidget__titleLabel u-shortDecorLineBefore label hidden-sm-up\">Ez is \u00e9rdekelhet:<\/span>\n\t\t<h3 class=\"m-readMoreWidget__title title\">\n\t\t\t<a class=\"m-readMoreWidget__titleLink -secondFont u-bold u-upperCase\" href=\"https:\/\/www.startlap.hu\/utazas\/legiutas-kisero-repulogep-higienia\/\" >Egy l\u00e9giutas-k\u00eds\u00e9r\u0151 el\u00e1rulta, mi a legkoszosabb t\u00e1rgy a rep\u00fcl\u0151g\u00e9peken<\/a>\n\t\t<\/h3>\n\t\t<a class=\"m-readMoreWidget__btn -coloredBack u-tC link\" href=\"https:\/\/www.startlap.hu\/utazas\/legiutas-kisero-repulogep-higienia\/\" >Elolvasom<\/a>\n\t<\/div>\n<\/div>\n","protected":false},"excerpt":{"rendered":"<p>Az ir\u00e1ni konfliktus miatt kil\u0151ttek az olaj\u00e1rak, a l\u00e9git\u00e1rsas\u00e1gok k\u00f6lts\u00e9gei elsz\u00e1lltak, \u00e9s egyes rep\u00fcl\u0151jegyek \u00e1ra m\u00e1r a sokszoros\u00e1ra emelkedett.<\/p>\n","protected":false},"author":64,"featured_media":103871,"comment_status":"closed","ping_status":"closed","sticky":false,"template":"","format":"standard","meta":{"footnotes":""},"categories":[70],"tags":[2593,1412,166],"class_list":["post-104226","post","type-post","status-publish","format-standard","has-post-thumbnail","hentry","category-vilag","tag-arak","tag-iran","tag-repulojegy"],"aioseo_notices":[],"_links":{"self":[{"href":"https:\/\/www.startlap.hu\/utazas\/wp-json\/wp\/v2\/posts\/104226","targetHints":{"allow":["GET"]}}],"collection":[{"href":"https:\/\/www.startlap.hu\/utazas\/wp-json\/wp\/v2\/posts"}],"about":[{"href":"https:\/\/www.startlap.hu\/utazas\/wp-json\/wp\/v2\/types\/post"}],"author":[{"embeddable":true,"href":"https:\/\/www.startlap.hu\/utazas\/wp-json\/wp\/v2\/users\/64"}],"replies":[{"embeddable":true,"href":"https:\/\/www.startlap.hu\/utazas\/wp-json\/wp\/v2\/comments?post=104226"}],"version-history":[{"count":4,"href":"https:\/\/www.startlap.hu\/utazas\/wp-json\/wp\/v2\/posts\/104226\/revisions"}],"predecessor-version":[{"id":104244,"href":"https:\/\/www.startlap.hu\/utazas\/wp-json\/wp\/v2\/posts\/104226\/revisions\/104244"}],"wp:featuredmedia":[{"embeddable":true,"href":"https:\/\/www.startlap.hu\/utazas\/wp-json\/wp\/v2\/media\/103871"}],"wp:attachment":[{"href":"https:\/\/www.startlap.hu\/utazas\/wp-json\/wp\/v2\/media?parent=104226"}],"wp:term":[{"taxonomy":"category","embeddable":true,"href":"https:\/\/www.startlap.hu\/utazas\/wp-json\/wp\/v2\/categories?post=104226"},{"taxonomy":"post_tag","embeddable":true,"href":"https:\/\/www.startlap.hu\/utazas\/wp-json\/wp\/v2\/tags?post=104226"}],"curies":[{"name":"wp","href":"https:\/\/api.w.org\/{rel}","templated":true}]}}