{"id":104220,"date":"2026-03-10T10:33:09","date_gmt":"2026-03-10T09:33:09","guid":{"rendered":"https:\/\/www.startlap.hu\/utazas\/?p=104220"},"modified":"2026-03-10T10:31:39","modified_gmt":"2026-03-10T09:31:39","slug":"ellyps-setany-lezaras-budapest","status":"publish","type":"post","link":"https:\/\/www.startlap.hu\/utazas\/ellyps-setany-lezaras-budapest\/","title":{"rendered":"Lez\u00e1rt\u00e1k az orsz\u00e1g legszebb s\u00e9t\u00e1ny\u00e1t, mag\u00e1nkert lett bel\u0151le"},"content":{"rendered":"<p>A <a href=\"https:\/\/www.startlap.hu\/utazas\/budai-var-hauszmann-prigram-honved-foparancsnoksag-kupola\/\" target=\"_blank\" rel=\"noopener\">Budai V\u00e1rnegyed<\/a> egyik kev\u00e9sb\u00e9 ismert, m\u00e9gis k\u00fcl\u00f6nleges hangulat\u00fa s\u00e9t\u00e1nya volt az Ellyps s\u00e9t\u00e1ny, ahonnan p\u00e1ratlan kil\u00e1t\u00e1s ny\u00edlt a L\u00e1nch\u00eddra \u00e9s a Clark \u00c1d\u00e1m t\u00e9rre. A ter\u00fclet azonban ma m\u00e1r nem l\u00e1togathat\u00f3: a kor\u00e1bban k\u00f6zhaszn\u00e1lat\u00fa s\u00e9t\u00e1nyt lez\u00e1rt\u00e1k, \u00e9s mag\u00e1nter\u00fclett\u00e9 min\u0151s\u00edtett\u00e9k \u00e1t, ami sokak szerint a v\u00e1rosi k\u00f6zterek \u00e1talakul\u00e1s\u00e1nak szimbolikus p\u00e9ld\u00e1ja lett &#8211; \u00edrja a <a href=\"https:\/\/www.hirstart.hu\/site\/relocate.php?rssid=71&amp;rsspid=3&amp;ctype=rss&amp;id=44337881&amp;chk=ae1c6c79f5e73716662323734636d283&amp;url=https%3A%2F%2Fwww.blikk.hu%2Faktualis%2Fbelfold%2Flezaras-ellyps-setany-varnegyed-budapest-felhaborodas%2Fd0en2fp%3Futm_source%3Dhirstart%26utm_medium%3Dcpc%26utm_campaign%3Dblikk-hirstart\" target=\"_blank\" target=\"_blank\" rel=\"noopener\">Blikk<\/a>.<\/p>\n<div class=\"o-widget m-readMoreWidget -readMore u-shortDecorLineAfter row widget-container _ce_measure_widget bigdata-widget read-more\" data-ce-measure-widget=\"olvass tov\u00e1bb\">\n\t<div class=\"m-readMoreWidget__imgWrapper image-wrapper col-12 col-md-4 no-p\">\n\t\t<a class=\"m-readMoreWidget__imgLink\" href=\"https:\/\/www.startlap.hu\/utazas\/strand-kincsesbanya-megszunik\/\" >\n\t\t\t<img decoding=\"async\" src=\"https:\/\/www.startlap.hu\/utazas\/uploads\/sites\/3\/2026\/02\/GettyImages-914641336_11zon-350x285.jpg\" class=\"m-readMoreWidget__img\">\n\t\t<\/a>\n\t<\/div>\n\t<div class=\"m-readMoreWidget__titleWrapper title-wrapper col-12 col-md-8\">\n\t\t<span class=\"m-readMoreWidget__titleLabel u-shortDecorLineBefore label hidden-sm-up\">Ez is \u00e9rdekelhet:<\/span>\n\t\t<h3 class=\"m-readMoreWidget__title title\">\n\t\t\t<a class=\"m-readMoreWidget__titleLink -secondFont u-bold u-upperCase\" href=\"https:\/\/www.startlap.hu\/utazas\/strand-kincsesbanya-megszunik\/\" >Nyoma sem marad a strandnak az egyik legszebb nev\u0171 magyar telep\u00fcl\u00e9sen &#8211; egyszer\u0171en bet\u00f6mik a medenc\u00e9t!<\/a>\n\t\t<\/h3>\n\t\t<a class=\"m-readMoreWidget__btn -coloredBack u-tC link\" href=\"https:\/\/www.startlap.hu\/utazas\/strand-kincsesbanya-megszunik\/\" >Elolvasom<\/a>\n\t<\/div>\n<\/div>\n<p>A jellegzetes form\u00e1j\u00e1r\u00f3l elnevezett Ellyps s\u00e9t\u00e1ny a Budai V\u00e1r keleti oldal\u00e1n, a Karmelita kolostor k\u00f6zel\u00e9ben tal\u00e1lhat\u00f3. A meredek hegyoldalba \u00e9p\u00edtett s\u00e9t\u00e1nyr\u00f3l egykor az eg\u00e9sz v\u00e1rosra ny\u00edl\u00f3 panor\u00e1m\u00e1t \u00e9lvezhett\u00e9k a l\u00e1togat\u00f3k, k\u00fcl\u00f6n\u00f6sen a L\u00e1nch\u00edd \u00e9s a Clark \u00c1d\u00e1m t\u00e9r ir\u00e1ny\u00e1ba.<\/p>\n<figure id=\"attachment_104223\" aria-describedby=\"caption-attachment-104223\" style=\"width: 755px\" class=\"wp-caption alignnone\"><img loading=\"lazy\" decoding=\"async\" class=\"size-article-size-large-image wp-image-104223\" src=\"https:\/\/www.startlap.hu\/utazas\/uploads\/sites\/3\/2026\/03\/setany_11zon-755x503.jpg\" alt=\"\" width=\"755\" height=\"503\" srcset=\"https:\/\/www.startlap.hu\/utazas\/uploads\/sites\/3\/2026\/03\/setany_11zon-755x503.jpg 755w, https:\/\/www.startlap.hu\/utazas\/uploads\/sites\/3\/2026\/03\/setany_11zon-1536x1024.jpg 1536w, https:\/\/www.startlap.hu\/utazas\/uploads\/sites\/3\/2026\/03\/setany_11zon-525x350.jpg 525w, https:\/\/www.startlap.hu\/utazas\/uploads\/sites\/3\/2026\/03\/setany_11zon.jpg 1696w\" sizes=\"auto, (max-width: 755px) 100vw, 755px\" \/><figcaption id=\"caption-attachment-104223\" class=\"wp-caption-text\">A lez\u00e1rt s\u00e9t\u00e1nyr\u00f3l p\u00e9ld\u00e1ul a L\u00e1nch\u00eddra is csod\u00e1latos kil\u00e1t\u00e1s ny\u00edlt. Fot\u00f3: Getty Images<\/figcaption><\/figure>\n<p>A s\u00e9t\u00e1ny sorsa egy szakmai besz\u00e9lget\u00e9sben is sz\u00f3ba ker\u00fclt: a Magyar Narancs \u201eInnen? Hov\u00e1?\u201d c\u00edm\u0171 besz\u00e9lget\u00e9ssorozat\u00e1n Csomay Zs\u00f3fia Ybl-d\u00edjas \u00e9p\u00edt\u00e9sz \u00e9s Boj\u00e1r Iv\u00e1n Andr\u00e1s m\u0171v\u00e9szett\u00f6rt\u00e9n\u00e9sz besz\u00e9lgetett a f\u0151v\u00e1rosi k\u00f6zterek v\u00e1ltoz\u00e1s\u00e1r\u00f3l. A besz\u00e9lget\u00e9s sor\u00e1n elhangzott, hogy a v\u00e1rnegyedben zajl\u00f3 nagyszab\u00e1s\u00fa \u00e1llami fel\u00faj\u00edt\u00e1sok idej\u00e9n a s\u00e9t\u00e1nyt lez\u00e1rt\u00e1k a nyilv\u00e1noss\u00e1g el\u0151l, majd mag\u00e1nter\u00fclett\u00e9 sorolt\u00e1k \u00e1t. A leromlott \u00e1llapot\u00fa ter\u00fcletet ezzel egy id\u0151ben fel is \u00faj\u00edtott\u00e1k.<\/p>\n<blockquote class=\"article__extraTxt\"><p>Csomay Zs\u00f3fia szerint az Ellyps s\u00e9t\u00e1ny lez\u00e1r\u00e1sa t\u00falmutat egyetlen park sors\u00e1n.<\/p><\/blockquote>\n<p>\u201e<a href=\"https:\/\/www.startlap.hu\/utazas\/egyedi-palota-stern-csalad-tortenete-fotok\/\" target=\"_blank\" rel=\"noopener\">Budapest<\/a> \u00e9s az eg\u00e9sz orsz\u00e1g legszebb s\u00e9t\u00e1nya mag\u00e1nkertt\u00e9 v\u00e1lt. Ez szimb\u00f3lumszer\u0171 sz\u00e1momra. Ez az a s\u00e9t\u00e1ny, ahonnan az eg\u00e9sz v\u00e1rost a legszebben lehet l\u00e1tni, \u00e9s minden turist\u00e1nak oda kellene mennie, ez mindenki\u00e9, m\u00e9gis lez\u00e1rt\u00e1k. Egy olyan korm\u00e1nyzati mag\u00e1nkert lett, ahol a vend\u00e9geket viszik k\u00e1v\u00e9zni, mi pedig k\u00edv\u00fclr\u0151l n\u00e9zegethetj\u00fck\u201d \u2013 fogalmazott az \u00e9p\u00edt\u00e9sz.<\/p>\n<h2>T\u00f6bb, mint nyolcvan\u00e9ves t\u00f6rt\u00e9net<\/h2>\n<p>Az Ellyps s\u00e9t\u00e1ny a Budav\u00e1ri kertek \u00fagynevezett Keleti kertj\u00e9nek r\u00e9sze, amely a V\u00edzhord\u00f3 l\u00e9pcs\u0151t\u0151l \u00e9szakra fekv\u0151 meredek hegyoldalon ter\u00fcl el. Maga a s\u00e9t\u00e1ny az Alag\u00fat feletti ter\u00fcleten h\u00faz\u00f3dik, \u00e9s a Clark \u00c1d\u00e1m t\u00e9rr\u0151l indul.<strong> A park t\u00f6rt\u00e9nete j\u00f3val a megnyit\u00e1s el\u0151tt kezd\u0151d\u00f6tt: a ter\u00fclet m\u00e1r Rade K\u00e1roly 1928-ban \u00f6ssze\u00e1ll\u00edtott park-t\u00e9rk\u00e9pein is szerepelt<\/strong>.<\/p>\n<p>A keleti kerti s\u00e9t\u00e1nyt v\u00e9g\u00fcl 1938-ban nyitott\u00e1k meg a nagyk\u00f6z\u00f6ns\u00e9g el\u0151tt. A m\u00e1sodik vil\u00e1gh\u00e1bor\u00fa ut\u00e1n a k\u00f6rny\u00e9k jelent\u0151sen \u00e1talakult. A budapesti ostrom sor\u00e1n lebomb\u00e1zott h\u00e1zak hely\u00e9re nem \u00e9p\u00edtettek \u00faj \u00e9p\u00fcleteket, \u00edgy a felszabadult ter\u00fcletek parkos\u00edtva a Keleti kert r\u00e9sz\u00e9v\u00e9 v\u00e1ltak.<\/p>\n<p><strong>A s\u00e9t\u00e1ny \u00e9s a kert mai form\u00e1j\u00e1t nagyr\u00e9szt az 1960-as \u00e9vek fejleszt\u00e9sei hat\u00e1rozt\u00e1k meg.<\/strong> A ter\u00fcletet Kiss E. Guszt\u00e1v tervei alapj\u00e1n \u00faj\u00edtott\u00e1k fel, a munk\u00e1k 1968-ra fejez\u0151dtek be, ekkor \u00f6nt\u00f6z\u0151h\u00e1l\u00f3zatot is ki\u00e9p\u00edtettek. Ugyanekkor kapcsol\u00f3dott a ter\u00fclethez \u00e9szak fel\u0151l a Hunfalvy park, amelyet Csorba Vera tervezett.<\/p>\n<div class=\"o-widget m-readMoreWidget -readMore u-shortDecorLineAfter row widget-container _ce_measure_widget bigdata-widget read-more\" data-ce-measure-widget=\"olvass tov\u00e1bb\">\n\t<div class=\"m-readMoreWidget__imgWrapper image-wrapper col-12 col-md-4 no-p\">\n\t\t<a class=\"m-readMoreWidget__imgLink\" href=\"https:\/\/www.startlap.hu\/utazas\/arcmaszk-repulo-szepsegapolas\/\" >\n\t\t\t<img decoding=\"async\" src=\"https:\/\/www.startlap.hu\/utazas\/uploads\/sites\/3\/2026\/03\/GettyImages-1200676088_11zon-350x285.jpg\" class=\"m-readMoreWidget__img\">\n\t\t<\/a>\n\t<\/div>\n\t<div class=\"m-readMoreWidget__titleWrapper title-wrapper col-12 col-md-8\">\n\t\t<span class=\"m-readMoreWidget__titleLabel u-shortDecorLineBefore label hidden-sm-up\">Ez is \u00e9rdekelhet:<\/span>\n\t\t<h3 class=\"m-readMoreWidget__title title\">\n\t\t\t<a class=\"m-readMoreWidget__titleLink -secondFont u-bold u-upperCase\" href=\"https:\/\/www.startlap.hu\/utazas\/arcmaszk-repulo-szepsegapolas\/\" >Terjed a f\u00e1tyolmaszkos rep\u00fcl\u00e9s &#8211; egy b\u0151rgy\u00f3gy\u00e1sz r\u00e1ntja le a leplet a furcsa jelens\u00e9gr\u0151l<\/a>\n\t\t<\/h3>\n\t\t<a class=\"m-readMoreWidget__btn -coloredBack u-tC link\" href=\"https:\/\/www.startlap.hu\/utazas\/arcmaszk-repulo-szepsegapolas\/\" >Elolvasom<\/a>\n\t<\/div>\n<\/div>\n","protected":false},"excerpt":{"rendered":"<p>Lez\u00e1rt\u00e1k a Budai V\u00e1r egyik legszebb panor\u00e1m\u00e1j\u00fa s\u00e9t\u00e1ny\u00e1t: az Ellyps s\u00e9t\u00e1ny ma m\u00e1r nem l\u00e1togathat\u00f3, a kor\u00e1bban mindenki sz\u00e1m\u00e1ra nyitott ter\u00fclet mag\u00e1nkertt\u00e9 v\u00e1lt.<\/p>\n","protected":false},"author":64,"featured_media":104223,"comment_status":"closed","ping_status":"closed","sticky":false,"template":"","format":"standard","meta":{"footnotes":""},"categories":[7],"tags":[2722,4913,6284,2326],"class_list":["post-104220","post","type-post","status-publish","format-standard","has-post-thumbnail","hentry","category-belfold-utazas","tag-budai-var","tag-panorama","tag-setany","tag-valtozas"],"aioseo_notices":[],"_links":{"self":[{"href":"https:\/\/www.startlap.hu\/utazas\/wp-json\/wp\/v2\/posts\/104220","targetHints":{"allow":["GET"]}}],"collection":[{"href":"https:\/\/www.startlap.hu\/utazas\/wp-json\/wp\/v2\/posts"}],"about":[{"href":"https:\/\/www.startlap.hu\/utazas\/wp-json\/wp\/v2\/types\/post"}],"author":[{"embeddable":true,"href":"https:\/\/www.startlap.hu\/utazas\/wp-json\/wp\/v2\/users\/64"}],"replies":[{"embeddable":true,"href":"https:\/\/www.startlap.hu\/utazas\/wp-json\/wp\/v2\/comments?post=104220"}],"version-history":[{"count":5,"href":"https:\/\/www.startlap.hu\/utazas\/wp-json\/wp\/v2\/posts\/104220\/revisions"}],"predecessor-version":[{"id":104229,"href":"https:\/\/www.startlap.hu\/utazas\/wp-json\/wp\/v2\/posts\/104220\/revisions\/104229"}],"wp:featuredmedia":[{"embeddable":true,"href":"https:\/\/www.startlap.hu\/utazas\/wp-json\/wp\/v2\/media\/104223"}],"wp:attachment":[{"href":"https:\/\/www.startlap.hu\/utazas\/wp-json\/wp\/v2\/media?parent=104220"}],"wp:term":[{"taxonomy":"category","embeddable":true,"href":"https:\/\/www.startlap.hu\/utazas\/wp-json\/wp\/v2\/categories?post=104220"},{"taxonomy":"post_tag","embeddable":true,"href":"https:\/\/www.startlap.hu\/utazas\/wp-json\/wp\/v2\/tags?post=104220"}],"curies":[{"name":"wp","href":"https:\/\/api.w.org\/{rel}","templated":true}]}}