{"id":104216,"date":"2026-03-10T16:03:11","date_gmt":"2026-03-10T15:03:11","guid":{"rendered":"https:\/\/www.startlap.hu\/utazas\/?p=104216"},"modified":"2026-03-10T12:45:04","modified_gmt":"2026-03-10T11:45:04","slug":"kolni-dom-turistak-belepodij","status":"publish","type":"post","link":"https:\/\/www.startlap.hu\/utazas\/kolni-dom-turistak-belepodij\/","title":{"rendered":"Bel\u00e9p\u0151d\u00edjas lesz a k\u00f6lni d\u00f3m: a turist\u00e1knak hamarosan fizetni\u00fck kell a l\u00e1togat\u00e1s\u00e9rt"},"content":{"rendered":"<p><a href=\"https:\/\/www.startlap.hu\/utazas\/nemetorszag-sziget-steinhuder-to\/\" target=\"_blank\" rel=\"noopener\">N\u00e9metorsz\u00e1g<\/a> egyik legismertebb m\u0171eml\u00e9ke, a k\u00f6lni d\u00f3m<strong> a k\u00f6zelj\u00f6v\u0151ben bel\u00e9p\u0151d\u00edjat vezethet be a turist\u00e1k sz\u00e1m\u00e1ra.<\/strong> A tervek szerint az int\u00e9zked\u00e9s az \u00e9v m\u00e1sodik fel\u00e9ben l\u00e9phet \u00e9letbe, c\u00e9lja pedig az, hogy stabilabb p\u00e9nz\u00fcgyi h\u00e1tteret biztos\u00edtson a t\u00f6rt\u00e9nelmi katedr\u00e1lis fenntart\u00e1s\u00e1hoz.<\/p>\n<div class=\"o-widget m-readMoreWidget -readMore u-shortDecorLineAfter row widget-container _ce_measure_widget bigdata-widget read-more\" data-ce-measure-widget=\"olvass tov\u00e1bb\">\n\t<div class=\"m-readMoreWidget__imgWrapper image-wrapper col-12 col-md-4 no-p\">\n\t\t<a class=\"m-readMoreWidget__imgLink\" href=\"https:\/\/www.startlap.hu\/utazas\/ryanair-tiltas-forro-ital\/\" >\n\t\t\t<img decoding=\"async\" src=\"https:\/\/www.startlap.hu\/utazas\/uploads\/sites\/3\/2026\/02\/ryanair-felszallo-utasok-350x285.jpg\" class=\"m-readMoreWidget__img\">\n\t\t<\/a>\n\t<\/div>\n\t<div class=\"m-readMoreWidget__titleWrapper title-wrapper col-12 col-md-8\">\n\t\t<span class=\"m-readMoreWidget__titleLabel u-shortDecorLineBefore label hidden-sm-up\">Ez is \u00e9rdekelhet:<\/span>\n\t\t<h3 class=\"m-readMoreWidget__title title\">\n\t\t\t<a class=\"m-readMoreWidget__titleLink -secondFont u-bold u-upperCase\" href=\"https:\/\/www.startlap.hu\/utazas\/ryanair-tiltas-forro-ital\/\" >Mostant\u00f3l nem engednek fel a Ryanair-g\u00e9pekre, ha ez van n\u00e1lad &#8211; sokakn\u00e1l kicsaphatja a biztos\u00edt\u00e9kot az \u00fajabb korl\u00e1toz\u00e1s<\/a>\n\t\t<\/h3>\n\t\t<a class=\"m-readMoreWidget__btn -coloredBack u-tC link\" href=\"https:\/\/www.startlap.hu\/utazas\/ryanair-tiltas-forro-ital\/\" >Elolvasom<\/a>\n\t<\/div>\n<\/div>\n<p>A d\u00f3m igazgat\u00f3ja, Guido Assmann meger\u0151s\u00edtette: a turist\u00e1knak hamarosan fizetni\u00fck kell a bel\u00e9p\u00e9s\u00e9rt. Mint fogalmazott, a templomnak n\u00f6velnie kell saj\u00e1t bev\u00e9teleit ahhoz, hogy fedezni tudja m\u0171k\u00f6d\u00e9si \u00e9s fenntart\u00e1si k\u00f6lts\u00e9geit.<\/p>\n<blockquote class=\"article__extraTxt\"><p>A 2024-es p\u00e9nz\u00fcgyi adatok szerint a katedr\u00e1lis kiad\u00e1sai mintegy 14,2 milli\u00f3 eur\u00f3t tettek ki, mik\u00f6zben a bev\u00e9telek valamivel alacsonyabbak voltak, nagyj\u00e1b\u00f3l 14 milli\u00f3 eur\u00f3ra r\u00fagtak.<\/p><\/blockquote>\n<p>Ez a k\u00fcl\u00f6nbs\u00e9g is hozz\u00e1j\u00e1rult ahhoz, hogy a vezet\u0151s\u00e9g \u00faj finansz\u00edroz\u00e1si lehet\u0151s\u00e9geket keressen.<\/p>\n<figure id=\"attachment_104217\" aria-describedby=\"caption-attachment-104217\" style=\"width: 755px\" class=\"wp-caption alignnone\"><img loading=\"lazy\" decoding=\"async\" class=\"size-article-size-large-image wp-image-104217\" src=\"https:\/\/www.startlap.hu\/utazas\/uploads\/sites\/3\/2026\/03\/koln_11zon-755x503.jpg\" alt=\"K\u00f6ln v\u00e1rosa h\u00e1tt\u00e9rben a d\u00f3mmal\" width=\"755\" height=\"503\" srcset=\"https:\/\/www.startlap.hu\/utazas\/uploads\/sites\/3\/2026\/03\/koln_11zon-755x503.jpg 755w, https:\/\/www.startlap.hu\/utazas\/uploads\/sites\/3\/2026\/03\/koln_11zon-1536x1024.jpg 1536w, https:\/\/www.startlap.hu\/utazas\/uploads\/sites\/3\/2026\/03\/koln_11zon-525x350.jpg 525w, https:\/\/www.startlap.hu\/utazas\/uploads\/sites\/3\/2026\/03\/koln_11zon.jpg 1696w\" sizes=\"auto, (max-width: 755px) 100vw, 755px\" \/><figcaption id=\"caption-attachment-104217\" class=\"wp-caption-text\">Fot\u00f3: Getty Images<\/figcaption><\/figure>\n<p>Fontos ugyanakkor, hogy a v\u00e1ltoz\u00e1s nem \u00e9rinti a h\u00edv\u0151ket: azok, akik istentiszteletre vagy szem\u00e9lyes im\u00e1ra \u00e9rkeznek, tov\u00e1bbra is ingyenesen l\u00e9phetnek be a templomba. A vezet\u0151s\u00e9g jelenleg m\u00e9g vizsg\u00e1lja, milyen rendszerben t\u00f6rt\u00e9njen a turist\u00e1k bel\u00e9ptet\u00e9se, \u00e9s az is k\u00e9rd\u00e9ses, pontosan mennyibe ker\u00fcl majd a jegy.<\/p>\n<h2>A t\u00f6bbi templomba ingyenes a bel\u00e9p\u00e9s<\/h2>\n<p>A k\u00f6lni d\u00f3m \u00e9vente mintegy hatmilli\u00f3 l\u00e1togat\u00f3t fogad, \u00edgy N\u00e9metorsz\u00e1g egyik legn\u00e9pszer\u0171bb turisztikai l\u00e1tv\u00e1nyoss\u00e1g\u00e1nak sz\u00e1m\u00edt. Az orsz\u00e1g templomainak t\u00f6bbs\u00e9g\u00e9ben tov\u00e1bbra is ingyenes a bel\u00e9p\u00e9s, a l\u00e1togat\u00f3knak \u00e1ltal\u00e1ban csak bizonyos kieg\u00e9sz\u00edt\u0151 programok\u00e9rt kell fizetni\u00fck, p\u00e9ld\u00e1ul a toronym\u00e1sz\u00e1s\u00e9rt vagy a templomi kincst\u00e1r megtekint\u00e9s\u00e9\u00e9rt.<\/p>\n<p>A katedr\u00e1lis egy\u00e9bk\u00e9nt 1996-ban ker\u00fclt fel az UNESCO vil\u00e1g\u00f6r\u00f6ks\u00e9gi list\u00e1j\u00e1ra. Az indokl\u00e1s szerint az \u00e9p\u00fclet \u201eaz emberi alkot\u00f3 zsenialit\u00e1s kiemelked\u0151 m\u0171ve\u201d, \u00e9s nemcsak N\u00e9metorsz\u00e1g egyik legismertebb \u00e9p\u00edtm\u00e9nye, hanem K\u00f6ln v\u00e1ros\u00e1nak jelk\u00e9pe is.<\/p>\n<p><a href=\"https:\/\/www.klix.ba\/lifestyle\/putovanja\/katedrala-u-kolnu-uskoro-ce-poceti-naplacivati-ulaz-turistima-cijena-ulaznice-jos-nije-odredena\/260308113\" target=\"_blank\" target=\"_blank\" rel=\"noopener\">via<\/a><\/p>\n<div class=\"o-widget m-readMoreWidget -readMore u-shortDecorLineAfter row widget-container _ce_measure_widget bigdata-widget read-more\" data-ce-measure-widget=\"olvass tov\u00e1bb\">\n\t<div class=\"m-readMoreWidget__imgWrapper image-wrapper col-12 col-md-4 no-p\">\n\t\t<a class=\"m-readMoreWidget__imgLink\" href=\"https:\/\/www.startlap.hu\/utazas\/legkevesbe-felkapott-uti-celok-europa\/\" >\n\t\t\t<img decoding=\"async\" src=\"https:\/\/www.startlap.hu\/utazas\/uploads\/sites\/3\/2026\/03\/lichtenstein-350x285.jpg\" class=\"m-readMoreWidget__img\">\n\t\t<\/a>\n\t<\/div>\n\t<div class=\"m-readMoreWidget__titleWrapper title-wrapper col-12 col-md-8\">\n\t\t<span class=\"m-readMoreWidget__titleLabel u-shortDecorLineBefore label hidden-sm-up\">Ez is \u00e9rdekelhet:<\/span>\n\t\t<h3 class=\"m-readMoreWidget__title title\">\n\t\t\t<a class=\"m-readMoreWidget__titleLink -secondFont u-bold u-upperCase\" href=\"https:\/\/www.startlap.hu\/utazas\/legkevesbe-felkapott-uti-celok-europa\/\" >Ezek Eur\u00f3pa legkev\u00e9sb\u00e9 felkapott \u00fati c\u00e9ljai: val\u00f3di rejtett kincsek!<\/a>\n\t\t<\/h3>\n\t\t<a class=\"m-readMoreWidget__btn -coloredBack u-tC link\" href=\"https:\/\/www.startlap.hu\/utazas\/legkevesbe-felkapott-uti-celok-europa\/\" >Elolvasom<\/a>\n\t<\/div>\n<\/div>\n","protected":false},"excerpt":{"rendered":"<p>Hamarosan fizet\u0151s lehet a turist\u00e1k sz\u00e1m\u00e1ra a k\u00f6lni d\u00f3m l\u00e1togat\u00e1sa. A c\u00e9l az ikonikus katedr\u00e1lis fenntart\u00e1s\u00e1nak stabilabb finansz\u00edroz\u00e1sa.<\/p>\n","protected":false},"author":64,"featured_media":104217,"comment_status":"closed","ping_status":"closed","sticky":false,"template":"","format":"standard","meta":{"footnotes":""},"categories":[70],"tags":[7512,5151,1896,1519],"class_list":["post-104216","post","type-post","status-publish","format-standard","has-post-thumbnail","hentry","category-vilag","tag-belepodij","tag-koln","tag-kolni-dom","tag-turistak"],"aioseo_notices":[],"_links":{"self":[{"href":"https:\/\/www.startlap.hu\/utazas\/wp-json\/wp\/v2\/posts\/104216","targetHints":{"allow":["GET"]}}],"collection":[{"href":"https:\/\/www.startlap.hu\/utazas\/wp-json\/wp\/v2\/posts"}],"about":[{"href":"https:\/\/www.startlap.hu\/utazas\/wp-json\/wp\/v2\/types\/post"}],"author":[{"embeddable":true,"href":"https:\/\/www.startlap.hu\/utazas\/wp-json\/wp\/v2\/users\/64"}],"replies":[{"embeddable":true,"href":"https:\/\/www.startlap.hu\/utazas\/wp-json\/wp\/v2\/comments?post=104216"}],"version-history":[{"count":4,"href":"https:\/\/www.startlap.hu\/utazas\/wp-json\/wp\/v2\/posts\/104216\/revisions"}],"predecessor-version":[{"id":104246,"href":"https:\/\/www.startlap.hu\/utazas\/wp-json\/wp\/v2\/posts\/104216\/revisions\/104246"}],"wp:featuredmedia":[{"embeddable":true,"href":"https:\/\/www.startlap.hu\/utazas\/wp-json\/wp\/v2\/media\/104217"}],"wp:attachment":[{"href":"https:\/\/www.startlap.hu\/utazas\/wp-json\/wp\/v2\/media?parent=104216"}],"wp:term":[{"taxonomy":"category","embeddable":true,"href":"https:\/\/www.startlap.hu\/utazas\/wp-json\/wp\/v2\/categories?post=104216"},{"taxonomy":"post_tag","embeddable":true,"href":"https:\/\/www.startlap.hu\/utazas\/wp-json\/wp\/v2\/tags?post=104216"}],"curies":[{"name":"wp","href":"https:\/\/api.w.org\/{rel}","templated":true}]}}