{"id":104205,"date":"2026-03-13T15:33:23","date_gmt":"2026-03-13T14:33:23","guid":{"rendered":"https:\/\/www.startlap.hu\/utazas\/?p=104205"},"modified":"2026-03-12T15:09:50","modified_gmt":"2026-03-12T14:09:50","slug":"deauville-franciaorszag-filmsztarok-tengerpart","status":"publish","type":"post","link":"https:\/\/www.startlap.hu\/utazas\/deauville-franciaorszag-filmsztarok-tengerpart\/","title":{"rendered":"Eur\u00f3pai strand, ahol lovagolni sem tilos &#8211; ez a csod\u00e1s kisv\u00e1ros a hollywoodi szt\u00e1rok kedvence"},"content":{"rendered":"<p>Ha valaki egy hossz\u00fa, aranyhomokos strandr\u00f3l, eleg\u00e1ns kaszin\u00f3r\u00f3l \u00e9s filmcsillagokkal teli fesztiv\u00e1lr\u00f3l hall, k\u00f6nnyen azt gondolhatja, hogy a <a href=\"https:\/\/www.startlap.hu\/utazas\/franciaorszag-riviera-homokos-strand\/\" target=\"_blank\" rel=\"noopener\">francia Rivi\u00e9r\u00e1r\u00f3l<\/a> van sz\u00f3. Val\u00f3j\u00e1ban azonban mindez j\u00f3val \u00e9szakabbra, Normandia partjain\u00e1l tal\u00e1lhat\u00f3. A hely neve Deauville, amely a francia tengerpart egyik legeleg\u00e1nsabb \u00fcd\u00fcl\u0151v\u00e1rosa, \u00e9s \u00e9vtizedek \u00f3ta a hollywoodi szt\u00e1rok egyik kedvenc eur\u00f3pai tal\u00e1lkoz\u00f3helye &#8211; \u00edrja a <a href=\"https:\/\/www.thesun.co.uk\/travel\/38336552\/pretty-seaside-town-france-beach-hollywood\/\" target=\"_blank\" target=\"_blank\" rel=\"noopener\">Sun<\/a>.<\/p>\n\n\t<div id=\"cegPostCnt_1\" class=\"o-cegPostCnt -inContent\" data-title=\"Eur\u00f3pai strand, ahol lovagolni sem tilos &#8211; ez a csod\u00e1s kisv\u00e1ros a hollywoodi szt\u00e1rok kedvence\">\n\t\t<a class=\"o-cegPostCnt__opener m-cegOpener _ce_measure_widget _ce_measure_link\" data-ce-measure-widget=\"gallery-open\"\n   href=\"?gallery=1\/1\/normandia1\">\n\t<img decoding=\"async\" src=\"https:\/\/www.startlap.hu\/utazas\/uploads\/sites\/3\/2026\/03\/normandia1.jpg\" class=\"m-cegOpener__image\" alt=\"\" sizes=\"(max-width: 991px) 100vw, (max-width: 1039px) 66vw, 684px\" srcset=\"https:\/\/www.startlap.hu\/utazas\/uploads\/sites\/3\/2026\/03\/normandia1.jpg 1696w, https:\/\/www.startlap.hu\/utazas\/uploads\/sites\/3\/2026\/03\/normandia1-1536x1024.jpg 1536w, https:\/\/www.startlap.hu\/utazas\/uploads\/sites\/3\/2026\/03\/normandia1-755x503.jpg 755w, https:\/\/www.startlap.hu\/utazas\/uploads\/sites\/3\/2026\/03\/normandia1-525x350.jpg 525w\" \/>\t<div class=\"m-cegOpener__btn\"><i class=\"far fa-clone\"><\/i><\/div>\n<\/a>\n<div class=\"o-cegPostCnt__layer m-cegLayer _ce_measure_widget\" data-ce-measure-widget=\"gallery-layer\" style=\"display: none\">\n\t<div class=\"m-cegLayer__top m-cegHeader _ce_measure_widget\" data-ce-measure-widget=\"gallery-header\">\n\t\t\t\t\t<span class=\"m-cegHeader__logo\"><span class=\"a-cegLogo\"><\/span><\/span>\n\t\t\t\t<div class=\"m-cegHeader__imgCnt\">\n\t\t\t<img decoding=\"async\" src=\"https:\/\/www.startlap.hu\/utazas\/uploads\/sites\/3\/2026\/03\/normandia1.jpg\" class=\"m-cegHeader__imgOpener\" alt=\"\" \/>\t\t<\/div>\n\t\t<h2 class=\"m-cegHeader__title a-cegGalleryTitle\"><i class=\"fa fa-angle-left\"><\/i>Eur\u00f3pai strand, ahol lovagolni sem tilos &#8211; ez a csod\u00e1s kisv\u00e1ros a hollywoodi szt\u00e1rok kedvence<\/h2>\n\t\t<div class=\"m-cegHeader__pagination a-cegPagination\"><\/div>\n\t\t<div class=\"m-cegHeader__closeBtn close-button nlc-icon-close _ce_measure_link _ce_measure_widget\" data-ce-measure-widget=\"gallery-close-btn\"><i class=\"fa fa-times\" aria-hidden=\"true\"><\/i><\/div>\n\t<\/div>\n\t<div class=\"m-cegLayer__screen\">\n\t\t<div class=\"m-cegLayer__carousel m-cegCarousel\">\n\t\t\t\t\t\t\t\n\t\t\t\t<div\n\t\t\t\t\tclass=\"m-cegCarousel__item\"\n\t\t\t\t\tdata-type=\"image\"\n\t\t\t\t\tdata-id=\"1\/1\/normandia1\"\n\t\t\t\t\tdata-image-url=\"https:\/\/www.startlap.hu\/utazas\/uploads\/sites\/3\/2026\/03\/normandia1.jpg\"\n\t\t\t\t\tdata-title=\"normandia1\"\n\t\t\t\t\tdata-desc=\"Naplemente a normandiai Deauville kik\u00f6t\u0151j\u00e9ben \u2013 a hangulatos tengerparti v\u00e1ros eleg\u00e1ns \u00e9p\u00fcletei \u00e9s jachtjai k\u00fcl\u00f6nleges l\u00e1tv\u00e1nyt ny\u00fajtanak estefel\u00e9.\nFot\u00f3: Getty Images\">\n\n\t\t\t\t\t<!-- image -->\n\t\t\t\t\t<div class=\"m-cegCarousel__floatingCnt\">\n\t\t\t\t\t\t<img decoding=\"async\" src=\"https:\/\/www.startlap.hu\/utazas\/uploads\/sites\/3\/2026\/03\/normandia1.jpg\" class=\"m-cegCarousel__image\" alt=\"\" \/>\t\t\t\t\t\t<span class=\"fa m-cegCarousel__zoom _ce_measure_link _ce_measure_widget\" data-ce-measure-widget=\"gallery-zoom-btn\"><\/span>\n\t\t\t\t\t<\/div>\n\n\t\t\t\t\t<!-- thumb icon \/ counter, caption  -->\n\t\t\t\t\t<div class=\"m-cegCarousel__captionCnt m-cegCaption\">\n\t\t\t\t\t\t<span class=\"m-cegCaption__thumbIcon a-cegThumbIcon _ce_measure_widget _ce_measure_link\"\n\t\t\t\t\t\t\t  data-ce-measure-widget=\"thumbnails-btn\"\n\t\t\t\t\t\t\t  data-ce-measure-widget=\"gallery-thumbnails\"><i class=\" fa fa-th-large\"><\/i><\/span>\n\t\t\t\t\t\t<span class=\"m-cegCaption__pagination a-cegPagination\">\n\t\t\t\t\t\t\t<span class=\"a-cegPagination__current\">1<\/span>\/6\t\t\t\t\t\t<\/span>\n\t\t\t\t\t\t<span class=\"m-cegCaption__caption\">normandia1<\/span>\n\t\t\t\t\t<\/div>\n\n\t\t\t\t\t<!-- Image description -->\n\t\t\t\t\t<div class=\"m-cegCarousel__desc a-cegDesc\">Naplemente a normandiai Deauville kik\u00f6t\u0151j\u00e9ben \u2013 a hangulatos tengerparti v\u00e1ros eleg\u00e1ns \u00e9p\u00fcletei \u00e9s jachtjai k\u00fcl\u00f6nleges l\u00e1tv\u00e1nyt ny\u00fajtanak estefel\u00e9.\nFot\u00f3: Getty Images<\/div>\n\n\t\t\t\t\t<!-- Image social share icons -->\n\t\t\t\t\t<div class=\"m-cegCarousel__socialCnt m-cegSocial\">\n\t\t\t\t\t\t<span class=\"m-cegSocial__text\">Fot\u00f3 megoszt\u00e1sa:<\/span><span class=\"m-cegSocial__iconWrap\"><span class=\"m-cegSocial__icon -facebook _ce_measure_link _ce_measure_widget\" data-ce-measure-widget=\"facebookGallery-btn\"><i class=\"fab fa-facebook-f\"><\/i><\/span><span class=\"m-cegSocial__icon -pinterest _ce_measure_link _ce_measure_widget\" data-ce-measure-widget=\"printeresGallery-btn\"><i class=\"fab fa-pinterest-p\"><\/i><\/span><span class=\"m-cegSocial__icon -email _ce_measure_link _ce_measure_widget\" data-ce-measure-widget=\"emailGallery-btn\"><i class=\"far fa-envelope\"><\/i><\/span><span class=\"m-cegSocial__icon -clipboard _ce_measure_link _ce_measure_widget\" data-ce-measure-widget=\"clipboardGallery-btn\"><i class=\"fa fa-link\"><\/i><\/span><\/span>\t\t\t\t\t<\/div>\n\t\t\t\t<\/div>\n\t\t\t\t\t\t\t\n\t\t\t\t<div\n\t\t\t\t\tclass=\"m-cegCarousel__item\"\n\t\t\t\t\tdata-type=\"image\"\n\t\t\t\t\tdata-id=\"1\/2\/normandia2\"\n\t\t\t\t\tdata-image-url=\"https:\/\/www.startlap.hu\/utazas\/uploads\/sites\/3\/2026\/03\/normandia2.jpg\"\n\t\t\t\t\tdata-title=\"normandia2\"\n\t\t\t\t\tdata-desc=\"Deauville h\u00edres strandj\u00e1n sokan egy poh\u00e1r bor vagy k\u00e1v\u00e9 mellett \u00e9lvezik a tengerparti hangulatot a jellegzetes sz\u00ednes naperny\u0151k k\u00f6z\u00f6tt.\nFot\u00f3: Getty Images\">\n\n\t\t\t\t\t<!-- image -->\n\t\t\t\t\t<div class=\"m-cegCarousel__floatingCnt\">\n\t\t\t\t\t\t<img decoding=\"async\" src=\"https:\/\/www.startlap.hu\/utazas\/uploads\/sites\/3\/2026\/03\/normandia2.jpg\" class=\"m-cegCarousel__image\" alt=\"\" \/>\t\t\t\t\t\t<span class=\"fa m-cegCarousel__zoom _ce_measure_link _ce_measure_widget\" data-ce-measure-widget=\"gallery-zoom-btn\"><\/span>\n\t\t\t\t\t<\/div>\n\n\t\t\t\t\t<!-- thumb icon \/ counter, caption  -->\n\t\t\t\t\t<div class=\"m-cegCarousel__captionCnt m-cegCaption\">\n\t\t\t\t\t\t<span class=\"m-cegCaption__thumbIcon a-cegThumbIcon _ce_measure_widget _ce_measure_link\"\n\t\t\t\t\t\t\t  data-ce-measure-widget=\"thumbnails-btn\"\n\t\t\t\t\t\t\t  data-ce-measure-widget=\"gallery-thumbnails\"><i class=\" fa fa-th-large\"><\/i><\/span>\n\t\t\t\t\t\t<span class=\"m-cegCaption__pagination a-cegPagination\">\n\t\t\t\t\t\t\t<span class=\"a-cegPagination__current\">2<\/span>\/6\t\t\t\t\t\t<\/span>\n\t\t\t\t\t\t<span class=\"m-cegCaption__caption\">normandia2<\/span>\n\t\t\t\t\t<\/div>\n\n\t\t\t\t\t<!-- Image description -->\n\t\t\t\t\t<div class=\"m-cegCarousel__desc a-cegDesc\">Deauville h\u00edres strandj\u00e1n sokan egy poh\u00e1r bor vagy k\u00e1v\u00e9 mellett \u00e9lvezik a tengerparti hangulatot a jellegzetes sz\u00ednes naperny\u0151k k\u00f6z\u00f6tt.\nFot\u00f3: Getty Images<\/div>\n\n\t\t\t\t\t<!-- Image social share icons -->\n\t\t\t\t\t<div class=\"m-cegCarousel__socialCnt m-cegSocial\">\n\t\t\t\t\t\t<span class=\"m-cegSocial__text\">Fot\u00f3 megoszt\u00e1sa:<\/span><span class=\"m-cegSocial__iconWrap\"><span class=\"m-cegSocial__icon -facebook _ce_measure_link _ce_measure_widget\" data-ce-measure-widget=\"facebookGallery-btn\"><i class=\"fab fa-facebook-f\"><\/i><\/span><span class=\"m-cegSocial__icon -pinterest _ce_measure_link _ce_measure_widget\" data-ce-measure-widget=\"printeresGallery-btn\"><i class=\"fab fa-pinterest-p\"><\/i><\/span><span class=\"m-cegSocial__icon -email _ce_measure_link _ce_measure_widget\" data-ce-measure-widget=\"emailGallery-btn\"><i class=\"far fa-envelope\"><\/i><\/span><span class=\"m-cegSocial__icon -clipboard _ce_measure_link _ce_measure_widget\" data-ce-measure-widget=\"clipboardGallery-btn\"><i class=\"fa fa-link\"><\/i><\/span><\/span>\t\t\t\t\t<\/div>\n\t\t\t\t<\/div>\n\t\t\t\t\t\t\t\n\t\t\t\t<div\n\t\t\t\t\tclass=\"m-cegCarousel__item\"\n\t\t\t\t\tdata-type=\"image\"\n\t\t\t\t\tdata-id=\"1\/3\/normandia3\"\n\t\t\t\t\tdata-image-url=\"https:\/\/www.startlap.hu\/utazas\/uploads\/sites\/3\/2026\/03\/normandia3.jpg\"\n\t\t\t\t\tdata-title=\"normandia3\"\n\t\t\t\t\tdata-desc=\"A legend\u00e1s Les Planches s\u00e9t\u00e1ny kabinjain vil\u00e1gszt\u00e1rok nevei sorakoznak, \u00edgy a strand egyfajta hollywoodi eml\u00e9khely is lett.\nFot\u00f3: Getty Images\">\n\n\t\t\t\t\t<!-- image -->\n\t\t\t\t\t<div class=\"m-cegCarousel__floatingCnt\">\n\t\t\t\t\t\t<img decoding=\"async\" src=\"https:\/\/www.startlap.hu\/utazas\/uploads\/sites\/3\/2026\/03\/normandia3.jpg\" class=\"m-cegCarousel__image\" alt=\"Kabin szt\u00e1rok neveivel\" \/>\t\t\t\t\t\t<span class=\"fa m-cegCarousel__zoom _ce_measure_link _ce_measure_widget\" data-ce-measure-widget=\"gallery-zoom-btn\"><\/span>\n\t\t\t\t\t<\/div>\n\n\t\t\t\t\t<!-- thumb icon \/ counter, caption  -->\n\t\t\t\t\t<div class=\"m-cegCarousel__captionCnt m-cegCaption\">\n\t\t\t\t\t\t<span class=\"m-cegCaption__thumbIcon a-cegThumbIcon _ce_measure_widget _ce_measure_link\"\n\t\t\t\t\t\t\t  data-ce-measure-widget=\"thumbnails-btn\"\n\t\t\t\t\t\t\t  data-ce-measure-widget=\"gallery-thumbnails\"><i class=\" fa fa-th-large\"><\/i><\/span>\n\t\t\t\t\t\t<span class=\"m-cegCaption__pagination a-cegPagination\">\n\t\t\t\t\t\t\t<span class=\"a-cegPagination__current\">3<\/span>\/6\t\t\t\t\t\t<\/span>\n\t\t\t\t\t\t<span class=\"m-cegCaption__caption\">normandia3<\/span>\n\t\t\t\t\t<\/div>\n\n\t\t\t\t\t<!-- Image description -->\n\t\t\t\t\t<div class=\"m-cegCarousel__desc a-cegDesc\">A legend\u00e1s Les Planches s\u00e9t\u00e1ny kabinjain vil\u00e1gszt\u00e1rok nevei sorakoznak, \u00edgy a strand egyfajta hollywoodi eml\u00e9khely is lett.\nFot\u00f3: Getty Images<\/div>\n\n\t\t\t\t\t<!-- Image social share icons -->\n\t\t\t\t\t<div class=\"m-cegCarousel__socialCnt m-cegSocial\">\n\t\t\t\t\t\t<span class=\"m-cegSocial__text\">Fot\u00f3 megoszt\u00e1sa:<\/span><span class=\"m-cegSocial__iconWrap\"><span class=\"m-cegSocial__icon -facebook _ce_measure_link _ce_measure_widget\" data-ce-measure-widget=\"facebookGallery-btn\"><i class=\"fab fa-facebook-f\"><\/i><\/span><span class=\"m-cegSocial__icon -pinterest _ce_measure_link _ce_measure_widget\" data-ce-measure-widget=\"printeresGallery-btn\"><i class=\"fab fa-pinterest-p\"><\/i><\/span><span class=\"m-cegSocial__icon -email _ce_measure_link _ce_measure_widget\" data-ce-measure-widget=\"emailGallery-btn\"><i class=\"far fa-envelope\"><\/i><\/span><span class=\"m-cegSocial__icon -clipboard _ce_measure_link _ce_measure_widget\" data-ce-measure-widget=\"clipboardGallery-btn\"><i class=\"fa fa-link\"><\/i><\/span><\/span>\t\t\t\t\t<\/div>\n\t\t\t\t<\/div>\n\t\t\t\t\t\t\t\t\t\t\t\t<div\n\t\t\t\t\t\tclass=\"m-cegCarousel__item -banner\"\n\t\t\t\t\t\tdata-type=\"banner\"\n\t\t\t\t\t\tdata-id=\"1\/4\/banner\"\n\t\t\t\t\t\tdata-image-url=\"\"\n\t\t\t\t\t\tdata-title=\"\"\n\t\t\t\t\t\tdata-desc=\"\">\n\n\t\t\t\t\t\t<div class=\"m-cegCarousel__floatingCnt banner-container gallery-content010\"><\/div>\n\n\t\t\t\t\t<\/div>\n\t\t\t\t\t\t\t\t\t\n\t\t\t\t<div\n\t\t\t\t\tclass=\"m-cegCarousel__item\"\n\t\t\t\t\tdata-type=\"image\"\n\t\t\t\t\tdata-id=\"1\/5\/normandia4\"\n\t\t\t\t\tdata-image-url=\"https:\/\/www.startlap.hu\/utazas\/uploads\/sites\/3\/2026\/03\/normandia4.jpg\"\n\t\t\t\t\tdata-title=\"normandia4\"\n\t\t\t\t\tdata-desc=\"Eleg\u00e1ns \u00e9ttermek, vir\u00e1gokkal d\u00edsz\u00edtett utc\u00e1k \u00e9s t\u00f6rt\u00e9nelmi \u00e9p\u00fcletek adj\u00e1k Deauville k\u00f6zpontj\u00e1nak k\u00fcl\u00f6nleges hangulat\u00e1t.\nFot\u00f3: Getty Images\">\n\n\t\t\t\t\t<!-- image -->\n\t\t\t\t\t<div class=\"m-cegCarousel__floatingCnt\">\n\t\t\t\t\t\t<img decoding=\"async\" src=\"https:\/\/www.startlap.hu\/utazas\/uploads\/sites\/3\/2026\/03\/normandia4.jpg\" class=\"m-cegCarousel__image\" alt=\"Eleg\u00e1ns \u00e9ttermes s\u00e9t\u00e1l\u00f3utca Normandi\u00e1ban\" \/>\t\t\t\t\t\t<span class=\"fa m-cegCarousel__zoom _ce_measure_link _ce_measure_widget\" data-ce-measure-widget=\"gallery-zoom-btn\"><\/span>\n\t\t\t\t\t<\/div>\n\n\t\t\t\t\t<!-- thumb icon \/ counter, caption  -->\n\t\t\t\t\t<div class=\"m-cegCarousel__captionCnt m-cegCaption\">\n\t\t\t\t\t\t<span class=\"m-cegCaption__thumbIcon a-cegThumbIcon _ce_measure_widget _ce_measure_link\"\n\t\t\t\t\t\t\t  data-ce-measure-widget=\"thumbnails-btn\"\n\t\t\t\t\t\t\t  data-ce-measure-widget=\"gallery-thumbnails\"><i class=\" fa fa-th-large\"><\/i><\/span>\n\t\t\t\t\t\t<span class=\"m-cegCaption__pagination a-cegPagination\">\n\t\t\t\t\t\t\t<span class=\"a-cegPagination__current\">5<\/span>\/6\t\t\t\t\t\t<\/span>\n\t\t\t\t\t\t<span class=\"m-cegCaption__caption\">normandia4<\/span>\n\t\t\t\t\t<\/div>\n\n\t\t\t\t\t<!-- Image description -->\n\t\t\t\t\t<div class=\"m-cegCarousel__desc a-cegDesc\">Eleg\u00e1ns \u00e9ttermek, vir\u00e1gokkal d\u00edsz\u00edtett utc\u00e1k \u00e9s t\u00f6rt\u00e9nelmi \u00e9p\u00fcletek adj\u00e1k Deauville k\u00f6zpontj\u00e1nak k\u00fcl\u00f6nleges hangulat\u00e1t.\nFot\u00f3: Getty Images<\/div>\n\n\t\t\t\t\t<!-- Image social share icons -->\n\t\t\t\t\t<div class=\"m-cegCarousel__socialCnt m-cegSocial\">\n\t\t\t\t\t\t<span class=\"m-cegSocial__text\">Fot\u00f3 megoszt\u00e1sa:<\/span><span class=\"m-cegSocial__iconWrap\"><span class=\"m-cegSocial__icon -facebook _ce_measure_link _ce_measure_widget\" data-ce-measure-widget=\"facebookGallery-btn\"><i class=\"fab fa-facebook-f\"><\/i><\/span><span class=\"m-cegSocial__icon -pinterest _ce_measure_link _ce_measure_widget\" data-ce-measure-widget=\"printeresGallery-btn\"><i class=\"fab fa-pinterest-p\"><\/i><\/span><span class=\"m-cegSocial__icon -email _ce_measure_link _ce_measure_widget\" data-ce-measure-widget=\"emailGallery-btn\"><i class=\"far fa-envelope\"><\/i><\/span><span class=\"m-cegSocial__icon -clipboard _ce_measure_link _ce_measure_widget\" data-ce-measure-widget=\"clipboardGallery-btn\"><i class=\"fa fa-link\"><\/i><\/span><\/span>\t\t\t\t\t<\/div>\n\t\t\t\t<\/div>\n\t\t\t\t\t\t\t\n\t\t\t\t<div\n\t\t\t\t\tclass=\"m-cegCarousel__item\"\n\t\t\t\t\tdata-type=\"image\"\n\t\t\t\t\tdata-id=\"1\/6\/normandia6\"\n\t\t\t\t\tdata-image-url=\"https:\/\/www.startlap.hu\/utazas\/uploads\/sites\/3\/2026\/03\/normandia6.jpg\"\n\t\t\t\t\tdata-title=\"normandia6\"\n\t\t\t\t\tdata-desc=\"Ap\u00e1ly idej\u00e9n hatalmas homokpadok bukkannak el\u0151 Deauville strandj\u00e1n, ahol ilyenkor turist\u00e1k sz\u00e1zai s\u00e9t\u00e1lnak \u00e9s f\u00fcrdenek.\nFot\u00f3: Getty Images\">\n\n\t\t\t\t\t<!-- image -->\n\t\t\t\t\t<div class=\"m-cegCarousel__floatingCnt\">\n\t\t\t\t\t\t<img decoding=\"async\" src=\"https:\/\/www.startlap.hu\/utazas\/uploads\/sites\/3\/2026\/03\/normandia6.jpg\" class=\"m-cegCarousel__image\" alt=\"Normandiai strand a magasb\u00f3l\" \/>\t\t\t\t\t\t<span class=\"fa m-cegCarousel__zoom _ce_measure_link _ce_measure_widget\" data-ce-measure-widget=\"gallery-zoom-btn\"><\/span>\n\t\t\t\t\t<\/div>\n\n\t\t\t\t\t<!-- thumb icon \/ counter, caption  -->\n\t\t\t\t\t<div class=\"m-cegCarousel__captionCnt m-cegCaption\">\n\t\t\t\t\t\t<span class=\"m-cegCaption__thumbIcon a-cegThumbIcon _ce_measure_widget _ce_measure_link\"\n\t\t\t\t\t\t\t  data-ce-measure-widget=\"thumbnails-btn\"\n\t\t\t\t\t\t\t  data-ce-measure-widget=\"gallery-thumbnails\"><i class=\" fa fa-th-large\"><\/i><\/span>\n\t\t\t\t\t\t<span class=\"m-cegCaption__pagination a-cegPagination\">\n\t\t\t\t\t\t\t<span class=\"a-cegPagination__current\">6<\/span>\/6\t\t\t\t\t\t<\/span>\n\t\t\t\t\t\t<span class=\"m-cegCaption__caption\">normandia6<\/span>\n\t\t\t\t\t<\/div>\n\n\t\t\t\t\t<!-- Image description -->\n\t\t\t\t\t<div class=\"m-cegCarousel__desc a-cegDesc\">Ap\u00e1ly idej\u00e9n hatalmas homokpadok bukkannak el\u0151 Deauville strandj\u00e1n, ahol ilyenkor turist\u00e1k sz\u00e1zai s\u00e9t\u00e1lnak \u00e9s f\u00fcrdenek.\nFot\u00f3: Getty Images<\/div>\n\n\t\t\t\t\t<!-- Image social share icons -->\n\t\t\t\t\t<div class=\"m-cegCarousel__socialCnt m-cegSocial\">\n\t\t\t\t\t\t<span class=\"m-cegSocial__text\">Fot\u00f3 megoszt\u00e1sa:<\/span><span class=\"m-cegSocial__iconWrap\"><span class=\"m-cegSocial__icon -facebook _ce_measure_link _ce_measure_widget\" data-ce-measure-widget=\"facebookGallery-btn\"><i class=\"fab fa-facebook-f\"><\/i><\/span><span class=\"m-cegSocial__icon -pinterest _ce_measure_link _ce_measure_widget\" data-ce-measure-widget=\"printeresGallery-btn\"><i class=\"fab fa-pinterest-p\"><\/i><\/span><span class=\"m-cegSocial__icon -email _ce_measure_link _ce_measure_widget\" data-ce-measure-widget=\"emailGallery-btn\"><i class=\"far fa-envelope\"><\/i><\/span><span class=\"m-cegSocial__icon -clipboard _ce_measure_link _ce_measure_widget\" data-ce-measure-widget=\"clipboardGallery-btn\"><i class=\"fa fa-link\"><\/i><\/span><\/span>\t\t\t\t\t<\/div>\n\t\t\t\t<\/div>\n\t\t\t\t\t\t\t\t<\/div>\n\t\t<div class=\"m-cegLayer__thumbnails m-cegThumbList _ce_measure_widget\" data-ce-measure-widget=\"gallery-thumb-list\">\n\t\t\t\t\t\t\t\t\t\t\t<div class=\"m-cegThumbList__item\"\n\t\t\t\t\tdata-id=\"1\/1\/normandia1\"\n\t\t\t\t\tdata-index=\"0\">\n\t\t\t\t\t<img decoding=\"async\" src=\"https:\/\/www.startlap.hu\/utazas\/uploads\/sites\/3\/2026\/03\/normandia1.jpg\" class=\"m-cegThumbList__image _ce_measure_link\" alt=\"\" \/>\t\t\t\t<\/div>\n\t\t\t\t\t\t\t\t\t\t\t<div class=\"m-cegThumbList__item\"\n\t\t\t\t\tdata-id=\"1\/2\/normandia2\"\n\t\t\t\t\tdata-index=\"1\">\n\t\t\t\t\t<img decoding=\"async\" src=\"https:\/\/www.startlap.hu\/utazas\/uploads\/sites\/3\/2026\/03\/normandia2.jpg\" class=\"m-cegThumbList__image _ce_measure_link\" alt=\"\" \/>\t\t\t\t<\/div>\n\t\t\t\t\t\t\t\t\t\t\t<div class=\"m-cegThumbList__item\"\n\t\t\t\t\tdata-id=\"1\/3\/normandia3\"\n\t\t\t\t\tdata-index=\"2\">\n\t\t\t\t\t<img decoding=\"async\" src=\"https:\/\/www.startlap.hu\/utazas\/uploads\/sites\/3\/2026\/03\/normandia3.jpg\" class=\"m-cegThumbList__image _ce_measure_link\" alt=\"Kabin szt\u00e1rok neveivel\" \/>\t\t\t\t<\/div>\n\t\t\t\t\t\t\t\t\t\t\t\t\t\t\t<div class=\"m-cegThumbList__item\"\n\t\t\t\t\tdata-id=\"1\/5\/normandia4\"\n\t\t\t\t\tdata-index=\"4\">\n\t\t\t\t\t<img decoding=\"async\" src=\"https:\/\/www.startlap.hu\/utazas\/uploads\/sites\/3\/2026\/03\/normandia4.jpg\" class=\"m-cegThumbList__image _ce_measure_link\" alt=\"Eleg\u00e1ns \u00e9ttermes s\u00e9t\u00e1l\u00f3utca Normandi\u00e1ban\" \/>\t\t\t\t<\/div>\n\t\t\t\t\t\t\t\t\t\t\t<div class=\"m-cegThumbList__item\"\n\t\t\t\t\tdata-id=\"1\/6\/normandia6\"\n\t\t\t\t\tdata-index=\"5\">\n\t\t\t\t\t<img decoding=\"async\" src=\"https:\/\/www.startlap.hu\/utazas\/uploads\/sites\/3\/2026\/03\/normandia6.jpg\" class=\"m-cegThumbList__image _ce_measure_link\" alt=\"Normandiai strand a magasb\u00f3l\" \/>\t\t\t\t<\/div>\n\t\t\t\t\t<\/div>\n\t<\/div>\n\t<div class=\"m-cegLayer__sidebar m-cegSidebar _ce_measure_widget\" data-ce-measure-widget=\"gallery-sidebar\">\n\n\t\t<div class=\"m-cegSidebar__desc a-cegDesc _ce_measure_widget\" data-ce-measure-widget=\"gallery-desc\"><\/div>\n\n\t\t<div class=\"m-cegSidebar__socialCnt m-cegSocial -sidebar _ce_measure_widget\" data-ce-measure-widget=\"gallery-social\">\n\t\t\t<span class=\"m-cegSocial__text\">Fot\u00f3 megoszt\u00e1sa:<\/span><span class=\"m-cegSocial__iconWrap\"><span class=\"m-cegSocial__icon -facebook _ce_measure_link _ce_measure_widget\" data-ce-measure-widget=\"facebookGallery-btn\"><i class=\"fab fa-facebook-f\"><\/i><\/span><span class=\"m-cegSocial__icon -pinterest _ce_measure_link _ce_measure_widget\" data-ce-measure-widget=\"printeresGallery-btn\"><i class=\"fab fa-pinterest-p\"><\/i><\/span><span class=\"m-cegSocial__icon -email _ce_measure_link _ce_measure_widget\" data-ce-measure-widget=\"emailGallery-btn\"><i class=\"far fa-envelope\"><\/i><\/span><span class=\"m-cegSocial__icon -clipboard _ce_measure_link _ce_measure_widget\" data-ce-measure-widget=\"clipboardGallery-btn\"><i class=\"fa fa-link\"><\/i><\/span><\/span>\t\t<\/div>\n\n\t\t<div class=\"gallery-right010 banner-container\"><\/div>\n\t\t<div class=\"gallery-right020 banner-container\"><\/div>\n\n\t<\/div>\n<\/div>\n\t<\/div>\n\n\t<script>\n\t\tjQuery(function () {\n\t\t\tvar id = '#cegPostCnt_1';\n\t\t\tjQuery( id ).articleGallery({\n\t\t\t\tonChanged: function (event) {\n\t\t\t\t\t\tthis.renderSidebarCTS( 'gallery-right010' );\n\t\t\t\t\t\tthis.renderSidebarCTS( 'gallery-right020' );\n\t\t\t\t\t\tthis.renderBannerSlideCTS(  event,\n\t\t\t\t\t\t\t\t\t\t\t\t\t[\n\t\t\t\t\t\t\t\t\t\t\t\t\t\t'gallery-content010',\n\t\t\t\t\t\t\t\t\t\t\t\t\t\t'gallery-content020',\n\t\t\t\t\t\t\t\t\t\t\t\t\t\t'gallery-content030'\n\t\t\t\t\t\t\t\t\t\t\t\t\t]);\n\t\t\t\t}\n\t\t\t});\n\t\t});\n\t<\/script>\t\n<p>A La Manche csatorna partj\u00e1n fekv\u0151 kisv\u00e1ros klasszikus normandiai \u00fcd\u00fcl\u0151hely: hatalmas homokos stranddal, ikonikus s\u00e9t\u00e1nnyal \u00e9s egy olyan filmfesztiv\u00e1llal, amely minden \u00e9vben vil\u00e1gszt\u00e1rokat vonz a telep\u00fcl\u00e9sre.<\/p>\n<div class=\"o-widget m-readMoreWidget -readMore u-shortDecorLineAfter row widget-container _ce_measure_widget bigdata-widget read-more\" data-ce-measure-widget=\"olvass tov\u00e1bb\">\n\t<div class=\"m-readMoreWidget__imgWrapper image-wrapper col-12 col-md-4 no-p\">\n\t\t<a class=\"m-readMoreWidget__imgLink\" href=\"https:\/\/www.startlap.hu\/utazas\/strand-kincsesbanya-megszunik\/\" >\n\t\t\t<img decoding=\"async\" src=\"https:\/\/www.startlap.hu\/utazas\/uploads\/sites\/3\/2026\/02\/GettyImages-914641336_11zon-350x285.jpg\" class=\"m-readMoreWidget__img\">\n\t\t<\/a>\n\t<\/div>\n\t<div class=\"m-readMoreWidget__titleWrapper title-wrapper col-12 col-md-8\">\n\t\t<span class=\"m-readMoreWidget__titleLabel u-shortDecorLineBefore label hidden-sm-up\">Ez is \u00e9rdekelhet:<\/span>\n\t\t<h3 class=\"m-readMoreWidget__title title\">\n\t\t\t<a class=\"m-readMoreWidget__titleLink -secondFont u-bold u-upperCase\" href=\"https:\/\/www.startlap.hu\/utazas\/strand-kincsesbanya-megszunik\/\" >Nyoma sem marad a strandnak az egyik legszebb nev\u0171 magyar telep\u00fcl\u00e9sen &#8211; egyszer\u0171en bet\u00f6mik a medenc\u00e9t!<\/a>\n\t\t<\/h3>\n\t\t<a class=\"m-readMoreWidget__btn -coloredBack u-tC link\" href=\"https:\/\/www.startlap.hu\/utazas\/strand-kincsesbanya-megszunik\/\" >Elolvasom<\/a>\n\t<\/div>\n<\/div>\n<h2>Hollywood a normandiai partokon<\/h2>\n<p>Deauville minden szeptemberben a filmvil\u00e1g k\u00f6zpontj\u00e1v\u00e1 v\u00e1lik, amikor megrendezik az Amerikai Filmfesztiv\u00e1lt. A rangos esem\u00e9nyen az \u00e9vek sor\u00e1n sz\u00e1mos <a href=\"https:\/\/www.startlap.hu\/utazas\/hollywood-felirat-los-angeles-film-fotok\/\" target=\"_blank\" rel=\"noopener\">hollywoodi<\/a> szt\u00e1r megfordult m\u00e1r, k\u00f6zt\u00fck Clint Eastwood, George Clooney, Sharon Stone \u00e9s Johnny Depp. A fesztiv\u00e1l nemcsak ideiglenesen hozza a v\u00e1rosba a h\u00edress\u00e9geket: sokuk neve \u00f6r\u00f6kre ott marad a h\u00edres tengerparti s\u00e9t\u00e1nyon. A strand ment\u00e9n \u00e1ll\u00f3, ikonikus f\u00fcrd\u0151kabinok mindegyik\u00e9n egy-egy filmszt\u00e1r neve olvashat\u00f3. A s\u00e9t\u00e1nyon s\u00e9t\u00e1lva olyan legend\u00e1k neveivel tal\u00e1lkozhatunk, mint Gene Kelly, Cate Blanchett vagy Keanu Reeves.<\/p>\n<blockquote class=\"article__extraTxt\"><p>Az idei fesztiv\u00e1lt szeptember 4. \u00e9s 16. k\u00f6z\u00f6tt rendezik meg.<\/p><\/blockquote>\n<p>Deauville nemcsak a filmrajong\u00f3k sz\u00e1m\u00e1ra k\u00fcl\u00f6nleges. A divatt\u00f6rt\u00e9netben is fontos szerepet j\u00e1tszik, hiszen Coco Chanel itt nyitotta meg els\u0151 butikj\u00e1t 1913-ban. A legend\u00e1s \u00fczlet a Rue Lucien Barri\u00e8re 13. sz\u00e1m alatt m\u0171k\u00f6d\u00f6tt eg\u00e9szen 1939-ig, amikor a m\u00e1sodik vil\u00e1gh\u00e1bor\u00fa kit\u00f6r\u00e9se miatt bez\u00e1rt. B\u00e1r ma m\u00e1r nem m\u0171k\u00f6dik, a helysz\u00edn m\u00e9g mindig fontos eml\u00e9ke a francia divat t\u00f6rt\u00e9net\u00e9nek.<\/p>\n<h2>L\u00f3versenyek \u00e9s eleg\u00e1ns kaszin\u00f3k<\/h2>\n<p>A v\u00e1ros m\u00e1sik nagy vonzereje a l\u00f3versenyz\u00e9s. Deauville hossz\u00fa m\u00faltra tekint vissza a l\u00f3teny\u00e9szt\u00e9s \u00e9s a versenyek vil\u00e1g\u00e1ban, \u00e9s itt tal\u00e1lhat\u00f3 a h\u00edres Deauville-La Touques versenyp\u00e1lya. A p\u00e1lya a vil\u00e1g egyik legismertebb l\u00f3versenyhelysz\u00edne, k\u00fcl\u00f6n\u00f6sen a ny\u00e1ri szezonban. A legnagyobb esem\u00e9ny az augusztusban megrendezett Barri\u00e8re Deauville Meeting, amelyen a sport\u00e1g legmagasabb kateg\u00f3ri\u00e1j\u00e1ba tartoz\u00f3, \u00fagynevezett Group 1 futamokat is rendeznek.<\/p>\n<p>A tengerpart k\u00f6zel\u00e9ben \u00e1ll a v\u00e1ros ikonikus kaszin\u00f3ja, a Casino Barri\u00e8re Deauville. A<strong>z \u00e9p\u00fcletben mintegy 300 j\u00e1t\u00e9kg\u00e9p, valamint klasszikus rulett- \u00e9s blackjackasztalok v\u00e1rj\u00e1k a vend\u00e9geket.<\/strong> A komplexumban mozi, sz\u00ednh\u00e1z \u00e9s \u00e9jszakai klub is m\u0171k\u00f6dik.<\/p>\n<h2>Az egyik legszebb strand Franciaorsz\u00e1gban<\/h2>\n<p>A legt\u00f6bb l\u00e1togat\u00f3 azonban els\u0151sorban a tengerpart miatt \u00e9rkezik. A Plage de Deauville k\u00f6r\u00fclbel\u00fcl 2 kilom\u00e9ter hossz\u00fa, finom homokos strand, amelyet mintegy 450 sz\u00ednes naperny\u0151 tark\u00edt. <strong>Ezek a jellegzetes erny\u0151k nem egyszer\u0171 strandkell\u00e9kek: mindegyiket helyi m\u0171helyekben k\u00e9sz\u00edtik, \u00edgy igazi deauville-i k\u00fcl\u00f6nlegess\u00e9gnek sz\u00e1m\u00edtanak.<\/strong><\/p>\n<p>A strand rendk\u00edv\u00fcl n\u00e9pszer\u0171 a turist\u00e1k \u00e9s a helyiek k\u00f6r\u00e9ben egyar\u00e1nt. T\u00f6bben Franciaorsz\u00e1g egyik legszebb tengerpartjak\u00e9nt emlegetik, m\u00e1sok egyszer\u0171en szenz\u00e1ci\u00f3snak nevezik.<\/p>\n<blockquote class=\"article__extraTxt\"><p>K\u00fcl\u00f6nleges l\u00e1tv\u00e1ny, hogy a lovasok is haszn\u00e1lhatj\u00e1k a partot: reggel 10 \u00f3ra el\u0151tt \u00e9s este 7 \u00f3ra ut\u00e1n a lovagl\u00e1s is enged\u00e9lyezett a homokon.<\/p><\/blockquote>\n<p>A strand k\u00f6zel\u00e9ben 22 \u00fczlet \u00e9s b\u00e1r tal\u00e1lhat\u00f3, valamint egy tengervizes olimpiai m\u00e9ret\u0171 \u00fasz\u00f3medence, lovasiskola \u00e9s teniszklub is gyalogos t\u00e1vols\u00e1gon bel\u00fcl el\u00e9rhet\u0151.<\/p>\n<h2>Normandiai vill\u00e1k \u00e9s t\u00f6rt\u00e9nelmi \u00e9p\u00fcletek<\/h2>\n<p>Deauville utc\u00e1in s\u00e9t\u00e1lva felt\u0171nnek a magas, fav\u00e1zas normandiai vill\u00e1k meredek tet\u0151kkel, ezek adj\u00e1k a v\u00e1ros egyik legjellegzetesebb hangulat\u00e1t. A legismertebb k\u00f6z\u00fcl\u00fck a Villa Strassburger, amelyet a caeni \u00e9p\u00edt\u00e9sz, Georges Pichereau tervezett. A vill\u00e1t 1907-ben \u00e9p\u00edtett\u00e9k Henri de Rothschild b\u00e1r\u00f3 sz\u00e1m\u00e1ra, aki a l\u00f3versenyz\u00e9s nagy rajong\u00f3ja volt. Az \u00e9p\u00fcletet 1975-ben m\u0171eml\u00e9kk\u00e9 nyilv\u00e1n\u00edtott\u00e1k. A l\u00e1togat\u00f3k a ny\u00e1ri h\u00f3napokban vezetett t\u00fara keret\u00e9ben a bels\u0151 tereket is megtekinthetik.<\/p>\n<h2>A szomsz\u00e9dos Trouville-sur-Mer: a gasztron\u00f3mia fellegv\u00e1ra<\/h2>\n<p>Deauville k\u00f6zel\u00e9ben tal\u00e1lhat\u00f3 Trouville-sur-Mer, amely m\u00e1r a 19. sz\u00e1zad \u00f3ta n\u00e9pszer\u0171 \u00fcd\u00fcl\u0151hely a nyaral\u00f3k k\u00f6r\u00e9ben. A v\u00e1ros hatalmas homokos strandj\u00e1r\u00f3l \u00e9s kiv\u00e1l\u00f3 konyh\u00e1j\u00e1r\u00f3l ismert. A helyi gasztron\u00f3mia k\u00fcl\u00f6n\u00f6sen h\u00edres a palacsint\u00e1ir\u00f3l. A tenger k\u00f6zels\u00e9ge miatt a kagyl\u00f3\u00e9telek, k\u00fcl\u00f6n\u00f6sen a moules is rendk\u00edv\u00fcl n\u00e9pszer\u0171ek. A halpiaccal szemben tal\u00e1lhat\u00f3 Le Central \u00e9tterem p\u00e9ld\u00e1ul a k\u00f6rny\u00e9k egyik legismertebb helye, ahol a friss tengeri fog\u00e1sok mellett helyi borokat \u00e9s a r\u00e9gi\u00f3 jellegzetes almaborp\u00e1rlat\u00e1t, a Calvadost is megk\u00f3stolhatj\u00e1k a vend\u00e9gek.<\/p>\n<div class=\"o-widget m-readMoreWidget -readMore u-shortDecorLineAfter row widget-container _ce_measure_widget bigdata-widget read-more\" data-ce-measure-widget=\"olvass tov\u00e1bb\">\n\t<div class=\"m-readMoreWidget__imgWrapper image-wrapper col-12 col-md-4 no-p\">\n\t\t<a class=\"m-readMoreWidget__imgLink\" href=\"https:\/\/www.startlap.hu\/utazas\/legkevesbe-felkapott-uti-celok-europa\/\" >\n\t\t\t<img decoding=\"async\" src=\"https:\/\/www.startlap.hu\/utazas\/uploads\/sites\/3\/2026\/03\/lichtenstein-350x285.jpg\" class=\"m-readMoreWidget__img\">\n\t\t<\/a>\n\t<\/div>\n\t<div class=\"m-readMoreWidget__titleWrapper title-wrapper col-12 col-md-8\">\n\t\t<span class=\"m-readMoreWidget__titleLabel u-shortDecorLineBefore label hidden-sm-up\">Ez is \u00e9rdekelhet:<\/span>\n\t\t<h3 class=\"m-readMoreWidget__title title\">\n\t\t\t<a class=\"m-readMoreWidget__titleLink -secondFont u-bold u-upperCase\" href=\"https:\/\/www.startlap.hu\/utazas\/legkevesbe-felkapott-uti-celok-europa\/\" >Ezek Eur\u00f3pa legkev\u00e9sb\u00e9 felkapott \u00fati c\u00e9ljai: val\u00f3di rejtett kincsek!<\/a>\n\t\t<\/h3>\n\t\t<a class=\"m-readMoreWidget__btn -coloredBack u-tC link\" href=\"https:\/\/www.startlap.hu\/utazas\/legkevesbe-felkapott-uti-celok-europa\/\" >Elolvasom<\/a>\n\t<\/div>\n<\/div>\n","protected":false},"excerpt":{"rendered":"<p>Aranyhomokos strand, szt\u00e1rok nyomai a s\u00e9t\u00e1nyon: Deauville a francia tengerpart egyik legeleg\u00e1nsabb, m\u00e9gis kev\u00e9ss\u00e9 ismert \u00fcd\u00fcl\u0151helye.<\/p>\n","protected":false},"author":64,"featured_media":104207,"comment_status":"closed","ping_status":"closed","sticky":false,"template":"","format":"standard","meta":{"footnotes":""},"categories":[70],"tags":[229,795,18],"class_list":["post-104205","post","type-post","status-publish","format-standard","has-post-thumbnail","hentry","category-vilag","tag-franciaorszag","tag-hollywood","tag-tengerpart"],"aioseo_notices":[],"_links":{"self":[{"href":"https:\/\/www.startlap.hu\/utazas\/wp-json\/wp\/v2\/posts\/104205","targetHints":{"allow":["GET"]}}],"collection":[{"href":"https:\/\/www.startlap.hu\/utazas\/wp-json\/wp\/v2\/posts"}],"about":[{"href":"https:\/\/www.startlap.hu\/utazas\/wp-json\/wp\/v2\/types\/post"}],"author":[{"embeddable":true,"href":"https:\/\/www.startlap.hu\/utazas\/wp-json\/wp\/v2\/users\/64"}],"replies":[{"embeddable":true,"href":"https:\/\/www.startlap.hu\/utazas\/wp-json\/wp\/v2\/comments?post=104205"}],"version-history":[{"count":6,"href":"https:\/\/www.startlap.hu\/utazas\/wp-json\/wp\/v2\/posts\/104205\/revisions"}],"predecessor-version":[{"id":104272,"href":"https:\/\/www.startlap.hu\/utazas\/wp-json\/wp\/v2\/posts\/104205\/revisions\/104272"}],"wp:featuredmedia":[{"embeddable":true,"href":"https:\/\/www.startlap.hu\/utazas\/wp-json\/wp\/v2\/media\/104207"}],"wp:attachment":[{"href":"https:\/\/www.startlap.hu\/utazas\/wp-json\/wp\/v2\/media?parent=104205"}],"wp:term":[{"taxonomy":"category","embeddable":true,"href":"https:\/\/www.startlap.hu\/utazas\/wp-json\/wp\/v2\/categories?post=104205"},{"taxonomy":"post_tag","embeddable":true,"href":"https:\/\/www.startlap.hu\/utazas\/wp-json\/wp\/v2\/tags?post=104205"}],"curies":[{"name":"wp","href":"https:\/\/api.w.org\/{rel}","templated":true}]}}