{"id":104194,"date":"2026-03-10T18:33:25","date_gmt":"2026-03-10T17:33:25","guid":{"rendered":"https:\/\/www.startlap.hu\/utazas\/?p=104194"},"modified":"2026-03-10T12:58:25","modified_gmt":"2026-03-10T11:58:25","slug":"spanyolorszag-falu-szikla-katalonia","status":"publish","type":"post","link":"https:\/\/www.startlap.hu\/utazas\/spanyolorszag-falu-szikla-katalonia\/","title":{"rendered":"Hajmereszt\u0151en keskeny szikl\u00e1ra \u00e9p\u00fclt a falu, m\u00e9gis k\u00f6zel 1000 lakosa van"},"content":{"rendered":"<p>Spanyolorsz\u00e1g egyik legk\u00fcl\u00f6nlegesebb telep\u00fcl\u00e9se nem egy hatalmas v\u00e1ros, hanem egy alig ezer lakos\u00fa falu <a href=\"https:\/\/www.startlap.hu\/utazas\/katalonia-pireneusok-mur-elhagyatott\/\" target=\"_blank\" rel=\"noopener\">Katal\u00f3ni\u00e1ban<\/a>. A ter\u00fclete m\u00e9g az egy n\u00e9gyzetkilom\u00e9tert sem \u00e9ri el, m\u00e9gis az Ib\u00e9riai-f\u00e9lsziget egyik legl\u00e1tv\u00e1nyosabb helye.<\/p>\n\n\t<div id=\"cegPostCnt_1\" class=\"o-cegPostCnt -inContent\" data-title=\"Hajmereszt\u0151en keskeny szikl\u00e1ra \u00e9p\u00fclt a falu, m\u00e9gis k\u00f6zel 1000 lakosa van\">\n\t\t<a class=\"o-cegPostCnt__opener m-cegOpener _ce_measure_widget _ce_measure_link\" data-ce-measure-widget=\"gallery-open\"\n   href=\"?gallery=1\/1\/GettyImages-1011876796_11zon\">\n\t<img decoding=\"async\" src=\"https:\/\/www.startlap.hu\/utazas\/uploads\/sites\/3\/2026\/03\/GettyImages-1011876796_11zon.jpg\" class=\"m-cegOpener__image\" alt=\"Katal\u00e1n sziklafalu a magasb\u00f3l\" sizes=\"(max-width: 991px) 100vw, (max-width: 1039px) 66vw, 684px\" srcset=\"https:\/\/www.startlap.hu\/utazas\/uploads\/sites\/3\/2026\/03\/GettyImages-1011876796_11zon.jpg 1600w, https:\/\/www.startlap.hu\/utazas\/uploads\/sites\/3\/2026\/03\/GettyImages-1011876796_11zon-1536x1151.jpg 1536w, https:\/\/www.startlap.hu\/utazas\/uploads\/sites\/3\/2026\/03\/GettyImages-1011876796_11zon-755x566.jpg 755w, https:\/\/www.startlap.hu\/utazas\/uploads\/sites\/3\/2026\/03\/GettyImages-1011876796_11zon-85x65.jpg 85w, https:\/\/www.startlap.hu\/utazas\/uploads\/sites\/3\/2026\/03\/GettyImages-1011876796_11zon-467x350.jpg 467w\" \/>\t<div class=\"m-cegOpener__btn\"><i class=\"far fa-clone\"><\/i><\/div>\n<\/a>\n<div class=\"o-cegPostCnt__layer m-cegLayer _ce_measure_widget\" data-ce-measure-widget=\"gallery-layer\" style=\"display: none\">\n\t<div class=\"m-cegLayer__top m-cegHeader _ce_measure_widget\" data-ce-measure-widget=\"gallery-header\">\n\t\t\t\t\t<span class=\"m-cegHeader__logo\"><span class=\"a-cegLogo\"><\/span><\/span>\n\t\t\t\t<div class=\"m-cegHeader__imgCnt\">\n\t\t\t<img decoding=\"async\" src=\"https:\/\/www.startlap.hu\/utazas\/uploads\/sites\/3\/2026\/03\/GettyImages-1011876796_11zon.jpg\" class=\"m-cegHeader__imgOpener\" alt=\"Katal\u00e1n sziklafalu a magasb\u00f3l\" \/>\t\t<\/div>\n\t\t<h2 class=\"m-cegHeader__title a-cegGalleryTitle\"><i class=\"fa fa-angle-left\"><\/i>Hajmereszt\u0151en keskeny szikl\u00e1ra \u00e9p\u00fclt a falu, m\u00e9gis k\u00f6zel 1000 lakosa van<\/h2>\n\t\t<div class=\"m-cegHeader__pagination a-cegPagination\"><\/div>\n\t\t<div class=\"m-cegHeader__closeBtn close-button nlc-icon-close _ce_measure_link _ce_measure_widget\" data-ce-measure-widget=\"gallery-close-btn\"><i class=\"fa fa-times\" aria-hidden=\"true\"><\/i><\/div>\n\t<\/div>\n\t<div class=\"m-cegLayer__screen\">\n\t\t<div class=\"m-cegLayer__carousel m-cegCarousel\">\n\t\t\t\t\t\t\t\n\t\t\t\t<div\n\t\t\t\t\tclass=\"m-cegCarousel__item\"\n\t\t\t\t\tdata-type=\"image\"\n\t\t\t\t\tdata-id=\"1\/1\/GettyImages-1011876796_11zon\"\n\t\t\t\t\tdata-image-url=\"https:\/\/www.startlap.hu\/utazas\/uploads\/sites\/3\/2026\/03\/GettyImages-1011876796_11zon.jpg\"\n\t\t\t\t\tdata-title=\"katalonia\"\n\t\t\t\t\tdata-desc=\"L\u00e9gi felv\u00e9tel Castellfollit de la Roc\u00e1r\u00f3l, ahol a telep\u00fcl\u00e9s hossz\u00fa sora a meredek bazaltszikla perem\u00e9n h\u00faz\u00f3dik v\u00e9gig. Fot\u00f3: Getty Images\">\n\n\t\t\t\t\t<!-- image -->\n\t\t\t\t\t<div class=\"m-cegCarousel__floatingCnt\">\n\t\t\t\t\t\t<img decoding=\"async\" src=\"https:\/\/www.startlap.hu\/utazas\/uploads\/sites\/3\/2026\/03\/GettyImages-1011876796_11zon.jpg\" class=\"m-cegCarousel__image\" alt=\"Katal\u00e1n sziklafalu a magasb\u00f3l\" \/>\t\t\t\t\t\t<span class=\"fa m-cegCarousel__zoom _ce_measure_link _ce_measure_widget\" data-ce-measure-widget=\"gallery-zoom-btn\"><\/span>\n\t\t\t\t\t<\/div>\n\n\t\t\t\t\t<!-- thumb icon \/ counter, caption  -->\n\t\t\t\t\t<div class=\"m-cegCarousel__captionCnt m-cegCaption\">\n\t\t\t\t\t\t<span class=\"m-cegCaption__thumbIcon a-cegThumbIcon _ce_measure_widget _ce_measure_link\"\n\t\t\t\t\t\t\t  data-ce-measure-widget=\"thumbnails-btn\"\n\t\t\t\t\t\t\t  data-ce-measure-widget=\"gallery-thumbnails\"><i class=\" fa fa-th-large\"><\/i><\/span>\n\t\t\t\t\t\t<span class=\"m-cegCaption__pagination a-cegPagination\">\n\t\t\t\t\t\t\t<span class=\"a-cegPagination__current\">1<\/span>\/6\t\t\t\t\t\t<\/span>\n\t\t\t\t\t\t<span class=\"m-cegCaption__caption\">katalonia<\/span>\n\t\t\t\t\t<\/div>\n\n\t\t\t\t\t<!-- Image description -->\n\t\t\t\t\t<div class=\"m-cegCarousel__desc a-cegDesc\">L\u00e9gi felv\u00e9tel Castellfollit de la Roc\u00e1r\u00f3l, ahol a telep\u00fcl\u00e9s hossz\u00fa sora a meredek bazaltszikla perem\u00e9n h\u00faz\u00f3dik v\u00e9gig. Fot\u00f3: Getty Images<\/div>\n\n\t\t\t\t\t<!-- Image social share icons -->\n\t\t\t\t\t<div class=\"m-cegCarousel__socialCnt m-cegSocial\">\n\t\t\t\t\t\t<span class=\"m-cegSocial__text\">Fot\u00f3 megoszt\u00e1sa:<\/span><span class=\"m-cegSocial__iconWrap\"><span class=\"m-cegSocial__icon -facebook _ce_measure_link _ce_measure_widget\" data-ce-measure-widget=\"facebookGallery-btn\"><i class=\"fab fa-facebook-f\"><\/i><\/span><span class=\"m-cegSocial__icon -pinterest _ce_measure_link _ce_measure_widget\" data-ce-measure-widget=\"printeresGallery-btn\"><i class=\"fab fa-pinterest-p\"><\/i><\/span><span class=\"m-cegSocial__icon -email _ce_measure_link _ce_measure_widget\" data-ce-measure-widget=\"emailGallery-btn\"><i class=\"far fa-envelope\"><\/i><\/span><span class=\"m-cegSocial__icon -clipboard _ce_measure_link _ce_measure_widget\" data-ce-measure-widget=\"clipboardGallery-btn\"><i class=\"fa fa-link\"><\/i><\/span><\/span>\t\t\t\t\t<\/div>\n\t\t\t\t<\/div>\n\t\t\t\t\t\t\t\n\t\t\t\t<div\n\t\t\t\t\tclass=\"m-cegCarousel__item\"\n\t\t\t\t\tdata-type=\"image\"\n\t\t\t\t\tdata-id=\"1\/2\/GettyImages-1283562688_11zon\"\n\t\t\t\t\tdata-image-url=\"https:\/\/www.startlap.hu\/utazas\/uploads\/sites\/3\/2026\/03\/GettyImages-1283562688_11zon.jpg\"\n\t\t\t\t\tdata-title=\"katalonia\"\n\t\t\t\t\tdata-desc=\"Hagyom\u00e1nyos katal\u00e1n k\u0151h\u00e1z Castellfollit de la Roca egyik csendes utc\u00e1j\u00e1ban, a Garrotxa r\u00e9gi\u00f3 jellegzetes \u00e9p\u00edt\u00e9szeti st\u00edlus\u00e1val. Fot\u00f3: Getty Images\">\n\n\t\t\t\t\t<!-- image -->\n\t\t\t\t\t<div class=\"m-cegCarousel__floatingCnt\">\n\t\t\t\t\t\t<img decoding=\"async\" src=\"https:\/\/www.startlap.hu\/utazas\/uploads\/sites\/3\/2026\/03\/GettyImages-1283562688_11zon.jpg\" class=\"m-cegCarousel__image\" alt=\"Katal\u00e1n sziklafalu h\u00e1za\" \/>\t\t\t\t\t\t<span class=\"fa m-cegCarousel__zoom _ce_measure_link _ce_measure_widget\" data-ce-measure-widget=\"gallery-zoom-btn\"><\/span>\n\t\t\t\t\t<\/div>\n\n\t\t\t\t\t<!-- thumb icon \/ counter, caption  -->\n\t\t\t\t\t<div class=\"m-cegCarousel__captionCnt m-cegCaption\">\n\t\t\t\t\t\t<span class=\"m-cegCaption__thumbIcon a-cegThumbIcon _ce_measure_widget _ce_measure_link\"\n\t\t\t\t\t\t\t  data-ce-measure-widget=\"thumbnails-btn\"\n\t\t\t\t\t\t\t  data-ce-measure-widget=\"gallery-thumbnails\"><i class=\" fa fa-th-large\"><\/i><\/span>\n\t\t\t\t\t\t<span class=\"m-cegCaption__pagination a-cegPagination\">\n\t\t\t\t\t\t\t<span class=\"a-cegPagination__current\">2<\/span>\/6\t\t\t\t\t\t<\/span>\n\t\t\t\t\t\t<span class=\"m-cegCaption__caption\">katalonia<\/span>\n\t\t\t\t\t<\/div>\n\n\t\t\t\t\t<!-- Image description -->\n\t\t\t\t\t<div class=\"m-cegCarousel__desc a-cegDesc\">Hagyom\u00e1nyos katal\u00e1n k\u0151h\u00e1z Castellfollit de la Roca egyik csendes utc\u00e1j\u00e1ban, a Garrotxa r\u00e9gi\u00f3 jellegzetes \u00e9p\u00edt\u00e9szeti st\u00edlus\u00e1val. Fot\u00f3: Getty Images<\/div>\n\n\t\t\t\t\t<!-- Image social share icons -->\n\t\t\t\t\t<div class=\"m-cegCarousel__socialCnt m-cegSocial\">\n\t\t\t\t\t\t<span class=\"m-cegSocial__text\">Fot\u00f3 megoszt\u00e1sa:<\/span><span class=\"m-cegSocial__iconWrap\"><span class=\"m-cegSocial__icon -facebook _ce_measure_link _ce_measure_widget\" data-ce-measure-widget=\"facebookGallery-btn\"><i class=\"fab fa-facebook-f\"><\/i><\/span><span class=\"m-cegSocial__icon -pinterest _ce_measure_link _ce_measure_widget\" data-ce-measure-widget=\"printeresGallery-btn\"><i class=\"fab fa-pinterest-p\"><\/i><\/span><span class=\"m-cegSocial__icon -email _ce_measure_link _ce_measure_widget\" data-ce-measure-widget=\"emailGallery-btn\"><i class=\"far fa-envelope\"><\/i><\/span><span class=\"m-cegSocial__icon -clipboard _ce_measure_link _ce_measure_widget\" data-ce-measure-widget=\"clipboardGallery-btn\"><i class=\"fa fa-link\"><\/i><\/span><\/span>\t\t\t\t\t<\/div>\n\t\t\t\t<\/div>\n\t\t\t\t\t\t\t\n\t\t\t\t<div\n\t\t\t\t\tclass=\"m-cegCarousel__item\"\n\t\t\t\t\tdata-type=\"image\"\n\t\t\t\t\tdata-id=\"1\/3\/GettyImages-1283058210_11zon\"\n\t\t\t\t\tdata-image-url=\"https:\/\/www.startlap.hu\/utazas\/uploads\/sites\/3\/2026\/03\/GettyImages-1283058210_11zon.jpg\"\n\t\t\t\t\tdata-title=\"katalonia\"\n\t\t\t\t\tdata-desc=\"Sz\u0171k, macskak\u00f6ves utc\u00e1k \u00e9s vulkanikus k\u0151b\u0151l \u00e9p\u00fclt h\u00e1zak jellemzik Castellfollit de la Roca t\u00f6rt\u00e9nelmi k\u00f6zpontj\u00e1t. Fot\u00f3: Getty Images\">\n\n\t\t\t\t\t<!-- image -->\n\t\t\t\t\t<div class=\"m-cegCarousel__floatingCnt\">\n\t\t\t\t\t\t<img decoding=\"async\" src=\"https:\/\/www.startlap.hu\/utazas\/uploads\/sites\/3\/2026\/03\/GettyImages-1283058210_11zon.jpg\" class=\"m-cegCarousel__image\" alt=\"Katal\u00e1n sziklafalu sik\u00e1torai\" \/>\t\t\t\t\t\t<span class=\"fa m-cegCarousel__zoom _ce_measure_link _ce_measure_widget\" data-ce-measure-widget=\"gallery-zoom-btn\"><\/span>\n\t\t\t\t\t<\/div>\n\n\t\t\t\t\t<!-- thumb icon \/ counter, caption  -->\n\t\t\t\t\t<div class=\"m-cegCarousel__captionCnt m-cegCaption\">\n\t\t\t\t\t\t<span class=\"m-cegCaption__thumbIcon a-cegThumbIcon _ce_measure_widget _ce_measure_link\"\n\t\t\t\t\t\t\t  data-ce-measure-widget=\"thumbnails-btn\"\n\t\t\t\t\t\t\t  data-ce-measure-widget=\"gallery-thumbnails\"><i class=\" fa fa-th-large\"><\/i><\/span>\n\t\t\t\t\t\t<span class=\"m-cegCaption__pagination a-cegPagination\">\n\t\t\t\t\t\t\t<span class=\"a-cegPagination__current\">3<\/span>\/6\t\t\t\t\t\t<\/span>\n\t\t\t\t\t\t<span class=\"m-cegCaption__caption\">katalonia<\/span>\n\t\t\t\t\t<\/div>\n\n\t\t\t\t\t<!-- Image description -->\n\t\t\t\t\t<div class=\"m-cegCarousel__desc a-cegDesc\">Sz\u0171k, macskak\u00f6ves utc\u00e1k \u00e9s vulkanikus k\u0151b\u0151l \u00e9p\u00fclt h\u00e1zak jellemzik Castellfollit de la Roca t\u00f6rt\u00e9nelmi k\u00f6zpontj\u00e1t. Fot\u00f3: Getty Images<\/div>\n\n\t\t\t\t\t<!-- Image social share icons -->\n\t\t\t\t\t<div class=\"m-cegCarousel__socialCnt m-cegSocial\">\n\t\t\t\t\t\t<span class=\"m-cegSocial__text\">Fot\u00f3 megoszt\u00e1sa:<\/span><span class=\"m-cegSocial__iconWrap\"><span class=\"m-cegSocial__icon -facebook _ce_measure_link _ce_measure_widget\" data-ce-measure-widget=\"facebookGallery-btn\"><i class=\"fab fa-facebook-f\"><\/i><\/span><span class=\"m-cegSocial__icon -pinterest _ce_measure_link _ce_measure_widget\" data-ce-measure-widget=\"printeresGallery-btn\"><i class=\"fab fa-pinterest-p\"><\/i><\/span><span class=\"m-cegSocial__icon -email _ce_measure_link _ce_measure_widget\" data-ce-measure-widget=\"emailGallery-btn\"><i class=\"far fa-envelope\"><\/i><\/span><span class=\"m-cegSocial__icon -clipboard _ce_measure_link _ce_measure_widget\" data-ce-measure-widget=\"clipboardGallery-btn\"><i class=\"fa fa-link\"><\/i><\/span><\/span>\t\t\t\t\t<\/div>\n\t\t\t\t<\/div>\n\t\t\t\t\t\t\t\t\t\t\t\t<div\n\t\t\t\t\t\tclass=\"m-cegCarousel__item -banner\"\n\t\t\t\t\t\tdata-type=\"banner\"\n\t\t\t\t\t\tdata-id=\"1\/4\/banner\"\n\t\t\t\t\t\tdata-image-url=\"\"\n\t\t\t\t\t\tdata-title=\"\"\n\t\t\t\t\t\tdata-desc=\"\">\n\n\t\t\t\t\t\t<div class=\"m-cegCarousel__floatingCnt banner-container gallery-content010\"><\/div>\n\n\t\t\t\t\t<\/div>\n\t\t\t\t\t\t\t\t\t\n\t\t\t\t<div\n\t\t\t\t\tclass=\"m-cegCarousel__item\"\n\t\t\t\t\tdata-type=\"image\"\n\t\t\t\t\tdata-id=\"1\/5\/GettyImages-1313675999_11zon\"\n\t\t\t\t\tdata-image-url=\"https:\/\/www.startlap.hu\/utazas\/uploads\/sites\/3\/2026\/03\/GettyImages-1313675999_11zon.jpg\"\n\t\t\t\t\tdata-title=\"katalonia\"\n\t\t\t\t\tdata-desc=\"Naplemente Castellfollit de la Roca felett: a sziklaplat\u00f3ra \u00e9p\u00fclt telep\u00fcl\u00e9s alatt kanyarg\u00f3 foly\u00f3 \u00e9s erd\u0151s hegyek teszik m\u00e9g dr\u00e1maibb\u00e1 a l\u00e1tv\u00e1nyt. Fot\u00f3: Getty Images\">\n\n\t\t\t\t\t<!-- image -->\n\t\t\t\t\t<div class=\"m-cegCarousel__floatingCnt\">\n\t\t\t\t\t\t<img decoding=\"async\" src=\"https:\/\/www.startlap.hu\/utazas\/uploads\/sites\/3\/2026\/03\/GettyImages-1313675999_11zon.jpg\" class=\"m-cegCarousel__image\" alt=\"Katal\u00e1n sziklafalu naplement\u00e9ben\" \/>\t\t\t\t\t\t<span class=\"fa m-cegCarousel__zoom _ce_measure_link _ce_measure_widget\" data-ce-measure-widget=\"gallery-zoom-btn\"><\/span>\n\t\t\t\t\t<\/div>\n\n\t\t\t\t\t<!-- thumb icon \/ counter, caption  -->\n\t\t\t\t\t<div class=\"m-cegCarousel__captionCnt m-cegCaption\">\n\t\t\t\t\t\t<span class=\"m-cegCaption__thumbIcon a-cegThumbIcon _ce_measure_widget _ce_measure_link\"\n\t\t\t\t\t\t\t  data-ce-measure-widget=\"thumbnails-btn\"\n\t\t\t\t\t\t\t  data-ce-measure-widget=\"gallery-thumbnails\"><i class=\" fa fa-th-large\"><\/i><\/span>\n\t\t\t\t\t\t<span class=\"m-cegCaption__pagination a-cegPagination\">\n\t\t\t\t\t\t\t<span class=\"a-cegPagination__current\">5<\/span>\/6\t\t\t\t\t\t<\/span>\n\t\t\t\t\t\t<span class=\"m-cegCaption__caption\">katalonia<\/span>\n\t\t\t\t\t<\/div>\n\n\t\t\t\t\t<!-- Image description -->\n\t\t\t\t\t<div class=\"m-cegCarousel__desc a-cegDesc\">Naplemente Castellfollit de la Roca felett: a sziklaplat\u00f3ra \u00e9p\u00fclt telep\u00fcl\u00e9s alatt kanyarg\u00f3 foly\u00f3 \u00e9s erd\u0151s hegyek teszik m\u00e9g dr\u00e1maibb\u00e1 a l\u00e1tv\u00e1nyt. Fot\u00f3: Getty Images<\/div>\n\n\t\t\t\t\t<!-- Image social share icons -->\n\t\t\t\t\t<div class=\"m-cegCarousel__socialCnt m-cegSocial\">\n\t\t\t\t\t\t<span class=\"m-cegSocial__text\">Fot\u00f3 megoszt\u00e1sa:<\/span><span class=\"m-cegSocial__iconWrap\"><span class=\"m-cegSocial__icon -facebook _ce_measure_link _ce_measure_widget\" data-ce-measure-widget=\"facebookGallery-btn\"><i class=\"fab fa-facebook-f\"><\/i><\/span><span class=\"m-cegSocial__icon -pinterest _ce_measure_link _ce_measure_widget\" data-ce-measure-widget=\"printeresGallery-btn\"><i class=\"fab fa-pinterest-p\"><\/i><\/span><span class=\"m-cegSocial__icon -email _ce_measure_link _ce_measure_widget\" data-ce-measure-widget=\"emailGallery-btn\"><i class=\"far fa-envelope\"><\/i><\/span><span class=\"m-cegSocial__icon -clipboard _ce_measure_link _ce_measure_widget\" data-ce-measure-widget=\"clipboardGallery-btn\"><i class=\"fa fa-link\"><\/i><\/span><\/span>\t\t\t\t\t<\/div>\n\t\t\t\t<\/div>\n\t\t\t\t\t\t\t\n\t\t\t\t<div\n\t\t\t\t\tclass=\"m-cegCarousel__item\"\n\t\t\t\t\tdata-type=\"image\"\n\t\t\t\t\tdata-id=\"1\/6\/GettyImages-955011342_11zon-scaled\"\n\t\t\t\t\tdata-image-url=\"https:\/\/www.startlap.hu\/utazas\/uploads\/sites\/3\/2026\/03\/GettyImages-955011342_11zon-scaled.jpg\"\n\t\t\t\t\tdata-title=\"katalonia\"\n\t\t\t\t\tdata-desc=\"A katal\u00f3niai Castellfollit de la Roca h\u00e1zai egy t\u00f6bb mint 50 m\u00e9ter magas bazaltszikla perem\u00e9n sorakoznak, l\u00e1tv\u00e1nyos panor\u00e1m\u00e1t k\u00edn\u00e1lva a Garrotxa vulkanikus t\u00e1j\u00e1ra. Fot\u00f3: Getty Images\">\n\n\t\t\t\t\t<!-- image -->\n\t\t\t\t\t<div class=\"m-cegCarousel__floatingCnt\">\n\t\t\t\t\t\t<img decoding=\"async\" src=\"https:\/\/www.startlap.hu\/utazas\/uploads\/sites\/3\/2026\/03\/GettyImages-955011342_11zon-scaled.jpg\" class=\"m-cegCarousel__image\" alt=\"Katal\u00e1n sziklafalu\" \/>\t\t\t\t\t\t<span class=\"fa m-cegCarousel__zoom _ce_measure_link _ce_measure_widget\" data-ce-measure-widget=\"gallery-zoom-btn\"><\/span>\n\t\t\t\t\t<\/div>\n\n\t\t\t\t\t<!-- thumb icon \/ counter, caption  -->\n\t\t\t\t\t<div class=\"m-cegCarousel__captionCnt m-cegCaption\">\n\t\t\t\t\t\t<span class=\"m-cegCaption__thumbIcon a-cegThumbIcon _ce_measure_widget _ce_measure_link\"\n\t\t\t\t\t\t\t  data-ce-measure-widget=\"thumbnails-btn\"\n\t\t\t\t\t\t\t  data-ce-measure-widget=\"gallery-thumbnails\"><i class=\" fa fa-th-large\"><\/i><\/span>\n\t\t\t\t\t\t<span class=\"m-cegCaption__pagination a-cegPagination\">\n\t\t\t\t\t\t\t<span class=\"a-cegPagination__current\">6<\/span>\/6\t\t\t\t\t\t<\/span>\n\t\t\t\t\t\t<span class=\"m-cegCaption__caption\">katalonia<\/span>\n\t\t\t\t\t<\/div>\n\n\t\t\t\t\t<!-- Image description -->\n\t\t\t\t\t<div class=\"m-cegCarousel__desc a-cegDesc\">A katal\u00f3niai Castellfollit de la Roca h\u00e1zai egy t\u00f6bb mint 50 m\u00e9ter magas bazaltszikla perem\u00e9n sorakoznak, l\u00e1tv\u00e1nyos panor\u00e1m\u00e1t k\u00edn\u00e1lva a Garrotxa vulkanikus t\u00e1j\u00e1ra. Fot\u00f3: Getty Images<\/div>\n\n\t\t\t\t\t<!-- Image social share icons -->\n\t\t\t\t\t<div class=\"m-cegCarousel__socialCnt m-cegSocial\">\n\t\t\t\t\t\t<span class=\"m-cegSocial__text\">Fot\u00f3 megoszt\u00e1sa:<\/span><span class=\"m-cegSocial__iconWrap\"><span class=\"m-cegSocial__icon -facebook _ce_measure_link _ce_measure_widget\" data-ce-measure-widget=\"facebookGallery-btn\"><i class=\"fab fa-facebook-f\"><\/i><\/span><span class=\"m-cegSocial__icon -pinterest _ce_measure_link _ce_measure_widget\" data-ce-measure-widget=\"printeresGallery-btn\"><i class=\"fab fa-pinterest-p\"><\/i><\/span><span class=\"m-cegSocial__icon -email _ce_measure_link _ce_measure_widget\" data-ce-measure-widget=\"emailGallery-btn\"><i class=\"far fa-envelope\"><\/i><\/span><span class=\"m-cegSocial__icon -clipboard _ce_measure_link _ce_measure_widget\" data-ce-measure-widget=\"clipboardGallery-btn\"><i class=\"fa fa-link\"><\/i><\/span><\/span>\t\t\t\t\t<\/div>\n\t\t\t\t<\/div>\n\t\t\t\t\t\t\t\t<\/div>\n\t\t<div class=\"m-cegLayer__thumbnails m-cegThumbList _ce_measure_widget\" data-ce-measure-widget=\"gallery-thumb-list\">\n\t\t\t\t\t\t\t\t\t\t\t<div class=\"m-cegThumbList__item\"\n\t\t\t\t\tdata-id=\"1\/1\/GettyImages-1011876796_11zon\"\n\t\t\t\t\tdata-index=\"0\">\n\t\t\t\t\t<img decoding=\"async\" src=\"https:\/\/www.startlap.hu\/utazas\/uploads\/sites\/3\/2026\/03\/GettyImages-1011876796_11zon.jpg\" class=\"m-cegThumbList__image _ce_measure_link\" alt=\"Katal\u00e1n sziklafalu a magasb\u00f3l\" \/>\t\t\t\t<\/div>\n\t\t\t\t\t\t\t\t\t\t\t<div class=\"m-cegThumbList__item\"\n\t\t\t\t\tdata-id=\"1\/2\/GettyImages-1283562688_11zon\"\n\t\t\t\t\tdata-index=\"1\">\n\t\t\t\t\t<img decoding=\"async\" src=\"https:\/\/www.startlap.hu\/utazas\/uploads\/sites\/3\/2026\/03\/GettyImages-1283562688_11zon.jpg\" class=\"m-cegThumbList__image _ce_measure_link\" alt=\"Katal\u00e1n sziklafalu h\u00e1za\" \/>\t\t\t\t<\/div>\n\t\t\t\t\t\t\t\t\t\t\t<div class=\"m-cegThumbList__item\"\n\t\t\t\t\tdata-id=\"1\/3\/GettyImages-1283058210_11zon\"\n\t\t\t\t\tdata-index=\"2\">\n\t\t\t\t\t<img decoding=\"async\" src=\"https:\/\/www.startlap.hu\/utazas\/uploads\/sites\/3\/2026\/03\/GettyImages-1283058210_11zon.jpg\" class=\"m-cegThumbList__image _ce_measure_link\" alt=\"Katal\u00e1n sziklafalu sik\u00e1torai\" \/>\t\t\t\t<\/div>\n\t\t\t\t\t\t\t\t\t\t\t\t\t\t\t<div class=\"m-cegThumbList__item\"\n\t\t\t\t\tdata-id=\"1\/5\/GettyImages-1313675999_11zon\"\n\t\t\t\t\tdata-index=\"4\">\n\t\t\t\t\t<img decoding=\"async\" src=\"https:\/\/www.startlap.hu\/utazas\/uploads\/sites\/3\/2026\/03\/GettyImages-1313675999_11zon.jpg\" class=\"m-cegThumbList__image _ce_measure_link\" alt=\"Katal\u00e1n sziklafalu naplement\u00e9ben\" \/>\t\t\t\t<\/div>\n\t\t\t\t\t\t\t\t\t\t\t<div class=\"m-cegThumbList__item\"\n\t\t\t\t\tdata-id=\"1\/6\/GettyImages-955011342_11zon-scaled\"\n\t\t\t\t\tdata-index=\"5\">\n\t\t\t\t\t<img decoding=\"async\" src=\"https:\/\/www.startlap.hu\/utazas\/uploads\/sites\/3\/2026\/03\/GettyImages-955011342_11zon-scaled.jpg\" class=\"m-cegThumbList__image _ce_measure_link\" alt=\"Katal\u00e1n sziklafalu\" \/>\t\t\t\t<\/div>\n\t\t\t\t\t<\/div>\n\t<\/div>\n\t<div class=\"m-cegLayer__sidebar m-cegSidebar _ce_measure_widget\" data-ce-measure-widget=\"gallery-sidebar\">\n\n\t\t<div class=\"m-cegSidebar__desc a-cegDesc _ce_measure_widget\" data-ce-measure-widget=\"gallery-desc\"><\/div>\n\n\t\t<div class=\"m-cegSidebar__socialCnt m-cegSocial -sidebar _ce_measure_widget\" data-ce-measure-widget=\"gallery-social\">\n\t\t\t<span class=\"m-cegSocial__text\">Fot\u00f3 megoszt\u00e1sa:<\/span><span class=\"m-cegSocial__iconWrap\"><span class=\"m-cegSocial__icon -facebook _ce_measure_link _ce_measure_widget\" data-ce-measure-widget=\"facebookGallery-btn\"><i class=\"fab fa-facebook-f\"><\/i><\/span><span class=\"m-cegSocial__icon -pinterest _ce_measure_link _ce_measure_widget\" data-ce-measure-widget=\"printeresGallery-btn\"><i class=\"fab fa-pinterest-p\"><\/i><\/span><span class=\"m-cegSocial__icon -email _ce_measure_link _ce_measure_widget\" data-ce-measure-widget=\"emailGallery-btn\"><i class=\"far fa-envelope\"><\/i><\/span><span class=\"m-cegSocial__icon -clipboard _ce_measure_link _ce_measure_widget\" data-ce-measure-widget=\"clipboardGallery-btn\"><i class=\"fa fa-link\"><\/i><\/span><\/span>\t\t<\/div>\n\n\t\t<div class=\"gallery-right010 banner-container\"><\/div>\n\t\t<div class=\"gallery-right020 banner-container\"><\/div>\n\n\t<\/div>\n<\/div>\n\t<\/div>\n\n\t<script>\n\t\tjQuery(function () {\n\t\t\tvar id = '#cegPostCnt_1';\n\t\t\tjQuery( id ).articleGallery({\n\t\t\t\tonChanged: function (event) {\n\t\t\t\t\t\tthis.renderSidebarCTS( 'gallery-right010' );\n\t\t\t\t\t\tthis.renderSidebarCTS( 'gallery-right020' );\n\t\t\t\t\t\tthis.renderBannerSlideCTS(  event,\n\t\t\t\t\t\t\t\t\t\t\t\t\t[\n\t\t\t\t\t\t\t\t\t\t\t\t\t\t'gallery-content010',\n\t\t\t\t\t\t\t\t\t\t\t\t\t\t'gallery-content020',\n\t\t\t\t\t\t\t\t\t\t\t\t\t\t'gallery-content030'\n\t\t\t\t\t\t\t\t\t\t\t\t\t]);\n\t\t\t\t}\n\t\t\t});\n\t\t});\n\t<\/script>\t\n<p>A Castellfollit de la Roca nev\u0171 telep\u00fcl\u00e9s<strong> egy t\u00f6bb mint 50 m\u00e9ter magas bazaltszikl\u00e1n emelkedik a k\u00f6rnyez\u0151 t\u00e1j f\u00f6l\u00e9.<\/strong> A meredek sziklaplat\u00f3ra \u00e9p\u00fclt h\u00e1zak k\u00fcl\u00f6nleges l\u00e1tv\u00e1nyt ny\u00fajtanak, ez\u00e9rt a falu r\u00e9g\u00f3ta k\u00f6telez\u0151 meg\u00e1ll\u00f3 a t\u00f6rt\u00e9n\u00e9szek, utaz\u00f3k \u00e9s term\u00e9szetkedvel\u0151k sz\u00e1m\u00e1ra. A k\u00f6rnyezet \u00e9vsz\u00e1zadok alatt form\u00e1l\u00f3dott, \u00e9s egy saj\u00e1tos \u00e9letm\u00f3dot alak\u00edtott ki az itt \u00e9l\u0151k sz\u00e1m\u00e1ra, akik b\u00fcszk\u00e9n mondhatj\u00e1k, hogy <a href=\"https:\/\/www.startlap.hu\/utazas\/piac-valencia-gasztronomia\/\" target=\"_blank\" rel=\"noopener\">Spanyolorsz\u00e1g<\/a> egyik legl\u00e1tv\u00e1nyosabb hely\u00e9n \u00e9lnek.<\/p>\n<p>A telep\u00fcl\u00e9s a Garrotxa vulkanikus z\u00f3na term\u00e9szetv\u00e9delmi parkja mellett tal\u00e1lhat\u00f3, amely Katal\u00f3nia egyik legszebb term\u00e9szeti t\u00e1ja. A parkot t\u00f6bb mint negyven vulk\u00e1ni k\u00fap \u00e9s foly\u00f3k alak\u00edtott\u00e1k ki, amelyek \u00e9vezredeken \u00e1t form\u00e1lt\u00e1k a vid\u00e9ket. A sz\u0171k utc\u00e1kb\u00f3l kin\u00e9zve sok l\u00e1togat\u00f3nak sz\u00f3 szerint elakad a l\u00e9legzete.<\/p>\n<blockquote class=\"article__extraTxt\"><p>A h\u00e1zak szinte a szakad\u00e9k perem\u00e9n sorakoznak, \u00e9s az alattuk h\u00faz\u00f3d\u00f3 m\u00e9lys\u00e9g dr\u00e1mai l\u00e1tv\u00e1nyt ny\u00fajt.<\/p><\/blockquote>\n<p>A term\u00e9szetj\u00e1r\u00f3k sz\u00e1m\u00e1ra a falu egyfajta kapu a Garrotxa vulkanikus parkhoz. Innen indulnak azok az \u00f6sv\u00e9nyek, amelyek a kr\u00e1terek, erd\u0151k \u00e9s vulkanikus form\u00e1ci\u00f3k k\u00f6z\u00f6tt vezetnek.<\/p>\n<h2>K\u00f6z\u00e9pkori eredet\u0171 telep\u00fcl\u00e9s<\/h2>\n<p>Castellfollit de la Roca t\u00f6rt\u00e9nete a k\u00f6z\u00e9pkorig ny\u00falik vissza. A telep\u00fcl\u00e9s helysz\u00edne strat\u00e9giai jelent\u0151s\u00e9g\u0171 volt: a magas szikla term\u00e9szetes v\u00e9delmet biztos\u00edtott a lak\u00f3knak. A falu a nev\u00e9t egy 11. sz\u00e1zadi er\u0151dr\u0151l kapta, amely egykor a szikla tetej\u00e9n \u00e1llt. Az\u00f3ta a telep\u00fcl\u00e9s \u00e9let\u00e9t szorosan meghat\u00e1rozza a vulkanikus k\u0151zet. A h\u00e1zak t\u00f6bbs\u00e9ge ebb\u0151l az anyagb\u00f3l \u00e9p\u00fclt, ami k\u00fcl\u00f6nleges, s\u00f6t\u00e9t \u00e1rnyalat\u00fa karaktert ad az utc\u00e1knak.<\/p>\n<div class=\"o-widget m-readMoreWidget -readMore u-shortDecorLineAfter row widget-container _ce_measure_widget bigdata-widget read-more\" data-ce-measure-widget=\"olvass tov\u00e1bb\">\n\t<div class=\"m-readMoreWidget__imgWrapper image-wrapper col-12 col-md-4 no-p\">\n\t\t<a class=\"m-readMoreWidget__imgLink\" href=\"https:\/\/www.startlap.hu\/utazas\/kozel-kelet-legterzar-adossag-turistak\/\" >\n\t\t\t<img decoding=\"async\" src=\"https:\/\/www.startlap.hu\/utazas\/uploads\/sites\/3\/2026\/03\/dubaj-turista-350x285.jpg\" class=\"m-readMoreWidget__img\">\n\t\t<\/a>\n\t<\/div>\n\t<div class=\"m-readMoreWidget__titleWrapper title-wrapper col-12 col-md-8\">\n\t\t<span class=\"m-readMoreWidget__titleLabel u-shortDecorLineBefore label hidden-sm-up\">Ez is \u00e9rdekelhet:<\/span>\n\t\t<h3 class=\"m-readMoreWidget__title title\">\n\t\t\t<a class=\"m-readMoreWidget__titleLink -secondFont u-bold u-upperCase\" href=\"https:\/\/www.startlap.hu\/utazas\/kozel-kelet-legterzar-adossag-turistak\/\" >Milli\u00f3s ad\u00f3ss\u00e1gokat halmoztak fel a Dubajban rekedt turist\u00e1k &#8211; \u201eTer\u00e1pi\u00e1ra fogok j\u00e1rni ezut\u00e1n\u201d<\/a>\n\t\t<\/h3>\n\t\t<a class=\"m-readMoreWidget__btn -coloredBack u-tC link\" href=\"https:\/\/www.startlap.hu\/utazas\/kozel-kelet-legterzar-adossag-turistak\/\" >Elolvasom<\/a>\n\t<\/div>\n<\/div>\n<p>A l\u00e1tv\u00e1nyos sziklaplat\u00f3 k\u00e9t hatalmas l\u00e1vafolyam eredm\u00e9nye. Az els\u0151 k\u00f6r\u00fclbel\u00fcl 217 ezer \u00e9vvel ezel\u0151tt keletkezett, \u00e9s a Batet t\u00e9rs\u00e9g\u00e9b\u0151l indult. A m\u00e1sodik 192 ezer \u00e9vvel ezel\u0151tt t\u00f6rt ki, \u00e9s a Turonell foly\u00f3 v\u00f6lgy\u00e9b\u0151l \u00e9rkez\u0151 l\u00e1va fedte be az els\u0151 r\u00e9teget. K\u00e9s\u0151bb a Turonell \u00e9s a Fluvi\u00e0 foly\u00f3k er\u00f3zi\u00f3ja, valamint az id\u0151j\u00e1r\u00e1s form\u00e1lta ki azt a meredek bazaltszikl\u00e1t, amely ma a telep\u00fcl\u00e9s alapj\u00e1t adja.<\/p>\n<h2>Vil\u00e1gh\u00edr\u0171 a helyi bazalt<\/h2>\n<p>A helyi bazaltb\u00e1nya a 19. sz\u00e1zad \u00f3ta m\u0171k\u00f6dik \u00e9s ma is akt\u00edv, \u00e9s Spanyolorsz\u00e1gban az egyetlen ilyen t\u00edpus\u00fa b\u00e1nya. A kitermelt k\u0151 vil\u00e1gh\u00edrre tett szert: Antoni Gaud\u00ed ezt a bazaltot haszn\u00e1lta a barcelonai Park G\u00fcell oszlopainak \u00e9p\u00edt\u00e9s\u00e9hez.<\/p>\n<p>A falu k\u00f6zpontj\u00e1t\u00f3l nem messze tal\u00e1lhat\u00f3 a Kolb\u00e1szm\u00fazeum, amely a k\u00f6rny\u00e9k gasztron\u00f3miai hagyom\u00e1nyait mutatja be. A Garrotxa r\u00e9gi\u00f3ban az artisztikus m\u00f3don k\u00e9sz\u00edtett felv\u00e1gottak fontos szerepet j\u00e1tszanak a helyi kult\u00far\u00e1ban. A kis b\u00e1rok \u00e9s vend\u00e9gl\u0151k gyakran k\u00edn\u00e1lnak k\u00f3stol\u00f3kat. A telep\u00fcl\u00e9s m\u00e1sik k\u00fcl\u00f6nlegess\u00e9ge a Vietnami M\u00fazeum, amely egy mag\u00e1ngy\u0171jtem\u00e9nyb\u0151l j\u00f6tt l\u00e9tre. A ki\u00e1ll\u00edt\u00e1s a vietn\u00e1mi h\u00e1bor\u00fahoz kapcsol\u00f3d\u00f3 t\u00e1rgyakat \u00e9s f\u00e9nyk\u00e9peket mutat be. A szikla v\u00e9g\u00e9ben \u00e1ll a San Salvador-templom, amelyet a 20. sz\u00e1zadban \u00e9p\u00edtettek \u00fajj\u00e1. Ma kultur\u00e1lis t\u00e9rk\u00e9nt m\u0171k\u00f6dik, \u00e9s a falu egyik legismertebb pontja.<\/p>\n<blockquote class=\"article__extraTxt\"><p>Innen ny\u00edlik a legszebb kil\u00e1t\u00e1s Garrotxa term\u00e9szetv\u00e9delmi parkj\u00e1ra: a t\u00e1j mozaikszer\u0171 v\u00e1ltozatoss\u00e1ga az eg\u00e9sz r\u00e9gi\u00f3 egyik legnagyobb vonzereje.<\/p><\/blockquote>\n<p>A k\u00f6rny\u00e9ken t\u00f6bb t\u00fara\u00fatvonal is tal\u00e1lhat\u00f3. Az egyik legismertebb a Via Romana, de a legk\u00fcl\u00f6nlegesebbnek sokan a K\u00f6z\u00e9pkori \u00fatvonalat tartj\u00e1k. Ez az \u00f6sv\u00e9ny hidakon, templomokon \u00e9s t\u00f6rt\u00e9nelmi \u00e9p\u00fcleteken kereszt\u00fcl vezet, \u00e9s a telep\u00fcl\u00e9s m\u00faltj\u00e1nak legfontosabb helysz\u00edneit f\u0171zi fel egyetlen l\u00e1tv\u00e1nyos kir\u00e1ndul\u00e1ss\u00e1.<\/p>\n<p><a href=\"https:\/\/viajar.elperiodico.com\/escapate_cerca\/pueblo-espectacular-espana-construido-acantilado-50-metros-127599853\" target=\"_blank\" target=\"_blank\" rel=\"noopener\">via<\/a><\/p>\n<div class=\"o-widget m-readMoreWidget -readMore u-shortDecorLineAfter row widget-container _ce_measure_widget bigdata-widget read-more\" data-ce-measure-widget=\"olvass tov\u00e1bb\">\n\t<div class=\"m-readMoreWidget__imgWrapper image-wrapper col-12 col-md-4 no-p\">\n\t\t<a class=\"m-readMoreWidget__imgLink\" href=\"https:\/\/www.startlap.hu\/utazas\/kozel-kelet-legterzar-adossag-turistak\/\" >\n\t\t\t<img decoding=\"async\" src=\"https:\/\/www.startlap.hu\/utazas\/uploads\/sites\/3\/2026\/03\/dubaj-turista-350x285.jpg\" class=\"m-readMoreWidget__img\">\n\t\t<\/a>\n\t<\/div>\n\t<div class=\"m-readMoreWidget__titleWrapper title-wrapper col-12 col-md-8\">\n\t\t<span class=\"m-readMoreWidget__titleLabel u-shortDecorLineBefore label hidden-sm-up\">Ez is \u00e9rdekelhet:<\/span>\n\t\t<h3 class=\"m-readMoreWidget__title title\">\n\t\t\t<a class=\"m-readMoreWidget__titleLink -secondFont u-bold u-upperCase\" href=\"https:\/\/www.startlap.hu\/utazas\/kozel-kelet-legterzar-adossag-turistak\/\" >Milli\u00f3s ad\u00f3ss\u00e1gokat halmoztak fel a Dubajban rekedt turist\u00e1k &#8211; \u201eTer\u00e1pi\u00e1ra fogok j\u00e1rni ezut\u00e1n\u201d<\/a>\n\t\t<\/h3>\n\t\t<a class=\"m-readMoreWidget__btn -coloredBack u-tC link\" href=\"https:\/\/www.startlap.hu\/utazas\/kozel-kelet-legterzar-adossag-turistak\/\" >Elolvasom<\/a>\n\t<\/div>\n<\/div>\n","protected":false},"excerpt":{"rendered":"<p>A katal\u00f3niai Castellfollit de la Roca h\u00e1zai egy 50 m\u00e9ter magas bazaltszikl\u00e1n sorakoznak. A k\u00fcl\u00f6nleges falu a Garrotxa vulkanikus parkj\u00e1ra n\u00e9z.<\/p>\n","protected":false},"author":64,"featured_media":104201,"comment_status":"closed","ping_status":"closed","sticky":false,"template":"","format":"standard","meta":{"footnotes":""},"categories":[70],"tags":[76,2932,47,9321],"class_list":["post-104194","post","type-post","status-publish","format-standard","has-post-thumbnail","hentry","category-vilag","tag-falu","tag-katalonia","tag-spanyolorszag","tag-szikla"],"aioseo_notices":[],"_links":{"self":[{"href":"https:\/\/www.startlap.hu\/utazas\/wp-json\/wp\/v2\/posts\/104194","targetHints":{"allow":["GET"]}}],"collection":[{"href":"https:\/\/www.startlap.hu\/utazas\/wp-json\/wp\/v2\/posts"}],"about":[{"href":"https:\/\/www.startlap.hu\/utazas\/wp-json\/wp\/v2\/types\/post"}],"author":[{"embeddable":true,"href":"https:\/\/www.startlap.hu\/utazas\/wp-json\/wp\/v2\/users\/64"}],"replies":[{"embeddable":true,"href":"https:\/\/www.startlap.hu\/utazas\/wp-json\/wp\/v2\/comments?post=104194"}],"version-history":[{"count":8,"href":"https:\/\/www.startlap.hu\/utazas\/wp-json\/wp\/v2\/posts\/104194\/revisions"}],"predecessor-version":[{"id":104251,"href":"https:\/\/www.startlap.hu\/utazas\/wp-json\/wp\/v2\/posts\/104194\/revisions\/104251"}],"wp:featuredmedia":[{"embeddable":true,"href":"https:\/\/www.startlap.hu\/utazas\/wp-json\/wp\/v2\/media\/104201"}],"wp:attachment":[{"href":"https:\/\/www.startlap.hu\/utazas\/wp-json\/wp\/v2\/media?parent=104194"}],"wp:term":[{"taxonomy":"category","embeddable":true,"href":"https:\/\/www.startlap.hu\/utazas\/wp-json\/wp\/v2\/categories?post=104194"},{"taxonomy":"post_tag","embeddable":true,"href":"https:\/\/www.startlap.hu\/utazas\/wp-json\/wp\/v2\/tags?post=104194"}],"curies":[{"name":"wp","href":"https:\/\/api.w.org\/{rel}","templated":true}]}}