{"id":104178,"date":"2026-03-09T18:33:03","date_gmt":"2026-03-09T17:33:03","guid":{"rendered":"https:\/\/www.startlap.hu\/utazas\/?p=104178"},"modified":"2026-03-09T12:33:13","modified_gmt":"2026-03-09T11:33:13","slug":"arcmaszk-repulo-szepsegapolas","status":"publish","type":"post","link":"https:\/\/www.startlap.hu\/utazas\/arcmaszk-repulo-szepsegapolas\/","title":{"rendered":"Terjed a f\u00e1tyolmaszkos rep\u00fcl\u00e9s &#8211; egy b\u0151rgy\u00f3gy\u00e1sz r\u00e1ntja le a leplet a furcsa jelens\u00e9gr\u0151l"},"content":{"rendered":"<p>Feh\u00e9r arcmaszk az arcon, rep\u00fcl\u0151g\u00e9pablak a h\u00e1tt\u00e9rben, k\u00e9zben egy m\u0171anyag poharas k\u00e1v\u00e9: az ut\u00f3bbi id\u0151ben ez lett a t\u00f6k\u00e9letes \u201eairport selfie\u201d receptje. A k\u00f6z\u00f6ss\u00e9gi m\u00e9di\u00e1ban egyre t\u00f6bben posztolnak \u00fagy a fed\u00e9lzetr\u0151l, mintha egy mini spa-kezel\u00e9s kezd\u0151dne a leveg\u0151ben. A trend l\u00e9nyege egyszer\u0171: felsz\u00e1ll\u00e1s el\u0151tt vagy k\u00f6zben felker\u00fcl egy \u00fagynevezett sheet mask, azaz sz\u00e9rummal \u00e1titatott f\u00e1tyolmaszk, amely \u00e1ll\u00edt\u00f3lag megv\u00e9di a b\u0151rt a <a href=\"https:\/\/www.startlap.hu\/utazas\/trukk-ures-ules-repulogep\/\" target=\"_blank\" rel=\"noopener\">rep\u00fcl\u0151g\u00e9pek<\/a> sz\u00e1raz leveg\u0151j\u00e9t\u0151l. Csakhogy b\u0151rgy\u00f3gy\u00e1szok szerint ez a l\u00e1tv\u00e1nyos ritu\u00e1l\u00e9 sokkal ink\u00e1bb divattrend, mint val\u00f3ban hat\u00e9kony b\u0151r\u00e1pol\u00e1s.<\/p>\n<div class=\"o-widget m-readMoreWidget -readMore u-shortDecorLineAfter row widget-container _ce_measure_widget bigdata-widget read-more\" data-ce-measure-widget=\"olvass tov\u00e1bb\">\n\t<div class=\"m-readMoreWidget__imgWrapper image-wrapper col-12 col-md-4 no-p\">\n\t\t<a class=\"m-readMoreWidget__imgLink\" href=\"https:\/\/www.startlap.hu\/utazas\/egyedi-palota-stern-csalad-tortenete-fotok\/\" >\n\t\t\t<img decoding=\"async\" src=\"https:\/\/www.startlap.hu\/utazas\/uploads\/sites\/3\/2026\/02\/egyedi-palota20-350x285.jpg\" class=\"m-readMoreWidget__img\">\n\t\t<\/a>\n\t<\/div>\n\t<div class=\"m-readMoreWidget__titleWrapper title-wrapper col-12 col-md-8\">\n\t\t<span class=\"m-readMoreWidget__titleLabel u-shortDecorLineBefore label hidden-sm-up\">Ez is \u00e9rdekelhet:<\/span>\n\t\t<h3 class=\"m-readMoreWidget__title title\">\n\t\t\t<a class=\"m-readMoreWidget__titleLink -secondFont u-bold u-upperCase\" href=\"https:\/\/www.startlap.hu\/utazas\/egyedi-palota-stern-csalad-tortenete-fotok\/\" >F\u00e9ny\u0171z\u0151 palota \u00e1ll a V\u00e1rosliget k\u00f6zel\u00e9ben: egy magyar m\u00e1gn\u00e1scsal\u00e1d tragikus titkait rejti<\/a>\n\t\t<\/h3>\n\t\t<a class=\"m-readMoreWidget__btn -coloredBack u-tC link\" href=\"https:\/\/www.startlap.hu\/utazas\/egyedi-palota-stern-csalad-tortenete-fotok\/\" >Elolvasom<\/a>\n\t<\/div>\n<\/div>\n<h2>\u00cdgy lett divat a rep\u00fcl\u0151s arcmaszk<\/h2>\n<p>A jelens\u00e9g eredetileg a h\u00edress\u00e9gekn\u00e9l jelent meg. Innen m\u00e1r csak egy l\u00e9p\u00e9s volt, hogy az Instagram \u00e9s a TikTok megteljen sz\u00e9rumt\u00f3l csillog\u00f3 arcokkal a turistaoszt\u00e1ly \u00fcl\u00e9sein. <strong>A maszk egyfajta st\u00e1tuszszimb\u00f3lumm\u00e1 v\u00e1lt: azt sugallja, hogy az utas tudatos, t\u00f6r\u0151dik mag\u00e1val, \u00e9s m\u00e9g egy hossz\u00fa rep\u00fcl\u0151\u00fat alatt is k\u00e9zben tartja a dolgokat.<\/strong> A k\u00e9rd\u00e9s azonban az, hogy ez val\u00f3ban seg\u00edt-e a b\u0151r\u00f6n.<\/p>\n<figure id=\"attachment_104180\" aria-describedby=\"caption-attachment-104180\" style=\"width: 755px\" class=\"wp-caption alignnone\"><img loading=\"lazy\" decoding=\"async\" class=\"size-article-size-large-image wp-image-104180\" src=\"https:\/\/www.startlap.hu\/utazas\/uploads\/sites\/3\/2026\/03\/GettyImages-1200676088_11zon-755x425.jpg\" alt=\"Arszmaszkban rep\u00fcl\u0151n \u00fcl\u0151 n\u0151\" width=\"755\" height=\"425\" srcset=\"https:\/\/www.startlap.hu\/utazas\/uploads\/sites\/3\/2026\/03\/GettyImages-1200676088_11zon-755x425.jpg 755w, https:\/\/www.startlap.hu\/utazas\/uploads\/sites\/3\/2026\/03\/GettyImages-1200676088_11zon-1536x865.jpg 1536w, https:\/\/www.startlap.hu\/utazas\/uploads\/sites\/3\/2026\/03\/GettyImages-1200676088_11zon-215x120.jpg 215w, https:\/\/www.startlap.hu\/utazas\/uploads\/sites\/3\/2026\/03\/GettyImages-1200676088_11zon-622x350.jpg 622w, https:\/\/www.startlap.hu\/utazas\/uploads\/sites\/3\/2026\/03\/GettyImages-1200676088_11zon.jpg 1846w\" sizes=\"auto, (max-width: 755px) 100vw, 755px\" \/><figcaption id=\"caption-attachment-104180\" class=\"wp-caption-text\">Fot\u00f3: Getty Images<\/figcaption><\/figure>\n<p>Sokan att\u00f3l tartanak, hogy a f\u00e1tyolmaszkokban tal\u00e1lhat\u00f3 hialuronsav a sz\u00e1raz kabinleveg\u0151ben ink\u00e1bb ront a helyzeten, mert a b\u0151rb\u0151l vonja el a nedvess\u00e9get. Miray Al-Mustafa b\u0151rgy\u00f3gy\u00e1sz, a European Society of Cosmetic and Aesthetic Dermatology aleln\u00f6ke szerint ez f\u00e9lre\u00e9rt\u00e9s. A hialuronsav a maszkban l\u00e9v\u0151 folyad\u00e9khoz k\u00f6t\u0151dik, vagyis nem a b\u0151rb\u0151l sz\u00edvja ki a nedvess\u00e9get. A legt\u00f6bb ilyen maszk eleve annyi sz\u00e9rumot tartalmaz, hogy az \u00f6sszetev\u0151 megfelel\u0151en m\u0171k\u00f6dj\u00f6n. Ha a b\u0151r m\u00e9gis kisz\u00e1rad a rep\u00fcl\u0151n, annak nem a maszk az oka, hanem valami eg\u00e9szen m\u00e1s:<\/p>\n<h2>A val\u00f3di probl\u00e9ma: a kabin leveg\u0151je<\/h2>\n<p>A <a href=\"https:\/\/www.startlap.hu\/utazas\/ryanair-repulogep-babafelszereles-ujitas\/\" target=\"_blank\" rel=\"noopener\">rep\u00fcl\u0151g\u00e9pek<\/a> kabinj\u00e1ban a p\u00e1ratartalom gyakran 10\u201320 sz\u00e1zal\u00e9k k\u00f6r\u00fcl alakul, <strong>ami rendk\u00edv\u00fcl sz\u00e1raz k\u00f6rnyezetnek sz\u00e1m\u00edt.<\/strong> A hideg, folyamatosan kering\u0151 leveg\u0151 miatt a b\u0151r term\u00e9szetes m\u00f3don vesz\u00edt nedvess\u00e9get. Ez akkor is megt\u00f6rt\u00e9nik, ha valaki t\u00f6bbf\u00e9le sz\u00e9rumot haszn\u00e1l, \u00e9s akkor is, ha semmit. R\u00f6vid rep\u00fcl\u0151utakn\u00e1l ez alig \u00e9szrevehet\u0151, hosszabb j\u00e1ratokon viszont sokan \u00e9rzik:<\/p>\n<blockquote class=\"article__extraTxt\"><p>kisz\u00e1radnak az ajkak, h\u00faz\u00f3dik a b\u0151r, irrit\u00e1ltabb lesz a szem k\u00f6rny\u00e9ke.<\/p><\/blockquote>\n<p>Az arcmaszk teh\u00e1t nem k\u00e1ros, de nem az a csodaszer, aminek a k\u00f6z\u00f6ss\u00e9gi m\u00e9di\u00e1ban l\u00e1tszik.<\/p>\n<h2>Van valami, ami sokkal fontosabb a rep\u00fcl\u0151n<\/h2>\n<p>Ha van egy b\u0151r\u00e1pol\u00e1si l\u00e9p\u00e9s, amely val\u00f3ban sz\u00e1m\u00edt a rep\u00fcl\u0151n, az <strong>a f\u00e9nyv\u00e9delem<\/strong>. A rep\u00fcl\u0151g\u00e9p ablakai szinte teljesen kisz\u0171rik az UVB-sugarakat, az UVA-sug\u00e1rz\u00e1s jelent\u0151s r\u00e9sze azonban \u00e1tjut rajtuk. R\u00e1ad\u00e1sul min\u00e9l magasabban rep\u00fcl a g\u00e9p, ann\u00e1l v\u00e9konyabb a l\u00e9gk\u00f6r, \u00edgy a sug\u00e1rz\u00e1s er\u0151sebb lehet. Ez\u00e9rt egy sz\u00e9les spektrum\u00fa f\u00e9nyv\u00e9d\u0151, valamint magas faktorsz\u00e1m\u00fa ajakbalzsam sokkal hasznosabb v\u00e1laszt\u00e1s, mint egy vir\u00e1lis arcmaszk.<\/p>\n<p><a href=\"https:\/\/www.dagensps.se\/halsa\/skonhetstrenden-pa-30-000-fot-som-kan-vara-helt-onodig\/\" target=\"_blank\" target=\"_blank\" rel=\"noopener\">via<\/a><\/p>\n<div class=\"o-widget m-readMoreWidget -readMore u-shortDecorLineAfter row widget-container _ce_measure_widget bigdata-widget read-more\" data-ce-measure-widget=\"olvass tov\u00e1bb\">\n\t<div class=\"m-readMoreWidget__imgWrapper image-wrapper col-12 col-md-4 no-p\">\n\t\t<a class=\"m-readMoreWidget__imgLink\" href=\"https:\/\/www.startlap.hu\/utazas\/kozel-kelet-legterzar-adossag-turistak\/\" >\n\t\t\t<img decoding=\"async\" src=\"https:\/\/www.startlap.hu\/utazas\/uploads\/sites\/3\/2026\/03\/dubaj-turista-350x285.jpg\" class=\"m-readMoreWidget__img\">\n\t\t<\/a>\n\t<\/div>\n\t<div class=\"m-readMoreWidget__titleWrapper title-wrapper col-12 col-md-8\">\n\t\t<span class=\"m-readMoreWidget__titleLabel u-shortDecorLineBefore label hidden-sm-up\">Ez is \u00e9rdekelhet:<\/span>\n\t\t<h3 class=\"m-readMoreWidget__title title\">\n\t\t\t<a class=\"m-readMoreWidget__titleLink -secondFont u-bold u-upperCase\" href=\"https:\/\/www.startlap.hu\/utazas\/kozel-kelet-legterzar-adossag-turistak\/\" >Milli\u00f3s ad\u00f3ss\u00e1gokat halmoztak fel a Dubajban rekedt turist\u00e1k &#8211; \u201eTer\u00e1pi\u00e1ra fogok j\u00e1rni ezut\u00e1n\u201d<\/a>\n\t\t<\/h3>\n\t\t<a class=\"m-readMoreWidget__btn -coloredBack u-tC link\" href=\"https:\/\/www.startlap.hu\/utazas\/kozel-kelet-legterzar-adossag-turistak\/\" >Elolvasom<\/a>\n\t<\/div>\n<\/div>\n","protected":false},"excerpt":{"rendered":"<p>Egyre t\u00f6bben  \u00fclnek maszkkal rep\u00fcl\u0151re a b\u0151r\u00fck v\u00e9delm\u00e9ben. A szak\u00e9rt\u0151k szerint viszont ez ink\u00e1bb l\u00e1tv\u00e1nyos trend, mint val\u00f3di megold\u00e1s.<\/p>\n","protected":false},"author":64,"featured_media":104180,"comment_status":"closed","ping_status":"closed","sticky":false,"template":"","format":"standard","meta":{"footnotes":""},"categories":[70],"tags":[2352,505,210],"class_list":["post-104178","post","type-post","status-publish","format-standard","has-post-thumbnail","hentry","category-vilag","tag-arcmaszk","tag-repulogep","tag-tippek"],"aioseo_notices":[],"_links":{"self":[{"href":"https:\/\/www.startlap.hu\/utazas\/wp-json\/wp\/v2\/posts\/104178","targetHints":{"allow":["GET"]}}],"collection":[{"href":"https:\/\/www.startlap.hu\/utazas\/wp-json\/wp\/v2\/posts"}],"about":[{"href":"https:\/\/www.startlap.hu\/utazas\/wp-json\/wp\/v2\/types\/post"}],"author":[{"embeddable":true,"href":"https:\/\/www.startlap.hu\/utazas\/wp-json\/wp\/v2\/users\/64"}],"replies":[{"embeddable":true,"href":"https:\/\/www.startlap.hu\/utazas\/wp-json\/wp\/v2\/comments?post=104178"}],"version-history":[{"count":6,"href":"https:\/\/www.startlap.hu\/utazas\/wp-json\/wp\/v2\/posts\/104178\/revisions"}],"predecessor-version":[{"id":104187,"href":"https:\/\/www.startlap.hu\/utazas\/wp-json\/wp\/v2\/posts\/104178\/revisions\/104187"}],"wp:featuredmedia":[{"embeddable":true,"href":"https:\/\/www.startlap.hu\/utazas\/wp-json\/wp\/v2\/media\/104180"}],"wp:attachment":[{"href":"https:\/\/www.startlap.hu\/utazas\/wp-json\/wp\/v2\/media?parent=104178"}],"wp:term":[{"taxonomy":"category","embeddable":true,"href":"https:\/\/www.startlap.hu\/utazas\/wp-json\/wp\/v2\/categories?post=104178"},{"taxonomy":"post_tag","embeddable":true,"href":"https:\/\/www.startlap.hu\/utazas\/wp-json\/wp\/v2\/tags?post=104178"}],"curies":[{"name":"wp","href":"https:\/\/api.w.org\/{rel}","templated":true}]}}