{"id":104147,"date":"2026-03-07T17:34:58","date_gmt":"2026-03-07T16:34:58","guid":{"rendered":"https:\/\/www.startlap.hu\/utazas\/?p=104147"},"modified":"2026-03-07T17:38:46","modified_gmt":"2026-03-07T16:38:46","slug":"fulhallgato-zenehallgatas-legitarsasag","status":"publish","type":"post","link":"https:\/\/www.startlap.hu\/utazas\/fulhallgato-zenehallgatas-legitarsasag\/","title":{"rendered":"Ez a l\u00e9git\u00e1rsas\u00e1g lesz\u00e1ll\u00edtja azokat, aki f\u00fclhallgat\u00f3 n\u00e9lk\u00fcl hallgatnak zen\u00e9t"},"content":{"rendered":"<p>A United Airlines a j\u00f6v\u0151ben lesz\u00e1ll\u00edtja a fed\u00e9lzetr\u0151l azokat, akik f\u00fclhallgat\u00f3 n\u00e9lk\u00fcl hallgatnak tartalmakat, zavarva ezzel m\u00e1sokat.<\/p>\n<div class=\"o-widget m-readMoreWidget -readMore u-shortDecorLineAfter row widget-container _ce_measure_widget bigdata-widget read-more\" data-ce-measure-widget=\"olvass tov\u00e1bb\">\n\t<div class=\"m-readMoreWidget__imgWrapper image-wrapper col-12 col-md-4 no-p\">\n\t\t<a class=\"m-readMoreWidget__imgLink\" href=\"https:\/\/www.startlap.hu\/utazas\/ryanair-tiltas-forro-ital\/\" >\n\t\t\t<img decoding=\"async\" src=\"https:\/\/www.startlap.hu\/utazas\/uploads\/sites\/3\/2026\/02\/ryanair-felszallo-utasok-350x285.jpg\" class=\"m-readMoreWidget__img\">\n\t\t<\/a>\n\t<\/div>\n\t<div class=\"m-readMoreWidget__titleWrapper title-wrapper col-12 col-md-8\">\n\t\t<span class=\"m-readMoreWidget__titleLabel u-shortDecorLineBefore label hidden-sm-up\">Ez is \u00e9rdekelhet:<\/span>\n\t\t<h3 class=\"m-readMoreWidget__title title\">\n\t\t\t<a class=\"m-readMoreWidget__titleLink -secondFont u-bold u-upperCase\" href=\"https:\/\/www.startlap.hu\/utazas\/ryanair-tiltas-forro-ital\/\" >Mostant\u00f3l nem engednek fel a Ryanair-g\u00e9pekre, ha ez van n\u00e1lad &#8211; sokakn\u00e1l kicsaphatja a biztos\u00edt\u00e9kot az \u00fajabb korl\u00e1toz\u00e1s<\/a>\n\t\t<\/h3>\n\t\t<a class=\"m-readMoreWidget__btn -coloredBack u-tC link\" href=\"https:\/\/www.startlap.hu\/utazas\/ryanair-tiltas-forro-ital\/\" >Elolvasom<\/a>\n\t<\/div>\n<\/div>\n<p>Az amerikai \u00f3ri\u00e1sv\u00e1llalat <strong>jelent\u0151s szigor\u00edt\u00e1sokat vezetett be<\/strong> az \u00fczletszab\u00e1lyzat\u00e1ban. A friss szab\u00e1lyoz\u00e1s \u00e9rtelm\u00e9ben a szem\u00e9lyzet lesz\u00e1ll\u00edthatja a g\u00e9pr\u0151l azokat a szem\u00e9lyeket, akik f\u00fclhallgat\u00f3 n\u00e9lk\u00fcl, <strong>ny\u00edlt hangsz\u00f3r\u00f3n kereszt\u00fcl j\u00e1tszanak le zen\u00e9t vagy <a href=\"https:\/\/www.startlap.hu\/utazas\/liszt-ferenc-repuloter-ferihegy-felujitas\/\" target=\"_blank\" rel=\"noopener\">vide\u00f3kat<\/a>.<\/strong><\/p>\n<figure id=\"attachment_2278076\" aria-describedby=\"caption-attachment-2278076\" style=\"width: 755px\" class=\"wp-caption alignnone\"><img loading=\"lazy\" decoding=\"async\" class=\"size-article-size-large-image wp-image-2278076\" src=\"https:\/\/www.startlap.hu\/vasarlas\/uploads\/2026\/03\/repulogep_telefon_-755x503.jpg\" alt=\"Mobiltelefon egy rep\u00fcl\u0151g\u00e9p fed\u00e9lzet\u00e9n\" width=\"755\" height=\"503\"><figcaption id=\"caption-attachment-2278076\" class=\"wp-caption-text\">Az American Airlines j\u00e1ratain m\u00e1r csak f\u00fclhallgat\u00f3val lehet zen\u00e9t hallgatni &#8211; Fot\u00f3: Getty Images<\/figcaption><\/figure>\n<p>Visszaes\u0151 szab\u00e1lyszeg\u0151k eset\u00e9n a t\u00e1rsas\u00e1g <strong>\u00f6r\u00f6k\u00f6s kitilt\u00e1ssal s\u00fajthatja az utast<\/strong>, \u00edgy az illet\u0151 a j\u00f6v\u0151ben soha t\u00f6bb\u00e9 nem veheti ig\u00e9nybe a c\u00e9g j\u00e1ratait.<\/p>\n<p>Ha valakinek elengedhetetlen a hang az eszk\u00f6ze haszn\u00e1lat\u00e1hoz, de nincs saj\u00e1t felszerel\u00e9se, a c\u00e9g honlapja alapj\u00e1n <strong>d\u00edjmentesen biztos\u00edtanak sz\u00e1m\u00e1ra f\u00fclhallgat\u00f3t<\/strong>. V\u00e1rhat\u00f3an vezet\u00e9k n\u00e9lk\u00fcli modellekr\u0151l van sz\u00f3, tekintve, hogy a l\u00e9git\u00e1rsas\u00e1g fed\u00e9lzeti multim\u00e9di\u00e1s rendszere is Bluetooth-alapon m\u0171k\u00f6dik.<\/p>\n<h2>Az utasok nyugalma mindenekfelett&nbsp;<\/h2>\n<p>A CBS Newsnak nyilatkoz\u00f3 szak\u00e9rt\u0151 r\u00e1mutatott: jelenleg a United az egyetlen amerikai l\u00e9gifuvaroz\u00f3, amely ilyen kategorikusan tiltja a k\u00fcls\u0151 hangsz\u00f3r\u00f3k haszn\u00e1lat\u00e1t.<\/p>\n<p>A szakmabeli v\u00e9lem\u00e9nye szerint <strong>az \u00faj szigor\u00edt\u00e1s megfelel az utaz\u00f3k\u00f6z\u00f6ns\u00e9g<\/strong> nagy r\u00e9sz\u00e9nek, akik nyugodt k\u00f6r\u00fclm\u00e9nyek k\u00f6z\u00f6tt szeretn\u00e9nek utazni.<\/p>\n<p>B\u00e1r a f\u00fclhallgat\u00f3t mell\u0151z\u0151k csoportja l\u00e9tsz\u00e1m\u00e1t tekintve csek\u00e9ly, az \u00e1ltaluk keltett zajszennyez\u00e9s rendk\u00edv\u00fcl zavar\u00f3 a t\u00f6bbi utas sz\u00e1m\u00e1ra.<\/p>\n<h2>Az elm\u00falt id\u0151szakban volt egy m\u00e1sik l\u00e1tv\u00e1nyos szigor\u00edt\u00e1s<\/h2>\n<p>Az American Airlines \u00e1talak\u00edtotta \u00e9s megszigor\u00edtotta a rep\u00fcl\u0151t\u00e9ri besz\u00e1ll\u00e1si folyamatokat is. A v\u00e1llalat egy modern szoftveres megold\u00e1st vetett be, amelynek c\u00e9lja a sorban illet\u00e9ktelen\u00fcl el\u0151re furakod\u00f3 utasok meg\u00e1ll\u00edt\u00e1sa.<\/p>\n<p>Ha egy utas akkor pr\u00f3b\u00e1lja meg beszkennelni a k\u00e1rty\u00e1j\u00e1t, amikor m\u00e9g nem az \u0151 csoportja k\u00f6vetkezik, a <strong>berendez\u00e9s \u00e9les hangjelz\u00e9ssel riaszt, \u00e9s automatikusan megtagadja a bel\u00e9p\u00e9st<\/strong>.<\/p>\n<p>A f\u00f6ldi kiszolg\u00e1l\u00f3k monitor\u00e1n r\u00f6gt\u00f6n megjelenik a figyelmeztet\u00e9s, \u00edgy a szem\u00e9lyzet azonnal f\u00e9lre\u00e1ll\u00edtja a sorrendet be nem tart\u00f3 szem\u00e9lyeket, \u00e9s v\u00e1rakoz\u00e1sra k\u00f6telezi \u0151ket.<\/p>\n<div class=\"o-widget m-readMoreWidget -readMore u-shortDecorLineAfter row widget-container _ce_measure_widget bigdata-widget read-more\" data-ce-measure-widget=\"olvass tov\u00e1bb\">\n\t<div class=\"m-readMoreWidget__imgWrapper image-wrapper col-12 col-md-4 no-p\">\n\t\t<a class=\"m-readMoreWidget__imgLink\" href=\"https:\/\/www.startlap.hu\/utazas\/irani-haboru-kuvati-evakualas-menekites\/\" >\n\t\t\t<img decoding=\"async\" src=\"https:\/\/www.startlap.hu\/utazas\/uploads\/sites\/3\/2026\/03\/kuvait_oceanjaro_-350x285.jpg\" class=\"m-readMoreWidget__img\">\n\t\t<\/a>\n\t<\/div>\n\t<div class=\"m-readMoreWidget__titleWrapper title-wrapper col-12 col-md-8\">\n\t\t<span class=\"m-readMoreWidget__titleLabel u-shortDecorLineBefore label hidden-sm-up\">Ez is \u00e9rdekelhet:<\/span>\n\t\t<h3 class=\"m-readMoreWidget__title title\">\n\t\t\t<a class=\"m-readMoreWidget__titleLink -secondFont u-bold u-upperCase\" href=\"https:\/\/www.startlap.hu\/utazas\/irani-haboru-kuvati-evakualas-menekites\/\" >Ezreket menek\u00edtenek Kuvaitb\u00f3l a luxushaj\u00f3-t\u00e1rsas\u00e1gok a h\u00e1bor\u00fas v\u00e1ls\u00e1ghelyzet miatt<\/a>\n\t\t<\/h3>\n\t\t<a class=\"m-readMoreWidget__btn -coloredBack u-tC link\" href=\"https:\/\/www.startlap.hu\/utazas\/irani-haboru-kuvati-evakualas-menekites\/\" >Elolvasom<\/a>\n\t<\/div>\n<\/div>\n<p><strong><a href=\"https:\/\/dawn.fi\/uutiset\/2026\/03\/06\/lento-kuulokkeiden-kayttopakko\" target=\"_blank\" target=\"_blank\" rel=\"noopener\">via<\/a><\/strong><\/p>\n","protected":false},"excerpt":{"rendered":"<p>Az utasok v\u00e9delm\u00e9ben a vil\u00e1gon el\u0151sz\u00f6r egy amerikai l\u00e9git\u00e1rsas\u00e1g hozott olyan hat\u00e1rozatot, amely mindenkit k\u00f6telez a f\u00fclhallgat\u00f3val t\u00f6rt\u00e9n\u0151 zenehallgat\u00e1sra. <\/p>\n","protected":false},"author":8,"featured_media":104149,"comment_status":"closed","ping_status":"closed","sticky":false,"template":"","format":"standard","meta":{"footnotes":""},"categories":[70],"tags":[2161,9804,5761],"class_list":["post-104147","post","type-post","status-publish","format-standard","has-post-thumbnail","hentry","category-vilag","tag-american-airlines","tag-fulhallgato","tag-kitiltas"],"aioseo_notices":[],"_links":{"self":[{"href":"https:\/\/www.startlap.hu\/utazas\/wp-json\/wp\/v2\/posts\/104147","targetHints":{"allow":["GET"]}}],"collection":[{"href":"https:\/\/www.startlap.hu\/utazas\/wp-json\/wp\/v2\/posts"}],"about":[{"href":"https:\/\/www.startlap.hu\/utazas\/wp-json\/wp\/v2\/types\/post"}],"author":[{"embeddable":true,"href":"https:\/\/www.startlap.hu\/utazas\/wp-json\/wp\/v2\/users\/8"}],"replies":[{"embeddable":true,"href":"https:\/\/www.startlap.hu\/utazas\/wp-json\/wp\/v2\/comments?post=104147"}],"version-history":[{"count":6,"href":"https:\/\/www.startlap.hu\/utazas\/wp-json\/wp\/v2\/posts\/104147\/revisions"}],"predecessor-version":[{"id":104154,"href":"https:\/\/www.startlap.hu\/utazas\/wp-json\/wp\/v2\/posts\/104147\/revisions\/104154"}],"wp:featuredmedia":[{"embeddable":true,"href":"https:\/\/www.startlap.hu\/utazas\/wp-json\/wp\/v2\/media\/104149"}],"wp:attachment":[{"href":"https:\/\/www.startlap.hu\/utazas\/wp-json\/wp\/v2\/media?parent=104147"}],"wp:term":[{"taxonomy":"category","embeddable":true,"href":"https:\/\/www.startlap.hu\/utazas\/wp-json\/wp\/v2\/categories?post=104147"},{"taxonomy":"post_tag","embeddable":true,"href":"https:\/\/www.startlap.hu\/utazas\/wp-json\/wp\/v2\/tags?post=104147"}],"curies":[{"name":"wp","href":"https:\/\/api.w.org\/{rel}","templated":true}]}}