{"id":104143,"date":"2026-03-07T16:43:19","date_gmt":"2026-03-07T15:43:19","guid":{"rendered":"https:\/\/www.startlap.hu\/utazas\/?p=104143"},"modified":"2026-03-07T16:43:19","modified_gmt":"2026-03-07T15:43:19","slug":"horvatorszag-adria-szallas-ellenorzes","status":"publish","type":"post","link":"https:\/\/www.startlap.hu\/utazas\/horvatorszag-adria-szallas-ellenorzes\/","title":{"rendered":"Horv\u00e1torsz\u00e1g: nagyot dr\u00e1gulhatnak a sz\u00e1ll\u00e1sok, megsz\u0171nik az alkudoz\u00e1s"},"content":{"rendered":"<p>B\u00e1r az interneten rengeteg kedvez\u0151 aj\u00e1nlat akad, sok turista m\u00e9g mindig a <strong>helysz\u00edni keres\u00e9sben b\u00edzik<\/strong>, amikor meg\u00e9rkezik az Adri\u00e1ra &#8211; \u00edrja a <strong><a href=\"https:\/\/www.hirstart.hu\/site\/relocate.php?rssid=375&amp;rsspid=3&amp;ctype=rss&amp;id=44276846&amp;chk=7ead27bb000f362bbd7ff1668c58361a&amp;url=https%3A%2F%2Fmeglepetes.hu%2Friportok%2F2026%2F03%2F06%2Fhorvatorszag-nyaralas-2026-jogszabaly-valtozas%2F\" target=\"_blank\" target=\"_blank\" rel=\"noopener\">Meglepet\u00e9s<\/a><\/strong>.<\/p>\n<div class=\"o-widget m-readMoreWidget -readMore u-shortDecorLineAfter row widget-container _ce_measure_widget bigdata-widget read-more\" data-ce-measure-widget=\"olvass tov\u00e1bb\">\n\t<div class=\"m-readMoreWidget__imgWrapper image-wrapper col-12 col-md-4 no-p\">\n\t\t<a class=\"m-readMoreWidget__imgLink\" href=\"https:\/\/www.startlap.hu\/utazas\/etterem-fizetes-baratok-pincer\/\" >\n\t\t\t<img decoding=\"async\" src=\"https:\/\/www.startlap.hu\/utazas\/uploads\/sites\/3\/2026\/02\/etterem-baratok-350x285.jpg\" class=\"m-readMoreWidget__img\">\n\t\t<\/a>\n\t<\/div>\n\t<div class=\"m-readMoreWidget__titleWrapper title-wrapper col-12 col-md-8\">\n\t\t<span class=\"m-readMoreWidget__titleLabel u-shortDecorLineBefore label hidden-sm-up\">Ez is \u00e9rdekelhet:<\/span>\n\t\t<h3 class=\"m-readMoreWidget__title title\">\n\t\t\t<a class=\"m-readMoreWidget__titleLink -secondFont u-bold u-upperCase\" href=\"https:\/\/www.startlap.hu\/utazas\/etterem-fizetes-baratok-pincer\/\" >Kifizettem az eg\u00e9sz asztal sz\u00e1ml\u00e1j\u00e1t &#8211; a pinc\u00e9r t\u00e1voz\u00e1skor meg\u00e1ll\u00edtott<\/a>\n\t\t<\/h3>\n\t\t<a class=\"m-readMoreWidget__btn -coloredBack u-tC link\" href=\"https:\/\/www.startlap.hu\/utazas\/etterem-fizetes-baratok-pincer\/\" >Elolvasom<\/a>\n\t<\/div>\n<\/div>\n<p>Aki nyaralt m\u00e1r ott, annak ismer\u0151sek a szinte minden h\u00e1z fal\u00e1n d\u00edszelg\u0151, szabad szob\u00e1t hirdet\u0151 t\u00e1bl\u00e1k. Ilyenkor a <strong>fix tarif\u00e1k helyett gyakran megy az alkudoz\u00e1s<\/strong> a tulajdonossal, \u00edgy pedig eg\u00e9sz olcs\u00f3n kihozhat\u00f3 a sz\u00e1ll\u00e1s.<\/p>\n<h2>Nagyot szigor\u00edtanak a horv\u00e1t hat\u00f3s\u00e1gok<\/h2>\n<p>Ezt a fajta szabads\u00e1got azonban most <strong>korl\u00e1tozhatja egy friss <a href=\"https:\/\/www.startlap.hu\/utazas\/horvatorszag-bermuda-haromszog-jabuka\/\" target=\"_blank\" rel=\"noopener\">horv\u00e1torsz\u00e1gi<\/a> t\u00f6rv\u00e9nym\u00f3dos\u00edt\u00e1s<\/strong>. A hivatalok nem t\u0171rik tov\u00e1bb ezt a fajta tr\u00fckk\u00f6t, ami eddig lehet\u0151v\u00e9 tette az alacsony \u00e1rakat a mag\u00e1nkiad\u00f3kn\u00e1l.<\/p>\n<p>A titok nyitja egyszer\u0171: a <strong>b\u00e9rbead\u00f3k sokszor eltitkolt\u00e1k a bev\u00e9telt<\/strong>, \u00e9s nem ad\u00f3ztak a vend\u00e9gek ut\u00e1n. M\u00edg az <strong>utaz\u00f3 \u00f6r\u00fclt a sp\u00f3rol\u00e1snak<\/strong>, az \u00e1llamkassz\u00e1nak ez komoly kies\u00e9st jelentett.<\/p>\n<figure id=\"attachment_104145\" aria-describedby=\"caption-attachment-104145\" style=\"width: 755px\" class=\"wp-caption alignnone\"><img loading=\"lazy\" decoding=\"async\" class=\"size-article-size-large-image wp-image-104145\" src=\"https:\/\/www.startlap.hu\/utazas\/uploads\/sites\/3\/2026\/03\/horvatorszag_-755x503.jpg\" alt=\"Horv\u00e1torsz\u00e1g \" width=\"755\" height=\"503\" srcset=\"https:\/\/www.startlap.hu\/utazas\/uploads\/sites\/3\/2026\/03\/horvatorszag_-755x503.jpg 755w, https:\/\/www.startlap.hu\/utazas\/uploads\/sites\/3\/2026\/03\/horvatorszag_-525x350.jpg 525w, https:\/\/www.startlap.hu\/utazas\/uploads\/sites\/3\/2026\/03\/horvatorszag_.jpg 1200w\" sizes=\"auto, (max-width: 755px) 100vw, 755px\" \/><figcaption id=\"caption-attachment-104145\" class=\"wp-caption-text\">Szigor\u00edtanak a sz\u00e1ll\u00e1sad\u00f3kkal szemben Horv\u00e1torsz\u00e1gban &#8211; Fot\u00f3: Getty Images<\/figcaption><\/figure>\n<p>A horv\u00e1t vezet\u00e9s komoly offenz\u00edv\u00e1t ind\u00edtott a feket\u00e9n kiadott apartmanok felsz\u00e1mol\u00e1s\u00e1\u00e9rt. A kabinet m\u00e1r dolgozik az \u00faj szab\u00e1lyoz\u00e1si keretrendszeren, nagyobb hatalommal felruh\u00e1zott ellen\u0151r\u00f6kkel <strong>k\u00fczdenek majd a regisztr\u00e1ci\u00f3 n\u00e9lk\u00fcli sz\u00e1ll\u00e1shelyek ellen.<\/strong><\/p>\n<h2>M\u00e1r a ny\u00e1ron jobban sz\u0171rik a sz\u00e1ll\u00e1sad\u00f3kat<\/h2>\n<p>Ton\u010di Glavina miniszter k\u00f6z\u00f6lte, hogy a vend\u00e9gl\u00e1t\u00e1st \u00e9rint\u0151 \u00faj t\u00f6rv\u00e9nyt tavasz v\u00e9g\u00e9ig elfogadja a parlament.<\/p>\n<p>Emiatt megeshet, hogy a mostani szezont\u00f3l m\u00e1r nem tal\u00e1lsz olcs\u00f3, bejelent\u00e9s n\u00e9lk\u00fcli szob\u00e1kat. A t\u00f6rekv\u00e9s egy\u00e9rtelm\u0171: \u00e1tl\u00e1that\u00f3bb\u00e1 tenni a piacot \u00e9s kisz\u0171rni a szab\u00e1lyszeg\u0151ket. A t\u00e1rcavezet\u0151 szavaival \u00e9lve: a korm\u00e1ny <strong>tot\u00e1lis t\u00e1mad\u00e1st ind\u00edt a feket\u00e9z\u00e9s ellen.<\/strong><\/p>\n<p>A j\u00f6v\u0151ben a nagy foglal\u00e1si port\u00e1lok csak olyan partnereket list\u00e1zhatnak, akik benne vannak a k\u00f6zponti adatb\u00e1zisban. Az enged\u00e9ly n\u00e9lk\u00fcli hirdet\u0151knek <strong>egyszer\u0171en nem lesz helye a weben<\/strong>.<\/p>\n<div class=\"o-widget m-readMoreWidget -readMore u-shortDecorLineAfter row widget-container _ce_measure_widget bigdata-widget read-more\" data-ce-measure-widget=\"olvass tov\u00e1bb\">\n\t<div class=\"m-readMoreWidget__imgWrapper image-wrapper col-12 col-md-4 no-p\">\n\t\t<a class=\"m-readMoreWidget__imgLink\" href=\"https:\/\/www.startlap.hu\/utazas\/franciaorszag-toulouse-parizs\/\" >\n\t\t\t<img decoding=\"async\" src=\"https:\/\/www.startlap.hu\/utazas\/uploads\/sites\/3\/2026\/03\/GettyImages-2189011128_11zon-350x285.jpg\" class=\"m-readMoreWidget__img\">\n\t\t<\/a>\n\t<\/div>\n\t<div class=\"m-readMoreWidget__titleWrapper title-wrapper col-12 col-md-8\">\n\t\t<span class=\"m-readMoreWidget__titleLabel u-shortDecorLineBefore label hidden-sm-up\">Ez is \u00e9rdekelhet:<\/span>\n\t\t<h3 class=\"m-readMoreWidget__title title\">\n\t\t\t<a class=\"m-readMoreWidget__titleLink -secondFont u-bold u-upperCase\" href=\"https:\/\/www.startlap.hu\/utazas\/franciaorszag-toulouse-parizs\/\" >K\u00e9peken Franciaorsz\u00e1g r\u00f3zsasz\u00edn v\u00e1rosa &#8211; a mini P\u00e1rizsr\u00f3l sokan nem is hallottak<\/a>\n\t\t<\/h3>\n\t\t<a class=\"m-readMoreWidget__btn -coloredBack u-tC link\" href=\"https:\/\/www.startlap.hu\/utazas\/franciaorszag-toulouse-parizs\/\" >Elolvasom<\/a>\n\t<\/div>\n<\/div>\n","protected":false},"excerpt":{"rendered":"<p>Ami sokszor meghozta a magyar turist\u00e1k szerencs\u00e9j\u00e9t a helyi sz\u00e1ll\u00e1sok foglal\u00e1s\u00e1ban, az ellen fognak radik\u00e1lisan fell\u00e9pni a horv\u00e1t hat\u00f3s\u00e1gok.<\/p>\n","protected":false},"author":8,"featured_media":104145,"comment_status":"closed","ping_status":"closed","sticky":false,"template":"","format":"standard","meta":{"footnotes":""},"categories":[70],"tags":[183,112,94,66],"class_list":["post-104143","post","type-post","status-publish","format-standard","has-post-thumbnail","hentry","category-vilag","tag-adria","tag-horvatorszag","tag-nyaralas","tag-szallas"],"aioseo_notices":[],"_links":{"self":[{"href":"https:\/\/www.startlap.hu\/utazas\/wp-json\/wp\/v2\/posts\/104143","targetHints":{"allow":["GET"]}}],"collection":[{"href":"https:\/\/www.startlap.hu\/utazas\/wp-json\/wp\/v2\/posts"}],"about":[{"href":"https:\/\/www.startlap.hu\/utazas\/wp-json\/wp\/v2\/types\/post"}],"author":[{"embeddable":true,"href":"https:\/\/www.startlap.hu\/utazas\/wp-json\/wp\/v2\/users\/8"}],"replies":[{"embeddable":true,"href":"https:\/\/www.startlap.hu\/utazas\/wp-json\/wp\/v2\/comments?post=104143"}],"version-history":[{"count":2,"href":"https:\/\/www.startlap.hu\/utazas\/wp-json\/wp\/v2\/posts\/104143\/revisions"}],"predecessor-version":[{"id":104146,"href":"https:\/\/www.startlap.hu\/utazas\/wp-json\/wp\/v2\/posts\/104143\/revisions\/104146"}],"wp:featuredmedia":[{"embeddable":true,"href":"https:\/\/www.startlap.hu\/utazas\/wp-json\/wp\/v2\/media\/104145"}],"wp:attachment":[{"href":"https:\/\/www.startlap.hu\/utazas\/wp-json\/wp\/v2\/media?parent=104143"}],"wp:term":[{"taxonomy":"category","embeddable":true,"href":"https:\/\/www.startlap.hu\/utazas\/wp-json\/wp\/v2\/categories?post=104143"},{"taxonomy":"post_tag","embeddable":true,"href":"https:\/\/www.startlap.hu\/utazas\/wp-json\/wp\/v2\/tags?post=104143"}],"curies":[{"name":"wp","href":"https:\/\/api.w.org\/{rel}","templated":true}]}}