{"id":104136,"date":"2026-03-07T12:19:57","date_gmt":"2026-03-07T11:19:57","guid":{"rendered":"https:\/\/www.startlap.hu\/utazas\/?p=104136"},"modified":"2026-03-07T12:20:57","modified_gmt":"2026-03-07T11:20:57","slug":"irani-haboru-kuvati-evakualas-menekites","status":"publish","type":"post","link":"https:\/\/www.startlap.hu\/utazas\/irani-haboru-kuvati-evakualas-menekites\/","title":{"rendered":"Ezreket menek\u00edtenek Kuvaitb\u00f3l a luxushaj\u00f3-t\u00e1rsas\u00e1gok a h\u00e1bor\u00fas v\u00e1ls\u00e1ghelyzet miatt"},"content":{"rendered":"<p>A t\u00e9rs\u00e9gben zajl\u00f3 fegyveres konfliktus miatt luxushaj\u00f3-t\u00e1rsas\u00e1gok ezr\u00e9vel menek\u00edtik ki utasaikat Dubajb\u00f3l.<\/p>\n<div class=\"o-widget m-readMoreWidget -readMore u-shortDecorLineAfter row widget-container _ce_measure_widget bigdata-widget read-more\" data-ce-measure-widget=\"olvass tov\u00e1bb\">\n\t<div class=\"m-readMoreWidget__imgWrapper image-wrapper col-12 col-md-4 no-p\">\n\t\t<a class=\"m-readMoreWidget__imgLink\" href=\"https:\/\/www.startlap.hu\/utazas\/strand-kincsesbanya-megszunik\/\" >\n\t\t\t<img decoding=\"async\" src=\"https:\/\/www.startlap.hu\/utazas\/uploads\/sites\/3\/2026\/02\/GettyImages-914641336_11zon-350x285.jpg\" class=\"m-readMoreWidget__img\">\n\t\t<\/a>\n\t<\/div>\n\t<div class=\"m-readMoreWidget__titleWrapper title-wrapper col-12 col-md-8\">\n\t\t<span class=\"m-readMoreWidget__titleLabel u-shortDecorLineBefore label hidden-sm-up\">Ez is \u00e9rdekelhet:<\/span>\n\t\t<h3 class=\"m-readMoreWidget__title title\">\n\t\t\t<a class=\"m-readMoreWidget__titleLink -secondFont u-bold u-upperCase\" href=\"https:\/\/www.startlap.hu\/utazas\/strand-kincsesbanya-megszunik\/\" >Nyoma sem marad a strandnak az egyik legszebb nev\u0171 magyar telep\u00fcl\u00e9sen &#8211; egyszer\u0171en bet\u00f6mik a medenc\u00e9t!<\/a>\n\t\t<\/h3>\n\t\t<a class=\"m-readMoreWidget__btn -coloredBack u-tC link\" href=\"https:\/\/www.startlap.hu\/utazas\/strand-kincsesbanya-megszunik\/\" >Elolvasom<\/a>\n\t<\/div>\n<\/div>\n<p>Kiterjedt ment\u0151akci\u00f3 keret\u00e9ben igyekeznek hazajuttatni <strong>azt a t\u00f6bb ezer turist\u00e1t<\/strong>, akik az egy hete kezd\u0151d\u00f6tt \u00f6sszecsap\u00e1sok miatt ragadtak <strong><a href=\"https:\/\/www.startlap.hu\/utazas\/legterzar-kozel-kelet-repulojarat-izrael\/\" target=\"_blank\" rel=\"noopener\">Dubajban<\/a><\/strong> vagy az \u00d6b\u00f6l-menti kik\u00f6t\u0151kben.<\/p>\n<p>Az MSC Cruises k\u00fcl\u00f6nrep\u00fcl\u0151kkel gondoskodik az MSC Euribi\u00e1n tart\u00f3zkod\u00f3 t\u00f6bb mint <strong>1500 vend\u00e9g elsz\u00e1ll\u00edt\u00e1s\u00e1r\u00f3l<\/strong>.<\/p>\n<h2>\u00d6sszetett logisztika \u00e9s l\u00e9gih\u00edd<\/h2>\n<p data-path-to-node=\"4\">P\u00e9ntek reggelig h\u00e9t g\u00e9p hagyta el a t\u00e9rs\u00e9get; a <strong>t\u00e1rsas\u00e1g saj\u00e1t k\u00f6lts\u00e9g\u00e9n<\/strong> ind\u00edtott charterei mellett az Emirates \u00e9s a Fly Dubai menetrend szerinti j\u00e1ratait, valamint \u00e1llami seg\u00edts\u00e9get is ig\u00e9nybe vettek.<\/p>\n<p data-path-to-node=\"4\">Pierfrancesco Vago, az MSC Cruises eln\u00f6ke elismer\u00e9s\u00e9t fejezte ki a c\u00e9g dolgoz\u00f3inak a bonyolult logisztikai feladat p\u00e9ld\u00e1s v\u00e9grehajt\u00e1s\u00e1\u00e9rt.<\/p>\n<p data-path-to-node=\"4\">Kiemelte, hogy munkat\u00e1rsaik glob\u00e1lisan, meg\u00e1ll\u00e1s n\u00e9lk\u00fcl f\u00e1radoztak az utasok biztons\u00e1gos \u00e9s gyors hazat\u00e9r\u00e9s\u00e9n.<\/p>\n<h2 data-path-to-node=\"4\">Seg\u00edts\u00e9gny\u00fajt\u00e1s a kik\u00f6t\u0151kben<\/h2>\n<p data-path-to-node=\"4\">A Celestyal k\u00f6z\u00f6lte, hogy a <strong>Dubajban horgonyz\u00f3 Discovery minden utasa elhagyta a haj\u00f3t<\/strong>, a szem\u00e9lyzet pedig akt\u00edvan seg\u00edti \u0151ket a sz\u00e1ll\u00e1skeres\u00e9sben \u00e9s a tov\u00e1bbi utaz\u00e1suk megszervez\u00e9s\u00e9ben.<\/p>\n<figure id=\"attachment_104138\" aria-describedby=\"caption-attachment-104138\" style=\"width: 755px\" class=\"wp-caption alignnone\"><img loading=\"lazy\" decoding=\"async\" class=\"size-article-size-large-image wp-image-104138\" src=\"https:\/\/www.startlap.hu\/utazas\/uploads\/sites\/3\/2026\/03\/kuvait_oceanjaro_-755x503.jpg\" alt=\"Egy hatalmas luxus-\u00f3ce\u00e1nj\u00e1r\u00f3\" width=\"755\" height=\"503\" srcset=\"https:\/\/www.startlap.hu\/utazas\/uploads\/sites\/3\/2026\/03\/kuvait_oceanjaro_-755x503.jpg 755w, https:\/\/www.startlap.hu\/utazas\/uploads\/sites\/3\/2026\/03\/kuvait_oceanjaro_-525x350.jpg 525w, https:\/\/www.startlap.hu\/utazas\/uploads\/sites\/3\/2026\/03\/kuvait_oceanjaro_.jpg 1200w\" sizes=\"auto, (max-width: 755px) 100vw, 755px\" \/><figcaption id=\"caption-attachment-104138\" class=\"wp-caption-text\">Egy \u00f3ce\u00e1nj\u00e1r\u00f3 a K\u00f6zel-Keleten &#8211; Fot\u00f3: Getty Images<\/figcaption><\/figure>\n<p data-path-to-node=\"4\">A Katarban vesztegl\u0151 Celestyal Journey vend\u00e9geit folyamatosan inform\u00e1lj\u00e1k a v\u00e1rhat\u00f3 partrasz\u00e1ll\u00e1s r\u00e9szleteir\u0151l.<\/p>\n<h2 data-path-to-node=\"4\">T\u00f6r\u00f6lt j\u00e1ratok \u00e9s lez\u00e1rt l\u00e9gt\u00e9r<\/h2>\n<p data-path-to-node=\"4\">A n\u00e9met diplom\u00e1cia biztons\u00e1gi figyelmeztet\u00e9sei miatt a TUI Cruises k\u00e9nytelen volt t\u00f6r\u00f6lni a Mein Schiff 4 \u00e9s 5 j\u00e1ratait, \u00edgy a <strong>haj\u00f3k m\u00e1rcius k\u00f6zep\u00e9ig biztosan nem futnak ki.<\/strong><\/p>\n<p data-path-to-node=\"4\">A TUI szint\u00e9n nagyszab\u00e1s\u00fa ment\u00e9st vez\u00e9nyelt le: a Mein Schiff 4 k\u00f6zel 850 utas\u00e1t az Emirates \u00e9s egy\u00e9b speci\u00e1lis dubaji, illetve om\u00e1ni j\u00e1ratok seg\u00edts\u00e9g\u00e9vel juttatt\u00e1k vissza N\u00e9metorsz\u00e1gba.<\/p>\n<p data-path-to-node=\"4\">A Doh\u00e1ban tart\u00f3zkod\u00f3 Mein Schiff 5 vend\u00e9geinek Sza\u00fad-Ar\u00e1bi\u00e1n kereszt\u00fcl biztos\u00edtanak hazautat. <strong>Az ir\u00e1ni fenyegetetts\u00e9g miatt<\/strong> lez\u00e1rt Hormuzi-szoros az Aroya \u00f3ce\u00e1nj\u00e1r\u00f3 \u00fatvonal\u00e1t is teljesen ellehetetlen\u00edtette.<\/p>\n<p data-path-to-node=\"4\">A kimenek\u00edt\u00e9st tov\u00e1bb nehez\u00edti, hogy a t\u00e9rs\u00e9gben t\u00f6bb helyen <strong><a href=\"https:\/\/www.startlap.hu\/utazas\/legterzar-kozel-kelet-repulojarat-izrael\/\" target=\"_blank\" rel=\"noopener\">lez\u00e1rt\u00e1k a l\u00e9gteret<\/a><\/strong>.<\/p>\n<p data-path-to-node=\"4\"><div class=\"o-widget m-readMoreWidget -readMore u-shortDecorLineAfter row widget-container _ce_measure_widget bigdata-widget read-more\" data-ce-measure-widget=\"olvass tov\u00e1bb\">\n\t<div class=\"m-readMoreWidget__imgWrapper image-wrapper col-12 col-md-4 no-p\">\n\t\t<a class=\"m-readMoreWidget__imgLink\" href=\"https:\/\/www.startlap.hu\/utazas\/kozel-kelet-turizmus-szakerto-haboru-legterzar-gazdasag\/\" >\n\t\t\t<img decoding=\"async\" src=\"https:\/\/www.startlap.hu\/utazas\/uploads\/sites\/3\/2026\/03\/repuloter-utasok-utaskisero-350x285.jpg\" class=\"m-readMoreWidget__img\">\n\t\t<\/a>\n\t<\/div>\n\t<div class=\"m-readMoreWidget__titleWrapper title-wrapper col-12 col-md-8\">\n\t\t<span class=\"m-readMoreWidget__titleLabel u-shortDecorLineBefore label hidden-sm-up\">Ez is \u00e9rdekelhet:<\/span>\n\t\t<h3 class=\"m-readMoreWidget__title title\">\n\t\t\t<a class=\"m-readMoreWidget__titleLink -secondFont u-bold u-upperCase\" href=\"https:\/\/www.startlap.hu\/utazas\/kozel-kelet-turizmus-szakerto-haboru-legterzar-gazdasag\/\" >&#8222;Brut\u00e1lis \u00e1rakr\u00f3l hallani&#8221; &#8211; Kiss R\u00f3bert Richard szerint \u00f3ri\u00e1si k\u00e1rokat okoz a turizmusnak a k\u00f6zel-keleti helyzet<\/a>\n\t\t<\/h3>\n\t\t<a class=\"m-readMoreWidget__btn -coloredBack u-tC link\" href=\"https:\/\/www.startlap.hu\/utazas\/kozel-kelet-turizmus-szakerto-haboru-legterzar-gazdasag\/\" >Elolvasom<\/a>\n\t<\/div>\n<\/div>\n<p data-path-to-node=\"4\">&nbsp;<\/p>\n<p data-path-to-node=\"4\">&nbsp;<\/p>\n<p data-path-to-node=\"4\">&nbsp;<\/p>\n<h3 data-path-to-node=\"5\">&nbsp;<\/h3>\n","protected":false},"excerpt":{"rendered":"<p>Luxushaj\u00f3-t\u00e1rsas\u00e1gok ezreket menek\u00edtenek ki Dubajb\u00f3l a t\u00e9rs\u00e9g konfliktusa miatt. A lez\u00e1rt l\u00e9gt\u00e9r \u00e9s tengeri utak mellett ment\u0151j\u00e1ratokkal seg\u00edtik az utasokat.<\/p>\n","protected":false},"author":8,"featured_media":104138,"comment_status":"closed","ping_status":"closed","sticky":false,"template":"","format":"standard","meta":{"footnotes":""},"categories":[70],"tags":[1738,6594,7259,6521],"class_list":["post-104136","post","type-post","status-publish","format-standard","has-post-thumbnail","hentry","category-vilag","tag-evakualas","tag-haboru","tag-kuvait","tag-luxus-oceanjaro"],"aioseo_notices":[],"_links":{"self":[{"href":"https:\/\/www.startlap.hu\/utazas\/wp-json\/wp\/v2\/posts\/104136","targetHints":{"allow":["GET"]}}],"collection":[{"href":"https:\/\/www.startlap.hu\/utazas\/wp-json\/wp\/v2\/posts"}],"about":[{"href":"https:\/\/www.startlap.hu\/utazas\/wp-json\/wp\/v2\/types\/post"}],"author":[{"embeddable":true,"href":"https:\/\/www.startlap.hu\/utazas\/wp-json\/wp\/v2\/users\/8"}],"replies":[{"embeddable":true,"href":"https:\/\/www.startlap.hu\/utazas\/wp-json\/wp\/v2\/comments?post=104136"}],"version-history":[{"count":5,"href":"https:\/\/www.startlap.hu\/utazas\/wp-json\/wp\/v2\/posts\/104136\/revisions"}],"predecessor-version":[{"id":104142,"href":"https:\/\/www.startlap.hu\/utazas\/wp-json\/wp\/v2\/posts\/104136\/revisions\/104142"}],"wp:featuredmedia":[{"embeddable":true,"href":"https:\/\/www.startlap.hu\/utazas\/wp-json\/wp\/v2\/media\/104138"}],"wp:attachment":[{"href":"https:\/\/www.startlap.hu\/utazas\/wp-json\/wp\/v2\/media?parent=104136"}],"wp:term":[{"taxonomy":"category","embeddable":true,"href":"https:\/\/www.startlap.hu\/utazas\/wp-json\/wp\/v2\/categories?post=104136"},{"taxonomy":"post_tag","embeddable":true,"href":"https:\/\/www.startlap.hu\/utazas\/wp-json\/wp\/v2\/tags?post=104136"}],"curies":[{"name":"wp","href":"https:\/\/api.w.org\/{rel}","templated":true}]}}