{"id":104132,"date":"2026-03-06T21:05:21","date_gmt":"2026-03-06T20:05:21","guid":{"rendered":"https:\/\/www.startlap.hu\/utazas\/?p=104132"},"modified":"2026-03-06T21:05:35","modified_gmt":"2026-03-06T20:05:35","slug":"vilagszenzacio-belgiumban-a-vilag-egyik-legertekesebb-festmenye-kerulhetett-elo","status":"publish","type":"post","link":"https:\/\/www.startlap.hu\/utazas\/vilagszenzacio-belgiumban-a-vilag-egyik-legertekesebb-festmenye-kerulhetett-elo\/","title":{"rendered":"Szenz\u00e1ci\u00f3 Belgiumban: a vil\u00e1g egyik leg\u00e9rt\u00e9kesebb festm\u00e9nye ker\u00fclhetett el\u0151"},"content":{"rendered":"<p>A szakirodalom jelenleg mind\u00f6ssze n\u00e9gy festm\u00e9nyt tulajdon\u00edt egy\u00e9rtelm\u0171en Michelangel\u00f3nak, aki els\u0151sorban szobr\u00e1sz \u00e9s <strong><a href=\"https:\/\/www.startlap.hu\/utazas\/sixtus-kapolna-fresko-felujitas\/\" target=\"_blank\" rel=\"noopener\">fresk\u00f3fest\u0151<\/a><\/strong> volt. Egy belgiumi mag\u00e1ngy\u0171jt\u0151 azonban \u00fagy v\u00e9li, hogy birtok\u00e1ban lehet az \u00f6t\u00f6dik. A <strong><a href=\"https:\/\/www.startlap.hu\/vasarlas\/kviz-vilaghiru-festmeny\/\" target=\"_blank\" rel=\"noopener\">festm\u00e9ny<\/a><\/strong> egy pieta-jelenetet \u00e1br\u00e1zol, amelyen a halott Krisztust Sz\u0171z M\u00e1ria tartja karjaiban. Az alkot\u00e1st \u00fajs\u00e1g\u00edr\u00f3k titokban, egy meg nem nevezett br\u00fcsszeli helysz\u00ednen tekinthett\u00e9k meg; a tulajdonos biztons\u00e1gi okokb\u00f3l n\u00e9vtelens\u00e9get k\u00e9rt.<\/p>\n<figure id=\"attachment_2278066\" aria-describedby=\"caption-attachment-2278066\" style=\"width: 755px\" class=\"wp-caption alignnone\"><img loading=\"lazy\" decoding=\"async\" class=\"size-article-size-large-image wp-image-2278066\" src=\"https:\/\/www.startlap.hu\/vasarlas\/uploads\/2026\/03\/Buonarroti-Michelangelo-755x503.jpg\" alt=\"Egy n\u0151 h\u00e1ttal, Michelangelo rajza el\u0151tt\" width=\"755\" height=\"503\"><figcaption id=\"caption-attachment-2278066\" class=\"wp-caption-text\">A fresk\u00f3ir\u00f3l h\u00edres Michelangelo rajza a Sibilla Libic\u00e1hoz. (Fot\u00f3: Roberto Serra &#8211; Iguana Press\/Getty Images)<\/figcaption><\/figure>\n<div class=\"o-widget m-readMoreWidget -readMore u-shortDecorLineAfter row widget-container _ce_measure_widget bigdata-widget read-more\" data-ce-measure-widget=\"olvass tov\u00e1bb\">\n\t<div class=\"m-readMoreWidget__imgWrapper image-wrapper col-12 col-md-4 no-p\">\n\t\t<a class=\"m-readMoreWidget__imgLink\" href=\"https:\/\/www.startlap.hu\/utazas\/etterem-fizetes-baratok-pincer\/\" >\n\t\t\t<img decoding=\"async\" src=\"https:\/\/www.startlap.hu\/utazas\/uploads\/sites\/3\/2026\/02\/etterem-baratok-350x285.jpg\" class=\"m-readMoreWidget__img\">\n\t\t<\/a>\n\t<\/div>\n\t<div class=\"m-readMoreWidget__titleWrapper title-wrapper col-12 col-md-8\">\n\t\t<span class=\"m-readMoreWidget__titleLabel u-shortDecorLineBefore label hidden-sm-up\">Ez is \u00e9rdekelhet:<\/span>\n\t\t<h3 class=\"m-readMoreWidget__title title\">\n\t\t\t<a class=\"m-readMoreWidget__titleLink -secondFont u-bold u-upperCase\" href=\"https:\/\/www.startlap.hu\/utazas\/etterem-fizetes-baratok-pincer\/\" >Kifizettem az eg\u00e9sz asztal sz\u00e1ml\u00e1j\u00e1t &#8211; a pinc\u00e9r t\u00e1voz\u00e1skor meg\u00e1ll\u00edtott<\/a>\n\t\t<\/h3>\n\t\t<a class=\"m-readMoreWidget__btn -coloredBack u-tC link\" href=\"https:\/\/www.startlap.hu\/utazas\/etterem-fizetes-baratok-pincer\/\" >Elolvasom<\/a>\n\t<\/div>\n<\/div>\n<h2>K\u00e9t bet\u0171 miatt fogtak gyan\u00fat<\/h2>\n<p>A m\u0171 eredetileg<\/p>\n<blockquote class=\"article__extraTxt\"><p>egy genovai aukci\u00f3sh\u00e1z k\u00edn\u00e1lat\u00e1ban szerepelt 2020-ban, ahol egy &#8222;16-17. sz\u00e1zadi fest\u0151&#8221; munk\u00e1jak\u00e9nt t\u00fcntett\u00e9k fel, \u00e9s 2000-3000 eur\u00f3ra becs\u00fclt\u00e9k az \u00e9rt\u00e9k\u00e9t. A k\u00e9p akkor nem kelt el.<\/p><\/blockquote>\n<p>A jelenlegi tulajdonos k\u00e9t \u00e9vvel k\u00e9s\u0151bb v\u00e1s\u00e1rolta meg, majd tov\u00e1bbi vizsg\u00e1latokat kezdem\u00e9nyezett, miut\u00e1n k\u00e9t, stiliz\u00e1lt &#8222;M&#8221; bet\u0171re eml\u00e9keztet\u0151 monogramot fedezett fel rajta.<\/p>\n<p>Az anyagvizsg\u00e1latot a br\u00fcsszeli Belga Kir\u00e1lyi Kultur\u00e1lis \u00d6r\u00f6ks\u00e9g Int\u00e9zet, az egyik legfontosabb belga m\u0171v\u00e9szeti \u00e9s m\u0171eml\u00e9kv\u00e9delmi l\u00e9tes\u00edtm\u00e9ny szakemberei v\u00e9gezt\u00e9k. Elemz\u00e9seik szerint <strong>a festm\u00e9nyen nem tal\u00e1lhat\u00f3k modern pigmentek, a v\u00e1szon radiokarbon-vizsg\u00e1lata pedig 95,4 sz\u00e1zal\u00e9kos val\u00f3sz\u00edn\u0171s\u00e9ggel 1520 \u00e9s 1660 k\u00f6z\u00e9 dat\u00e1lja az anyagot<\/strong>, ami egybeesik <strong><a href=\"https:\/\/www.startlap.hu\/utazas\/michelangelo-firenze-titkos-kamra\/\" target=\"_blank\" rel=\"noopener\">Michelangelo<\/a><\/strong> \u00e9let\u00e9nek id\u0151szak\u00e1val (1475-1564).<\/p>\n<h2>T\u00f6bb jellegzetess\u00e9g Michelangel\u00f3ra utal<\/h2>\n<p>A m\u0171vet r\u00e9szletesen tanulm\u00e1nyozta Michel Draguet, a Br\u00fcsszeli Szabadegyetem (ULB) m\u0171v\u00e9szett\u00f6rt\u00e9n\u00e9sze is. V\u00e9lem\u00e9nye szerint<\/p>\n<blockquote class=\"article__extraTxt\"><p>t\u00f6bb jellegzetess\u00e9g &#8211; a szoborszer\u0171 kompoz\u00edci\u00f3, Krisztus l\u00e1bainak saj\u00e1tos \u00e1rny\u00e9kol\u00e1sa, valamint a kont\u00farok kialak\u00edt\u00e1s\u00e1nak m\u00f3dja &#8211; Michelangelo st\u00edlus\u00e1ra utal.<\/p><\/blockquote>\n<p>Draguet a festm\u00e9nyt <strong>egy 1540-es \u00e9vekbeli vall\u00e1si k\u00f6rh\u00f6z k\u00f6ti, amely az it\u00e1liai Viterb\u00f3ban gy\u0171lt \u00f6ssze Reginald Pole b\u00edboros k\u00f6r\u00fcl<\/strong>. Elm\u00e9lete szerint az alkot\u00e1s a k\u00f6z\u00f6ss\u00e9g egyszer\u0171bb \u00e9s aszk\u00e9tikusabb vall\u00e1soss\u00e1g\u00e1t t\u00fckr\u00f6zi. T\u00f6rt\u00e9neti levelez\u00e9sek arra utalnak, hogy Pole birtok\u00e1ban volt egy Michelangelo-f\u00e9le pieta 1546 k\u00f6r\u00fcl; a festm\u00e9ny k\u00e9s\u0151bb ak\u00e1r Alessandro Farnese b\u00edboros tulajdon\u00e1ba is ker\u00fclhetett, majd \u00e9vsz\u00e1zadokra elt\u0171nt a feljegyz\u00e9sekb\u0151l.<\/p>\n<p>A szak\u00e9rt\u0151k szerint <strong>m\u00e9g nincs bizony\u00edtva, hogy a festm\u00e9nyt val\u00f3ban Michelangelo festette<\/strong>. A kutat\u00f3k tov\u00e1bbi vizsg\u00e1latokat, valamint a nemzetk\u00f6zi Michelangelo-szak\u00e9rt\u0151k \u00e9rt\u00e9kel\u00e9s\u00e9t s\u00fcrgetik. Az eredm\u00e9nyek nyilv\u00e1noss\u00e1gra hozatal\u00e1val azt rem\u00e9lik, hogy nemzetk\u00f6zi szakmai vita indul a festm\u00e9ny eredet\u00e9r\u0151l.<\/p>\n<p>(MTI)<\/p>\n<div class=\"o-widget m-readMoreWidget -readMore u-shortDecorLineAfter row widget-container _ce_measure_widget bigdata-widget read-more\" data-ce-measure-widget=\"olvass tov\u00e1bb\">\n\t<div class=\"m-readMoreWidget__imgWrapper image-wrapper col-12 col-md-4 no-p\">\n\t\t<a class=\"m-readMoreWidget__imgLink\" href=\"https:\/\/www.startlap.hu\/utazas\/egyiptom-latnivalo-kiralyok-volgye\/\" >\n\t\t\t<img decoding=\"async\" src=\"https:\/\/www.startlap.hu\/utazas\/uploads\/sites\/3\/2025\/10\/egyiptom-350x285.jpg\" class=\"m-readMoreWidget__img\">\n\t\t<\/a>\n\t<\/div>\n\t<div class=\"m-readMoreWidget__titleWrapper title-wrapper col-12 col-md-8\">\n\t\t<span class=\"m-readMoreWidget__titleLabel u-shortDecorLineBefore label hidden-sm-up\">Ez is \u00e9rdekelhet:<\/span>\n\t\t<h3 class=\"m-readMoreWidget__title title\">\n\t\t\t<a class=\"m-readMoreWidget__titleLink -secondFont u-bold u-upperCase\" href=\"https:\/\/www.startlap.hu\/utazas\/egyiptom-latnivalo-kiralyok-volgye\/\" >H\u00fasz \u00e9v ut\u00e1n \u00fajra megnyitj\u00e1k Egyiptom egyik legfontosabb l\u00e1tnival\u00f3j\u00e1t<\/a>\n\t\t<\/h3>\n\t\t<a class=\"m-readMoreWidget__btn -coloredBack u-tC link\" href=\"https:\/\/www.startlap.hu\/utazas\/egyiptom-latnivalo-kiralyok-volgye\/\" >Elolvasom<\/a>\n\t<\/div>\n<\/div>\n","protected":false},"excerpt":{"rendered":"<p>Egy Belgiumban tal\u00e1lhat\u00f3 festm\u00e9nyr\u0151l felt\u00e9telezik kutat\u00f3k, hogy az olasz renesz\u00e1nsz mester, Michelangelo Buonarroti eddig ismeretlen alkot\u00e1sa lehet &#8211; sz\u00e1molt be r\u00f3la a Belga h\u00edr\u00fcgyn\u00f6ks\u00e9g p\u00e9nteken.<\/p>\n","protected":false},"author":14,"featured_media":104133,"comment_status":"closed","ping_status":"closed","sticky":false,"template":"","format":"standard","meta":{"footnotes":""},"categories":[70],"tags":[3363,8589],"class_list":["post-104132","post","type-post","status-publish","format-standard","has-post-thumbnail","hentry","category-vilag","tag-festmeny","tag-michelangelo-buonarotti"],"aioseo_notices":[],"_links":{"self":[{"href":"https:\/\/www.startlap.hu\/utazas\/wp-json\/wp\/v2\/posts\/104132","targetHints":{"allow":["GET"]}}],"collection":[{"href":"https:\/\/www.startlap.hu\/utazas\/wp-json\/wp\/v2\/posts"}],"about":[{"href":"https:\/\/www.startlap.hu\/utazas\/wp-json\/wp\/v2\/types\/post"}],"author":[{"embeddable":true,"href":"https:\/\/www.startlap.hu\/utazas\/wp-json\/wp\/v2\/users\/14"}],"replies":[{"embeddable":true,"href":"https:\/\/www.startlap.hu\/utazas\/wp-json\/wp\/v2\/comments?post=104132"}],"version-history":[{"count":2,"href":"https:\/\/www.startlap.hu\/utazas\/wp-json\/wp\/v2\/posts\/104132\/revisions"}],"predecessor-version":[{"id":104135,"href":"https:\/\/www.startlap.hu\/utazas\/wp-json\/wp\/v2\/posts\/104132\/revisions\/104135"}],"wp:featuredmedia":[{"embeddable":true,"href":"https:\/\/www.startlap.hu\/utazas\/wp-json\/wp\/v2\/media\/104133"}],"wp:attachment":[{"href":"https:\/\/www.startlap.hu\/utazas\/wp-json\/wp\/v2\/media?parent=104132"}],"wp:term":[{"taxonomy":"category","embeddable":true,"href":"https:\/\/www.startlap.hu\/utazas\/wp-json\/wp\/v2\/categories?post=104132"},{"taxonomy":"post_tag","embeddable":true,"href":"https:\/\/www.startlap.hu\/utazas\/wp-json\/wp\/v2\/tags?post=104132"}],"curies":[{"name":"wp","href":"https:\/\/api.w.org\/{rel}","templated":true}]}}