{"id":104106,"date":"2026-03-08T15:33:25","date_gmt":"2026-03-08T14:33:25","guid":{"rendered":"https:\/\/www.startlap.hu\/utazas\/?p=104106"},"modified":"2026-03-06T13:51:09","modified_gmt":"2026-03-06T12:51:09","slug":"legkevesbe-felkapott-uti-celok-europa","status":"publish","type":"post","link":"https:\/\/www.startlap.hu\/utazas\/legkevesbe-felkapott-uti-celok-europa\/","title":{"rendered":"Ezek Eur\u00f3pa legkev\u00e9sb\u00e9 felkapott \u00fati c\u00e9ljai: val\u00f3di rejtett kincsek!"},"content":{"rendered":"<p>Egy friss felm\u00e9r\u00e9s szerint <a href=\"https:\/\/www.startlap.hu\/utazas\/mallorca-tura-utvonal\/\" target=\"_blank\" rel=\"noopener\"><strong>Eur\u00f3p\u00e1ban<\/strong><\/a> m\u00e9g mindig sz\u00e1mos olyan \u00fati c\u00e9l l\u00e9tezik, amelyet a t\u00f6megturizmus alig \u00e9rint: ez a kutat\u00e1s azoknak sz\u00f3l, akik szeretn\u00e9k elker\u00fclni a zs\u00fafolt v\u00e1rosokat, a hossz\u00fa sorokat a m\u00fazeumokn\u00e1l \u00e9s a turist\u00e1kkal teli l\u00e1tv\u00e1nyoss\u00e1gokat.<\/p>\n<div class=\"o-widget m-readMoreWidget -readMore u-shortDecorLineAfter row widget-container _ce_measure_widget bigdata-widget read-more\" data-ce-measure-widget=\"olvass tov\u00e1bb\">\n\t<div class=\"m-readMoreWidget__imgWrapper image-wrapper col-12 col-md-4 no-p\">\n\t\t<a class=\"m-readMoreWidget__imgLink\" href=\"https:\/\/www.startlap.hu\/utazas\/gili-trawangan-31-fok-sziget-tengerpart-fotok\/\" >\n\t\t\t<img decoding=\"async\" src=\"https:\/\/www.startlap.hu\/utazas\/uploads\/sites\/3\/2026\/02\/gili2-350x285.jpg\" class=\"m-readMoreWidget__img\">\n\t\t<\/a>\n\t<\/div>\n\t<div class=\"m-readMoreWidget__titleWrapper title-wrapper col-12 col-md-8\">\n\t\t<span class=\"m-readMoreWidget__titleLabel u-shortDecorLineBefore label hidden-sm-up\">Ez is \u00e9rdekelhet:<\/span>\n\t\t<h3 class=\"m-readMoreWidget__title title\">\n\t\t\t<a class=\"m-readMoreWidget__titleLink -secondFont u-bold u-upperCase\" href=\"https:\/\/www.startlap.hu\/utazas\/gili-trawangan-31-fok-sziget-tengerpart-fotok\/\" >Eg\u00e9sz \u00e9vben 31 fok, nincsenek aut\u00f3k az \u00e1lomszigeten: a &#8222;vil\u00e1g legjobban \u00faszhat\u00f3 tengere&#8221; veszi k\u00f6r\u00fcl<\/a>\n\t\t<\/h3>\n\t\t<a class=\"m-readMoreWidget__btn -coloredBack u-tC link\" href=\"https:\/\/www.startlap.hu\/utazas\/gili-trawangan-31-fok-sziget-tengerpart-fotok\/\" >Elolvasom<\/a>\n\t<\/div>\n<\/div>\n<h2>Nem tal\u00e1ln\u00e1d ki, melyik a legkev\u00e9sb\u00e9 l\u00e1togatott orsz\u00e1g<\/h2>\n<p>A list\u00e1t a <strong>Riviera Travel<\/strong> utaz\u00e1si c\u00e9g \u00e1ll\u00edtotta \u00f6ssze az <strong>Eurostat<\/strong> adatai alapj\u00e1n. A rangsor azt vizsg\u00e1lta, <strong>mely eur\u00f3pai orsz\u00e1gokban t\u00f6lt\u00f6tt\u00e9k a turist\u00e1k a legkevesebb vend\u00e9g\u00e9jszak\u00e1t<\/strong> a sz\u00e1ll\u00e1shelyeken. Ez j\u00f3 mutat\u00f3ja annak, mennyire sz\u00e1m\u00edt egy orsz\u00e1g felkapott \u00fati c\u00e9lnak.<\/p>\n<blockquote class=\"article__extraTxt\"><p>A statisztik\u00e1k szerint Eur\u00f3pa legkev\u00e9sb\u00e9 l\u00e1togatott orsz\u00e1ga Liechtenstein.<\/p><\/blockquote>\n<p>A <strong>Sv\u00e1jc<\/strong> \u00e9s <strong>Ausztria<\/strong> k\u00f6z\u00f6tt fekv\u0151 apr\u00f3 \u00e1llamban 2024-ben mind\u00f6ssze 228 579 vend\u00e9g\u00e9jszak\u00e1t regisztr\u00e1ltak a turisztikai sz\u00e1ll\u00e1shelyeken. Ez messze a legalacsonyabb sz\u00e1m a kontinensen, \u00edgy a mini\u00e1llam az els\u0151 helyen v\u00e9gzett a rangsorban.<\/p>\n<figure id=\"attachment_104107\" aria-describedby=\"caption-attachment-104107\" style=\"width: 755px\" class=\"wp-caption alignnone\"><a href=\"https:\/\/www.startlap.hu\/utazas\/uploads\/sites\/3\/2026\/03\/lichtenstein.jpg\"><img loading=\"lazy\" decoding=\"async\" class=\"size-article-size-large-image wp-image-104107\" src=\"https:\/\/www.startlap.hu\/utazas\/uploads\/sites\/3\/2026\/03\/lichtenstein-755x566.jpg\" alt=\"Lichtenstein.\" width=\"755\" height=\"566\" srcset=\"https:\/\/www.startlap.hu\/utazas\/uploads\/sites\/3\/2026\/03\/lichtenstein-755x566.jpg 755w, https:\/\/www.startlap.hu\/utazas\/uploads\/sites\/3\/2026\/03\/lichtenstein-1536x1152.jpg 1536w, https:\/\/www.startlap.hu\/utazas\/uploads\/sites\/3\/2026\/03\/lichtenstein-85x65.jpg 85w, https:\/\/www.startlap.hu\/utazas\/uploads\/sites\/3\/2026\/03\/lichtenstein-467x350.jpg 467w, https:\/\/www.startlap.hu\/utazas\/uploads\/sites\/3\/2026\/03\/lichtenstein.jpg 2000w\" sizes=\"auto, (max-width: 755px) 100vw, 755px\" \/><\/a><figcaption id=\"caption-attachment-104107\" class=\"wp-caption-text\">Lichtenstein. Fot\u00f3: Getty Images<\/figcaption><\/figure>\n<p>A lista m\u00e1sodik hely\u00e9n <strong>\u00c9szak-Maced\u00f3nia<\/strong> szerepel t\u00f6bb mint 2,1 milli\u00f3 vend\u00e9g\u00e9jszak\u00e1val, m\u00edg a harmadik <strong>Luxemburg<\/strong> lett 3,6 milli\u00f3val. A kutat\u00e1s szerint ezek az orsz\u00e1gok szint\u00e9n j\u00f3 v\u00e1laszt\u00e1st jelenthetnek azoknak, akik nyugodtabb, kev\u00e9sb\u00e9 zs\u00fafolt eur\u00f3pai \u00fati c\u00e9lokat keresnek.<\/p>\n<p>A t\u00edzes lista tov\u00e1bbi helyezettjei k\u00f6z\u00f6tt szerepel <strong>Lettorsz\u00e1g<\/strong>, <strong>Montenegr\u00f3<\/strong>, <strong>\u00c9sztorsz\u00e1g<\/strong>, <a href=\"https:\/\/www.startlap.hu\/utazas\/albania-legszebb-strandok\/\" target=\"_blank\" rel=\"noopener\"><strong>Alb\u00e1nia<\/strong><\/a>, <strong>Litv\u00e1nia<\/strong>, <strong>M\u00e1lta<\/strong> \u00e9s <strong>Szerbia<\/strong>. A kutat\u00e1s szerint ezek az orsz\u00e1gok k\u00fcl\u00f6n\u00f6sen vonz\u00f3ak lehetnek azok sz\u00e1m\u00e1ra, akik autentikus \u00e9lm\u00e9nyeket, term\u00e9szeti sz\u00e9ps\u00e9geket \u00e9s helyi kultur\u00e1lis tapasztalatokat keresnek an\u00e9lk\u00fcl, hogy t\u00f6megturizmussal kellene szembes\u00fclni\u00fck.<\/p>\n<p><a href=\"https:\/\/lisboasecreta.co\/tesouros-escondidos-da-europa-paises-menos-turistas\/\" target=\"_blank\" target=\"_blank\" rel=\"noopener\">via<\/a><\/p>\n<div class=\"o-widget m-readMoreWidget -readMore u-shortDecorLineAfter row widget-container _ce_measure_widget bigdata-widget read-more\" data-ce-measure-widget=\"olvass tov\u00e1bb\">\n\t<div class=\"m-readMoreWidget__imgWrapper image-wrapper col-12 col-md-4 no-p\">\n\t\t<a class=\"m-readMoreWidget__imgLink\" href=\"https:\/\/www.startlap.hu\/utazas\/strand-kincsesbanya-megszunik\/\" >\n\t\t\t<img decoding=\"async\" src=\"https:\/\/www.startlap.hu\/utazas\/uploads\/sites\/3\/2026\/02\/GettyImages-914641336_11zon-350x285.jpg\" class=\"m-readMoreWidget__img\">\n\t\t<\/a>\n\t<\/div>\n\t<div class=\"m-readMoreWidget__titleWrapper title-wrapper col-12 col-md-8\">\n\t\t<span class=\"m-readMoreWidget__titleLabel u-shortDecorLineBefore label hidden-sm-up\">Ez is \u00e9rdekelhet:<\/span>\n\t\t<h3 class=\"m-readMoreWidget__title title\">\n\t\t\t<a class=\"m-readMoreWidget__titleLink -secondFont u-bold u-upperCase\" href=\"https:\/\/www.startlap.hu\/utazas\/strand-kincsesbanya-megszunik\/\" >Nyoma sem marad a strandnak az egyik legszebb nev\u0171 magyar telep\u00fcl\u00e9sen &#8211; egyszer\u0171en bet\u00f6mik a medenc\u00e9t!<\/a>\n\t\t<\/h3>\n\t\t<a class=\"m-readMoreWidget__btn -coloredBack u-tC link\" href=\"https:\/\/www.startlap.hu\/utazas\/strand-kincsesbanya-megszunik\/\" >Elolvasom<\/a>\n\t<\/div>\n<\/div>\n","protected":false},"excerpt":{"rendered":"<p>Eur\u00f3pa sz\u00e1mos orsz\u00e1ga m\u00e1r alig b\u00edr a l\u00e1togat\u00f3kkal: vannak azonban m\u00e9g helyek a kontinensen, ahov\u00e1 alig \u00e9rkeznek turist\u00e1k. Mutatjuk, melyek ezek!<\/p>\n","protected":false},"author":63,"featured_media":104107,"comment_status":"closed","ping_status":"closed","sticky":false,"template":"","format":"standard","meta":{"footnotes":""},"categories":[70],"tags":[38,6915,365,6698],"class_list":["post-104106","post","type-post","status-publish","format-standard","has-post-thumbnail","hentry","category-vilag","tag-europa","tag-lichtenstein","tag-rejtett-latnivalok","tag-vendegejszakak"],"aioseo_notices":[],"_links":{"self":[{"href":"https:\/\/www.startlap.hu\/utazas\/wp-json\/wp\/v2\/posts\/104106","targetHints":{"allow":["GET"]}}],"collection":[{"href":"https:\/\/www.startlap.hu\/utazas\/wp-json\/wp\/v2\/posts"}],"about":[{"href":"https:\/\/www.startlap.hu\/utazas\/wp-json\/wp\/v2\/types\/post"}],"author":[{"embeddable":true,"href":"https:\/\/www.startlap.hu\/utazas\/wp-json\/wp\/v2\/users\/63"}],"replies":[{"embeddable":true,"href":"https:\/\/www.startlap.hu\/utazas\/wp-json\/wp\/v2\/comments?post=104106"}],"version-history":[{"count":1,"href":"https:\/\/www.startlap.hu\/utazas\/wp-json\/wp\/v2\/posts\/104106\/revisions"}],"predecessor-version":[{"id":104108,"href":"https:\/\/www.startlap.hu\/utazas\/wp-json\/wp\/v2\/posts\/104106\/revisions\/104108"}],"wp:featuredmedia":[{"embeddable":true,"href":"https:\/\/www.startlap.hu\/utazas\/wp-json\/wp\/v2\/media\/104107"}],"wp:attachment":[{"href":"https:\/\/www.startlap.hu\/utazas\/wp-json\/wp\/v2\/media?parent=104106"}],"wp:term":[{"taxonomy":"category","embeddable":true,"href":"https:\/\/www.startlap.hu\/utazas\/wp-json\/wp\/v2\/categories?post=104106"},{"taxonomy":"post_tag","embeddable":true,"href":"https:\/\/www.startlap.hu\/utazas\/wp-json\/wp\/v2\/tags?post=104106"}],"curies":[{"name":"wp","href":"https:\/\/api.w.org\/{rel}","templated":true}]}}