{"id":104088,"date":"2026-03-05T19:17:26","date_gmt":"2026-03-05T18:17:26","guid":{"rendered":"https:\/\/www.startlap.hu\/utazas\/?p=104088"},"modified":"2026-03-05T19:18:38","modified_gmt":"2026-03-05T18:18:38","slug":"turizmus-dragulas-kozel-kelet-haboru","status":"publish","type":"post","link":"https:\/\/www.startlap.hu\/utazas\/turizmus-dragulas-kozel-kelet-haboru\/","title":{"rendered":"\u00d3ri\u00e1sit dr\u00e1gulhat a turizmus, a nyaral\u00e1st is \u00e9rintheti"},"content":{"rendered":"<p>B\u00facs\u00fat inthet\u00fcnk a kedvez\u0151 \u00e1r\u00fa utaz\u00e1soknak? Az idei h\u00e1bor\u00fas fesz\u00fclts\u00e9gek drasztikus \u00e1remelked\u00e9st \u00e9s glob\u00e1lis k\u00f6zleked\u00e9si k\u00e1oszt id\u00e9ztek el\u0151 &#8211; \u00edrja a <strong><a href=\"https:\/\/www.cnbc.com\/2026\/03\/05\/iran-war-travel-flights-cruise-hotels.html\" target=\"_blank\" target=\"_blank\" rel=\"noopener\">CNBC<\/a><\/strong>.<\/p>\n<div class=\"o-widget m-readMoreWidget -readMore u-shortDecorLineAfter row widget-container _ce_measure_widget bigdata-widget read-more\" data-ce-measure-widget=\"olvass tov\u00e1bb\">\n\t<div class=\"m-readMoreWidget__imgWrapper image-wrapper col-12 col-md-4 no-p\">\n\t\t<a class=\"m-readMoreWidget__imgLink\" href=\"https:\/\/www.startlap.hu\/utazas\/etterem-fizetes-baratok-pincer\/\" >\n\t\t\t<img decoding=\"async\" src=\"https:\/\/www.startlap.hu\/utazas\/uploads\/sites\/3\/2026\/02\/etterem-baratok-350x285.jpg\" class=\"m-readMoreWidget__img\">\n\t\t<\/a>\n\t<\/div>\n\t<div class=\"m-readMoreWidget__titleWrapper title-wrapper col-12 col-md-8\">\n\t\t<span class=\"m-readMoreWidget__titleLabel u-shortDecorLineBefore label hidden-sm-up\">Ez is \u00e9rdekelhet:<\/span>\n\t\t<h3 class=\"m-readMoreWidget__title title\">\n\t\t\t<a class=\"m-readMoreWidget__titleLink -secondFont u-bold u-upperCase\" href=\"https:\/\/www.startlap.hu\/utazas\/etterem-fizetes-baratok-pincer\/\" >Kifizettem az eg\u00e9sz asztal sz\u00e1ml\u00e1j\u00e1t &#8211; a pinc\u00e9r t\u00e1voz\u00e1skor meg\u00e1ll\u00edtott<\/a>\n\t\t<\/h3>\n\t\t<a class=\"m-readMoreWidget__btn -coloredBack u-tC link\" href=\"https:\/\/www.startlap.hu\/utazas\/etterem-fizetes-baratok-pincer\/\" >Elolvasom<\/a>\n\t<\/div>\n<\/div>\n<p><strong>A vil\u00e1g turizmus\u00e1t t\u00e9rdre k\u00e9nyszer\u00edtett\u00e9k<\/strong> az idei geopolitikai v\u00e1ls\u00e1gok, k\u00f6zt\u00fck az ir\u00e1ni harcok, a mexik\u00f3i zavarg\u00e1sok \u00e9s a venezuelai katonai akci\u00f3k.<\/p>\n<p>A szektor jelent\u0151s\u00e9g\u00e9t jelzi, hogy a nemzetk\u00f6zi ipar\u00e1gi szervezet, a World Travel &amp; Tourism Council kimutat\u00e1sa alapj\u00e1n <strong>11,7 billi\u00f3 doll\u00e1rt tesz hozz\u00e1 a glob\u00e1lis GDP-hez<\/strong>.<\/p>\n<p>Jelenleg utaz\u00f3k t\u00f6megei nem tudnak hazajutni, mik\u00f6zben rep\u00fcl\u0151j\u00e1ratok ezreit nem ind\u00edtj\u00e1k el a l\u00e9git\u00e1rsas\u00e1gok. A CNBC jelent\u00e9se szerint a vend\u00e9gl\u00e1t\u00f3ipar \u00e9s az \u00f3ce\u00e1ni \u00fcd\u00fcl\u0151haj\u00f3k \u00fczemeltet\u0151i is <strong>s\u00falyos anyagi k\u00e1rokat szenvednek el.<\/strong><\/p>\n<h2>L\u00e9gik\u00f6zleked\u00e9si kr\u00edzis a K\u00f6zel-Keleten<\/h2>\n<p>Soha nem l\u00e1tott felfordul\u00e1st hozott a rep\u00fcl\u00e9sben a m\u00falt h\u00e9tv\u00e9gi amerikai-izraeli offenz\u00edva Ir\u00e1n ellen. A l\u00e9gterek lez\u00e1r\u00e1sa miatt <strong>szombat \u00f3ta h\u00faszezer<\/strong> feletti j\u00e1ratmarad\u00e1sr\u00f3l \u00e9s t\u00f6bb mint <strong>egymilli\u00f3, tranzitokban vesztegl\u0151 utasr\u00f3l<\/strong> sz\u00e1molt be a l\u00e9gik\u00f6zleked\u00e9si adatelemz\u0151 c\u00e9g, a Cirium.<\/p>\n<figure id=\"attachment_104089\" aria-describedby=\"caption-attachment-104089\" style=\"width: 755px\" class=\"wp-caption alignnone\"><img loading=\"lazy\" decoding=\"async\" class=\"size-article-size-large-image wp-image-104089\" src=\"https:\/\/www.startlap.hu\/utazas\/uploads\/sites\/3\/2026\/03\/torolt_jaratok_tabla_-755x503.jpg\" alt=\"L\u00e9gij\u00e1ratok t\u00f6rl\u00e9s\u00e9t jelzi a rept\u00e9ri t\u00e1bla\" width=\"755\" height=\"503\" srcset=\"https:\/\/www.startlap.hu\/utazas\/uploads\/sites\/3\/2026\/03\/torolt_jaratok_tabla_-755x503.jpg 755w, https:\/\/www.startlap.hu\/utazas\/uploads\/sites\/3\/2026\/03\/torolt_jaratok_tabla_-525x350.jpg 525w, https:\/\/www.startlap.hu\/utazas\/uploads\/sites\/3\/2026\/03\/torolt_jaratok_tabla_.jpg 1200w\" sizes=\"auto, (max-width: 755px) 100vw, 755px\" \/><figcaption id=\"caption-attachment-104089\" class=\"wp-caption-text\">A k\u00f6zel-keleti h\u00e1bor\u00fa teljesen felbor\u00edtotta a turizmust \/ Fot\u00f3: Getty Images<\/figcaption><\/figure>\n<p>Teher\u00e1n ellencsap\u00e1saival az Em\u00edrs\u00e9geket is c\u00e9lba vette, k\u00f6zvetlen vesz\u00e9lybe sodorva a vil\u00e1g legjelent\u0151sebb l\u00e9gik\u00f6zleked\u00e9si csom\u00f3pontj\u00e1t, <strong><a href=\"https:\/\/www.startlap.hu\/utazas\/kozel-kelet-dubaj-abu-dzabi-magyarok-iran-legitamadas\/\" target=\"_blank\" rel=\"noopener\">Dubajt<\/a><\/strong>. A konfliktus kiterjedt Katarra, Jord\u00e1ni\u00e1ra, Izraelre \u00e9s Ciprusra is. Az adok-kapok jelleg\u0171 t\u00e1mad\u00e1sok miatt a szolg\u00e1ltat\u00f3k mozg\u00e1stere minim\u00e1lisra sz\u0171k\u00fclt az emberek kimenek\u00edt\u00e9se ter\u00e9n.<\/p>\n<p>Sz\u00e1mos orsz\u00e1g hazah\u00edvta \u00e1llampolg\u00e1rait a t\u00e9rs\u00e9gb\u0151l, \u00e9s k\u00fcl\u00f6nj\u00e1ratokkal pr\u00f3b\u00e1lj\u00e1k kimenteni a k\u00f6rnyez\u0151 arab \u00e1llamokban \u00e9s <strong><a href=\"https:\/\/www.startlap.hu\/utazas\/kozel-keleten-joradnia-legterzar-magyarok\/\" target=\"_blank\" rel=\"noopener\">Izraelben<\/a><\/strong> rekedt magyarokat is.<\/p>\n<h2>T\u00f6rt\u00e9nelmi p\u00e1rhuzamok \u00e9s glob\u00e1lis bizonytalans\u00e1g<\/h2>\n<p>Az Atmosphere Research Group nemzetk\u00f6zi piackutat\u00f3 vezet\u0151je, Henry Harteveldt \u00fagy v\u00e9li, a pand\u00e9mia v\u00e9ge \u00f3ta ez a legs\u00falyosabb sokk, ami az <strong>utaz\u00e1si piacot \u00e9rte.<\/strong><\/p>\n<p>A szakember szerint a glob\u00e1lis le\u00e1ll\u00e1s m\u00e9rt\u00e9ke a 2001-es terrort\u00e1mad\u00e1sok ut\u00e1ni id\u0151szak dr\u00e1mai \u00e1llapotait id\u00e9zi. Nem csak a k\u00f6zel-keleti fesz\u00fclts\u00e9g okoz fejt\u00f6r\u00e9st a vil\u00e1gban.<\/p>\n<p>Janu\u00e1r elej\u00e9n amerikai katonai akci\u00f3 zajlott Venezuel\u00e1ban, amelynek v\u00e9g\u00e9n \u0151rizetbe vett\u00e9k Nicol\u00e1s Maduro \u00e1llamf\u0151t \u00e9s h\u00e1zast\u00e1rs\u00e1t. A beavatkoz\u00e1s k\u00f6vetkezt\u00e9ben a Karib-t\u00e9rs\u00e9g feletti rep\u00fcl\u00e9st betiltott\u00e1k.<\/p>\n<p>Ennek eredm\u00e9nyek\u00e9nt sz\u00e1mos <strong>nyaral\u00f3 v\u00e1lt a k\u00f6r\u00fclm\u00e9nyek fogly\u00e1v\u00e1<\/strong> az ottani pr\u00e9mium hotelekben.<\/p>\n<p>M\u00falt h\u00f3napban Mexik\u00f3ban is k\u00e9nyszerpihen\u0151re k\u00e1rhoztatt\u00e1k a g\u00e9peket, megb\u00e9n\u00edtva a k\u00f6zkedvelt \u00fcd\u00fcl\u0151helyek forgalm\u00e1t. Akkor mindezt egy b\u0171nbanda vezet\u0151j\u00e9nek likvid\u00e1l\u00e1sa ut\u00e1ni kialakult helyzet okozta.&nbsp;<\/p>\n<div class=\"o-widget m-readMoreWidget -readMore u-shortDecorLineAfter row widget-container _ce_measure_widget bigdata-widget read-more\" data-ce-measure-widget=\"olvass tov\u00e1bb\">\n\t<div class=\"m-readMoreWidget__imgWrapper image-wrapper col-12 col-md-4 no-p\">\n\t\t<a class=\"m-readMoreWidget__imgLink\" href=\"https:\/\/www.startlap.hu\/utazas\/katar-vizum-meghosszabitas-legterzar\/\" >\n\t\t\t<img decoding=\"async\" src=\"https:\/\/www.startlap.hu\/utazas\/uploads\/sites\/3\/2026\/03\/katar-350x285.jpg\" class=\"m-readMoreWidget__img\">\n\t\t<\/a>\n\t<\/div>\n\t<div class=\"m-readMoreWidget__titleWrapper title-wrapper col-12 col-md-8\">\n\t\t<span class=\"m-readMoreWidget__titleLabel u-shortDecorLineBefore label hidden-sm-up\">Ez is \u00e9rdekelhet:<\/span>\n\t\t<h3 class=\"m-readMoreWidget__title title\">\n\t\t\t<a class=\"m-readMoreWidget__titleLink -secondFont u-bold u-upperCase\" href=\"https:\/\/www.startlap.hu\/utazas\/katar-vizum-meghosszabitas-legterzar\/\" >Megnyugtat\u00f3 h\u00edr a Katarban rekedt turist\u00e1knak: \u00edgy t\u00e1mogatja \u0151ket az \u00e1llam<\/a>\n\t\t<\/h3>\n\t\t<a class=\"m-readMoreWidget__btn -coloredBack u-tC link\" href=\"https:\/\/www.startlap.hu\/utazas\/katar-vizum-meghosszabitas-legterzar\/\" >Elolvasom<\/a>\n\t<\/div>\n<\/div>\n","protected":false},"excerpt":{"rendered":"<p>\u00d6sszeoml\u00e1s a l\u00e9gt\u00e9rben: az ir\u00e1ni h\u00e1bor\u00fa miatt soha nem l\u00e1tott k\u00e1osz b\u00e9n\u00edtja a rep\u00fcl\u00e9st. Ez a fordulat v\u00e9gleg megpecs\u00e9telheti az olcs\u00f3 rep\u00fcl\u0151jegyek sors\u00e1t. <\/p>\n","protected":false},"author":8,"featured_media":104089,"comment_status":"closed","ping_status":"closed","sticky":false,"template":"","format":"standard","meta":{"footnotes":""},"categories":[70],"tags":[2218,2472,1245,166],"class_list":["post-104088","post","type-post","status-publish","format-standard","has-post-thumbnail","hentry","category-vilag","tag-dragulas","tag-jaratfelfuggesztes","tag-kozel-kelet","tag-repulojegy"],"aioseo_notices":[],"_links":{"self":[{"href":"https:\/\/www.startlap.hu\/utazas\/wp-json\/wp\/v2\/posts\/104088","targetHints":{"allow":["GET"]}}],"collection":[{"href":"https:\/\/www.startlap.hu\/utazas\/wp-json\/wp\/v2\/posts"}],"about":[{"href":"https:\/\/www.startlap.hu\/utazas\/wp-json\/wp\/v2\/types\/post"}],"author":[{"embeddable":true,"href":"https:\/\/www.startlap.hu\/utazas\/wp-json\/wp\/v2\/users\/8"}],"replies":[{"embeddable":true,"href":"https:\/\/www.startlap.hu\/utazas\/wp-json\/wp\/v2\/comments?post=104088"}],"version-history":[{"count":3,"href":"https:\/\/www.startlap.hu\/utazas\/wp-json\/wp\/v2\/posts\/104088\/revisions"}],"predecessor-version":[{"id":104092,"href":"https:\/\/www.startlap.hu\/utazas\/wp-json\/wp\/v2\/posts\/104088\/revisions\/104092"}],"wp:featuredmedia":[{"embeddable":true,"href":"https:\/\/www.startlap.hu\/utazas\/wp-json\/wp\/v2\/media\/104089"}],"wp:attachment":[{"href":"https:\/\/www.startlap.hu\/utazas\/wp-json\/wp\/v2\/media?parent=104088"}],"wp:term":[{"taxonomy":"category","embeddable":true,"href":"https:\/\/www.startlap.hu\/utazas\/wp-json\/wp\/v2\/categories?post=104088"},{"taxonomy":"post_tag","embeddable":true,"href":"https:\/\/www.startlap.hu\/utazas\/wp-json\/wp\/v2\/tags?post=104088"}],"curies":[{"name":"wp","href":"https:\/\/api.w.org\/{rel}","templated":true}]}}