{"id":104026,"date":"2026-03-05T13:07:29","date_gmt":"2026-03-05T12:07:29","guid":{"rendered":"https:\/\/www.startlap.hu\/utazas\/?p=104026"},"modified":"2026-03-05T13:59:30","modified_gmt":"2026-03-05T12:59:30","slug":"kozel-kelet-mentesito-jaratok-magyarok","status":"publish","type":"post","link":"https:\/\/www.startlap.hu\/utazas\/kozel-kelet-mentesito-jaratok-magyarok\/","title":{"rendered":"K\u00f6zel-Keleten rekedt magyarok: kider\u00fclt, kiket hoznak el\u0151sz\u00f6r haza a mentes\u00edt\u0151 j\u00e1ratok"},"content":{"rendered":"<p>A korm\u00e1ny felp\u00f6rgeti a mentes\u00edt\u0151 j\u00e1ratok forgalm\u00e1t a <a href=\"https:\/\/www.startlap.hu\/utazas\/olaj-repjegy-uzemanyag-arak-emelkedes-kozel-kelet\/\" target=\"_blank\" rel=\"noopener\">K\u00f6zel-Keleten rekedt<\/a> magyarok hazajuttat\u00e1sa \u00e9rdek\u00e9ben, \u00edgy a k\u00f6vetkez\u0151 napokban mentes\u00edt\u0151 j\u00e1ratok indulnak Jord\u00e1ni\u00e1b\u00f3l, Egyiptomb\u00f3l, Sza\u00fad-Ar\u00e1bi\u00e1b\u00f3l \u00e9s Egyes\u00fclt Arab Em\u00edrs\u00e9gekb\u0151l is &#8211; k\u00f6z\u00f6lte Szijj\u00e1rt\u00f3 P\u00e9ter k\u00fclgazdas\u00e1gi \u00e9s k\u00fcl\u00fcgyminiszter kedden a Facebookon k\u00f6zz\u00e9tett vide\u00f3j\u00e1ban.<\/p>\n<div class=\"o-widget m-readMoreWidget -readMore u-shortDecorLineAfter row widget-container _ce_measure_widget bigdata-widget read-more\" data-ce-measure-widget=\"olvass tov\u00e1bb\">\n\t<div class=\"m-readMoreWidget__imgWrapper image-wrapper col-12 col-md-4 no-p\">\n\t\t<a class=\"m-readMoreWidget__imgLink\" href=\"https:\/\/www.startlap.hu\/utazas\/strand-kincsesbanya-megszunik\/\" >\n\t\t\t<img decoding=\"async\" src=\"https:\/\/www.startlap.hu\/utazas\/uploads\/sites\/3\/2026\/02\/GettyImages-914641336_11zon-350x285.jpg\" class=\"m-readMoreWidget__img\">\n\t\t<\/a>\n\t<\/div>\n\t<div class=\"m-readMoreWidget__titleWrapper title-wrapper col-12 col-md-8\">\n\t\t<span class=\"m-readMoreWidget__titleLabel u-shortDecorLineBefore label hidden-sm-up\">Ez is \u00e9rdekelhet:<\/span>\n\t\t<h3 class=\"m-readMoreWidget__title title\">\n\t\t\t<a class=\"m-readMoreWidget__titleLink -secondFont u-bold u-upperCase\" href=\"https:\/\/www.startlap.hu\/utazas\/strand-kincsesbanya-megszunik\/\" >Nyoma sem marad a strandnak az egyik legszebb nev\u0171 magyar telep\u00fcl\u00e9sen &#8211; egyszer\u0171en bet\u00f6mik a medenc\u00e9t!<\/a>\n\t\t<\/h3>\n\t\t<a class=\"m-readMoreWidget__btn -coloredBack u-tC link\" href=\"https:\/\/www.startlap.hu\/utazas\/strand-kincsesbanya-megszunik\/\" >Elolvasom<\/a>\n\t<\/div>\n<\/div>\n<p>A t\u00e1rcavezet\u0151 arr\u00f3l sz\u00e1molt be, hogy a biztons\u00e1gi helyzet tov\u00e1bb romlik a K\u00f6zel-Keleten, Ir\u00e1n <a href=\"https:\/\/www.startlap.hu\/utazas\/kozel-kelet-dubaj-abu-dzabi-magyarok-iran-legitamadas\/\" target=\"_blank\" rel=\"noopener\">l\u00e9gi csap\u00e1sai<\/a> tov\u00e1bbra is s\u00fajtj\u00e1k az eg\u00e9sz t\u00e9rs\u00e9get, ez\u00e9rt a l\u00e9gterek csak korl\u00e1tozottan vagy egy\u00e1ltal\u00e1n nincsenek nyitva, sz\u00e1mos j\u00e1rat t\u00f6rl\u00e9sre ker\u00fclt, sz\u00e1mos l\u00e9git\u00e1rsas\u00e1g nem vagy csak nagyon korl\u00e1tozottan \u00fczemeltet j\u00e1ratokat.<\/p>\n<h2>Rengetegen ig\u00e9nyelnek konzuli v\u00e9delmet<\/h2>\n<p>&#8222;Nagyon megn\u0151tt a konzuli v\u00e9delemre regisztr\u00e1lt magyarok sz\u00e1ma, most m\u00e1r <strong>lassan el\u00e9ri a hatezret<\/strong>, k\u00f6z\u00fcl\u00fck a legt\u00f6bben, t\u00f6bb mint h\u00e1romezren az Egyes\u00fclt Arab Emir\u00e1tusokban, alapvet\u0151en Dubajban regisztr\u00e1ltak konzuli v\u00e9delemre. Ez\u00e9rt most felp\u00f6rgetj\u00fck a mentes\u00edt\u0151 j\u00e1ratok forgalm\u00e1t, ami nem egyszer\u0171 t\u00f6bb okn\u00e1l fogva sem, egyr\u00e9szt a l\u00e9g\u00fcgyi hat\u00f3s\u00e1gok csak nagyon \u00f3vatosan adnak berep\u00fcl\u00e9si enged\u00e9lyeket, m\u00e1sr\u00e9szt <strong>nem minden l\u00e9git\u00e1rsas\u00e1g v\u00e1llalja a rep\u00fcl\u00e9st<\/strong>&#8221; &#8211; tudatta.<\/p>\n<figure id=\"attachment_104031\" aria-describedby=\"caption-attachment-104031\" style=\"width: 755px\" class=\"wp-caption alignnone\"><a href=\"https:\/\/www.startlap.hu\/utazas\/uploads\/sites\/3\/2026\/03\/legiforgalom-kijelzo-repuloter-utasok.jpg\"><img loading=\"lazy\" decoding=\"async\" class=\"size-article-size-large-image wp-image-104031\" src=\"https:\/\/www.startlap.hu\/utazas\/uploads\/sites\/3\/2026\/03\/legiforgalom-kijelzo-repuloter-utasok-755x399.jpg\" alt=\"J\u00e1ratt\u00f6rl\u00e9sek egy rep\u00fcl\u0151t\u00e9ri kijelz\u0151n, az el\u0151t\u00e9rben utasok.\" width=\"755\" height=\"399\" srcset=\"https:\/\/www.startlap.hu\/utazas\/uploads\/sites\/3\/2026\/03\/legiforgalom-kijelzo-repuloter-utasok-755x399.jpg 755w, https:\/\/www.startlap.hu\/utazas\/uploads\/sites\/3\/2026\/03\/legiforgalom-kijelzo-repuloter-utasok-320x170.jpg 320w, https:\/\/www.startlap.hu\/utazas\/uploads\/sites\/3\/2026\/03\/legiforgalom-kijelzo-repuloter-utasok-662x350.jpg 662w, https:\/\/www.startlap.hu\/utazas\/uploads\/sites\/3\/2026\/03\/legiforgalom-kijelzo-repuloter-utasok.jpg 1500w\" sizes=\"auto, (max-width: 755px) 100vw, 755px\" \/><\/a><figcaption id=\"caption-attachment-104031\" class=\"wp-caption-text\">A l\u00e9gterek csak korl\u00e1tozottan vagy egy\u00e1ltal\u00e1n nincsenek nyitva. Fot\u00f3: AFP<\/figcaption><\/figure>\n<p>T\u00e1j\u00e9koztat\u00e1sa szerint cs\u00fct\u00f6rt\u00f6k\u00f6n kora este Amm\u00e1nb\u00f3l \u00fajabb 88 embert hoznak haza Budapestre, akik k\u00f6z\u00fcl 75-en most l\u00e9pik \u00e1t Izrael fel\u0151l a sz\u00e1razf\u00f6ldi hat\u00e1rt, ahogy p\u00e9nteken az egyiptomi Sarm es-Sejkb\u0151l is az Izraelb\u0151l oda \u00e1tkel\u0151 magyarokat sz\u00e1ll\u00edtj\u00e1k majd haza. Emellett &#8211; mint k\u00f6z\u00f6lte &#8211; szerz\u0151d\u00e9st k\u00f6t\u00f6ttek a Flydubai-jal, amelynek \u00e9rtelm\u00e9ben cs\u00fct\u00f6rt\u00f6kre \u00e9s p\u00e9ntekre is tudtak b\u00e9relni egy rep\u00fcl\u0151g\u00e9pet, hogy megkezdhess\u00e9k a Dubajban rekedt magyarok hazajuttat\u00e1s\u00e1t. Mit fogalmazott:&nbsp;<\/p>\n<blockquote class=\"article__extraTxt\"><p>&#8222;Most el\u0151sz\u00f6r a kisgyerekkel utaz\u00f3kat, a nagyon r\u00e9g\u00f3ta ott tart\u00f3zkod\u00f3kat, illet\u0151leg az eg\u00e9szs\u00e9g\u00fcgyi ell\u00e1t\u00e1sra, kezel\u00e9sre szorul\u00f3kat kezdj\u00fck el hazasz\u00e1ll\u00edtani.<\/p><\/blockquote>\n<p>&#8222;A Flydubai jelenlegi inform\u00e1ci\u00f3i szerint valamikor a ma esti \u00f3r\u00e1kban, 8 \u00f3ra ut\u00e1n kap felsz\u00e1ll\u00e1si enged\u00e9lyt a mentes\u00edt\u0151 j\u00e1ratunk.&#8221; &#8211; h\u00fazta al\u00e1.<\/p>\n<h2>Alkudoznak a l\u00e9tsz\u00e1mr\u00f3l<\/h2>\n<p>&#8222;A Flydubai-jal k\u00f6t\u00f6tt szerz\u0151d\u00e9s \u00e9rtelm\u00e9ben a holnapi napon is b\u00e9rel\u00fcnk ett\u0151l a l\u00e9git\u00e1rsas\u00e1gt\u00f3l egy rep\u00fcl\u0151g\u00e9pet, azt holnap reggel fogj\u00e1k k\u00f6z\u00f6lni vel\u00fcnk, hogy mikorra kapnak felsz\u00e1ll\u00e1si enged\u00e9lyt. \u00d6sszesen <strong>174 utas f\u00e9r fel maximum egy Flydubai-j\u00e1ratra<\/strong>, a biztons\u00e1gi okok \u00e9s a tankolhat\u00f3 kerozin mennyis\u00e9g\u00e9t\u0151l f\u00fcgg\u0151en adja majd meg a l\u00e9tsz\u00e1mot a Flydubai. A mai napra egyel\u0151re 135 f\u0151 sz\u00e1ll\u00edt\u00e1s\u00e1t hagyt\u00e1k j\u00f3v\u00e1, m\u00e9g t\u00e1rgyalunk vel\u00fck, hogy ezt a l\u00e9tsz\u00e1mot valahogy 174 fel\u00e9 jobban k\u00f6zel\u00edteni tudjuk&#8221; &#8211; tette hozz\u00e1.<\/p>\n<p>Szijj\u00e1rt\u00f3 P\u00e9ter azzal folytatta, hogy szombaton \u00e9s vas\u00e1rnap k\u00e9t-k\u00e9t j\u00e1ratot fognak ind\u00edtani a sza\u00fad-ar\u00e1biai Rij\u00e1d \u00e9s Budapest k\u00f6z\u00f6tt. &#8222;Rij\u00e1db\u00f3l egyr\u00e9szt elhozzuk az ott, Sza\u00fad-Ar\u00e1bi\u00e1ban rekedteket, \u00e9s elhozzuk mindazokat, akik Katarban rekedtek. Az \u0151 utaz\u00e1sukat Rij\u00e1dba seg\u00edtj\u00fck, \u00e9s fenntartjuk a helyeket azoknak, akik Dubajb\u00f3l v\u00e1llalj\u00e1k a Rij\u00e1dba t\u00f6rt\u00e9n\u0151 \u00e1tkel\u00e9st. Ez egy 20 \u00f3r\u00e1s utaz\u00e1s, akik ezt v\u00e1llalj\u00e1k Dubajb\u00f3l (&#8230;) azokat haza fogjuk hozni&#8221; &#8211; mondta.<\/p>\n<p>&#8222;Teh\u00e1t ma Jord\u00e1ni\u00e1b\u00f3l az Izraelben rekedteket, holnap Egyiptomb\u00f3l szint\u00e9n az Izraelben rekedteket, ma \u00e9s holnap este a Flydubai kib\u00e9relt j\u00e1rat\u00e1val Dubajb\u00f3l az els\u0151 k\u00e9t kontingenst, szombaton \u00e9s vas\u00e1rnap pedig \u00f6sszesen n\u00e9gy j\u00e1rattal Rij\u00e1db\u00f3l a <a href=\"https:\/\/www.startlap.hu\/utazas\/katar-hutott-setany-legkondi\/\" target=\"_blank\" rel=\"noopener\">Katarban<\/a> rekedteket, Sza\u00fad-Ar\u00e1bi\u00e1ban rekedteket \u00e9s azokat, akik Dubajb\u00f3l v\u00e1llalj\u00e1k az \u00e1tutaz\u00e1st, \u0151ket fogjuk hazahozni&#8221; &#8211; \u00f6sszegzett. Illetve kiemelte, hogy dolgoznak m\u00e9g az Om\u00e1nban rekedt magyarok hazajuttat\u00e1s\u00e1n is, azonban a l\u00e9git\u00e1rsas\u00e1gok egyel\u0151re k\u00fcl\u00f6nb\u00f6z\u0151 biztons\u00e1gi okok miatt nem akarj\u00e1k v\u00e1llalni a rep\u00fcl\u00e9st, de nem adj\u00e1k fel.<\/p>\n<p>&#8222;Az utaslist\u00e1k \u00f6ssze\u00e1ll\u00edt\u00e1sa zajlik, folyamatosan \u00e9rtes\u00edtik ki a koll\u00e9g\u00e1im mindazokat, akik sz\u00e1m\u00e1ra a k\u00f6vetkez\u0151 napokban a hazat\u00e9r\u00e9s lehet\u0151s\u00e9ge biztos\u00edtott lesz. Dolgozunk azon, hogy min\u00e9l t\u00f6bb magyart min\u00e9l gyorsabban haza tudjunk juttatni&#8221; &#8211; z\u00e1rta mondand\u00f3j\u00e1t.<\/p>\n<p>(MTI)<\/p>\n<div class=\"o-widget m-readMoreWidget -readMore u-shortDecorLineAfter row widget-container _ce_measure_widget bigdata-widget read-more\" data-ce-measure-widget=\"olvass tov\u00e1bb\">\n\t<div class=\"m-readMoreWidget__imgWrapper image-wrapper col-12 col-md-4 no-p\">\n\t\t<a class=\"m-readMoreWidget__imgLink\" href=\"https:\/\/www.startlap.hu\/utazas\/nemetorszag-sziget-steinhuder-to\/\" >\n\t\t\t<img decoding=\"async\" src=\"https:\/\/www.startlap.hu\/utazas\/uploads\/sites\/3\/2026\/03\/wilhelmstein6-350x285.jpg\" class=\"m-readMoreWidget__img\">\n\t\t<\/a>\n\t<\/div>\n\t<div class=\"m-readMoreWidget__titleWrapper title-wrapper col-12 col-md-8\">\n\t\t<span class=\"m-readMoreWidget__titleLabel u-shortDecorLineBefore label hidden-sm-up\">Ez is \u00e9rdekelhet:<\/span>\n\t\t<h3 class=\"m-readMoreWidget__title title\">\n\t\t\t<a class=\"m-readMoreWidget__titleLink -secondFont u-bold u-upperCase\" href=\"https:\/\/www.startlap.hu\/utazas\/nemetorszag-sziget-steinhuder-to\/\" >K\u00e9peken N\u00e9metorsz\u00e1g legkisebb lakott szigete<\/a>\n\t\t<\/h3>\n\t\t<a class=\"m-readMoreWidget__btn -coloredBack u-tC link\" href=\"https:\/\/www.startlap.hu\/utazas\/nemetorszag-sziget-steinhuder-to\/\" >Elolvasom<\/a>\n\t<\/div>\n<\/div>\n","protected":false},"excerpt":{"rendered":"<p>Jelent\u0151sen megn\u0151tt a konzuli v\u00e9delemre regisztr\u00e1lt magyarok sz\u00e1ma a K\u00f6zel-Keleten. Mentes\u00edt\u0151 j\u00e1ratok indulnak Jord\u00e1ni\u00e1b\u00f3l, Egyiptomb\u00f3l, Sza\u00fad-Ar\u00e1bi\u00e1b\u00f3l \u00e9s Egyes\u00fclt Arab Em\u00edrs\u00e9gekb\u0151l is.<\/p>\n","protected":false},"author":7,"featured_media":104031,"comment_status":"closed","ping_status":"closed","sticky":false,"template":"","format":"standard","meta":{"footnotes":""},"categories":[70],"tags":[5400,1412,1245,1702,6614],"class_list":["post-104026","post","type-post","status-publish","format-standard","has-post-thumbnail","hentry","category-vilag","tag-flydubai","tag-iran","tag-kozel-kelet","tag-legiforgalom","tag-legterzar"],"aioseo_notices":[],"_links":{"self":[{"href":"https:\/\/www.startlap.hu\/utazas\/wp-json\/wp\/v2\/posts\/104026","targetHints":{"allow":["GET"]}}],"collection":[{"href":"https:\/\/www.startlap.hu\/utazas\/wp-json\/wp\/v2\/posts"}],"about":[{"href":"https:\/\/www.startlap.hu\/utazas\/wp-json\/wp\/v2\/types\/post"}],"author":[{"embeddable":true,"href":"https:\/\/www.startlap.hu\/utazas\/wp-json\/wp\/v2\/users\/7"}],"replies":[{"embeddable":true,"href":"https:\/\/www.startlap.hu\/utazas\/wp-json\/wp\/v2\/comments?post=104026"}],"version-history":[{"count":5,"href":"https:\/\/www.startlap.hu\/utazas\/wp-json\/wp\/v2\/posts\/104026\/revisions"}],"predecessor-version":[{"id":104042,"href":"https:\/\/www.startlap.hu\/utazas\/wp-json\/wp\/v2\/posts\/104026\/revisions\/104042"}],"wp:featuredmedia":[{"embeddable":true,"href":"https:\/\/www.startlap.hu\/utazas\/wp-json\/wp\/v2\/media\/104031"}],"wp:attachment":[{"href":"https:\/\/www.startlap.hu\/utazas\/wp-json\/wp\/v2\/media?parent=104026"}],"wp:term":[{"taxonomy":"category","embeddable":true,"href":"https:\/\/www.startlap.hu\/utazas\/wp-json\/wp\/v2\/categories?post=104026"},{"taxonomy":"post_tag","embeddable":true,"href":"https:\/\/www.startlap.hu\/utazas\/wp-json\/wp\/v2\/tags?post=104026"}],"curies":[{"name":"wp","href":"https:\/\/api.w.org\/{rel}","templated":true}]}}