{"id":104022,"date":"2026-03-05T17:33:39","date_gmt":"2026-03-05T16:33:39","guid":{"rendered":"https:\/\/www.startlap.hu\/utazas\/?p=104022"},"modified":"2026-03-05T13:38:52","modified_gmt":"2026-03-05T12:38:52","slug":"katar-vizum-meghosszabitas-legterzar","status":"publish","type":"post","link":"https:\/\/www.startlap.hu\/utazas\/katar-vizum-meghosszabitas-legterzar\/","title":{"rendered":"Megnyugtat\u00f3 h\u00edr a Katarban rekedt turist\u00e1knak: \u00edgy t\u00e1mogatja \u0151ket az \u00e1llam"},"content":{"rendered":"<p><strong>Katar<\/strong> automatikusan meghosszabb\u00edtja azoknak a turist\u00e1knak a v\u00edzum\u00e1t egy h\u00f3nappal, akik a <a href=\"https:\/\/www.startlap.hu\/utazas\/wizz-air-kozel-kelet-legzar-utasok\/\" target=\"_blank\" rel=\"noopener\">l\u00e9gt\u00e9r lez\u00e1r\u00e1sa<\/a> miatt nem tudj\u00e1k elhagyni az orsz\u00e1got, \u00edrja az <a href=\"https:\/\/www.euronews.com\/travel\/2026\/03\/03\/qatar-to-extend-entry-visas-for-travellers-stranded-in-the-country\" target=\"_blank\" target=\"_blank\" rel=\"noopener\">Euronews<\/a>. A katari bel\u00fcgyminiszt\u00e9rium k\u00f6zl\u00e9se szerint a hosszabb\u00edt\u00e1s minden v\u00edzumt\u00edpusra \u00e9rv\u00e9nyes, \u00e9s a folyamat automatikusan t\u00f6rt\u00e9nik, \u00edgy <strong>az \u00e9rintett utaz\u00f3knak nem kell k\u00fcl\u00f6n k\u00e9relmet beny\u00fajtaniuk.<\/strong> A hat\u00f3s\u00e1gok azt sem z\u00e1rt\u00e1k ki, hogy a k\u00e9s\u0151bbiekben tov\u00e1bbi hosszabb\u00edt\u00e1sr\u00f3l is d\u00f6nthetnek.<\/p>\n<div class=\"o-widget m-readMoreWidget -readMore u-shortDecorLineAfter row widget-container _ce_measure_widget bigdata-widget read-more\" data-ce-measure-widget=\"olvass tov\u00e1bb\">\n\t<div class=\"m-readMoreWidget__imgWrapper image-wrapper col-12 col-md-4 no-p\">\n\t\t<a class=\"m-readMoreWidget__imgLink\" href=\"https:\/\/www.startlap.hu\/utazas\/gili-trawangan-31-fok-sziget-tengerpart-fotok\/\" >\n\t\t\t<img decoding=\"async\" src=\"https:\/\/www.startlap.hu\/utazas\/uploads\/sites\/3\/2026\/02\/gili2-350x285.jpg\" class=\"m-readMoreWidget__img\">\n\t\t<\/a>\n\t<\/div>\n\t<div class=\"m-readMoreWidget__titleWrapper title-wrapper col-12 col-md-8\">\n\t\t<span class=\"m-readMoreWidget__titleLabel u-shortDecorLineBefore label hidden-sm-up\">Ez is \u00e9rdekelhet:<\/span>\n\t\t<h3 class=\"m-readMoreWidget__title title\">\n\t\t\t<a class=\"m-readMoreWidget__titleLink -secondFont u-bold u-upperCase\" href=\"https:\/\/www.startlap.hu\/utazas\/gili-trawangan-31-fok-sziget-tengerpart-fotok\/\" >Eg\u00e9sz \u00e9vben 31 fok, nincsenek aut\u00f3k az \u00e1lomszigeten: a &#8222;vil\u00e1g legjobban \u00faszhat\u00f3 tengere&#8221; veszi k\u00f6r\u00fcl<\/a>\n\t\t<\/h3>\n\t\t<a class=\"m-readMoreWidget__btn -coloredBack u-tC link\" href=\"https:\/\/www.startlap.hu\/utazas\/gili-trawangan-31-fok-sziget-tengerpart-fotok\/\" >Elolvasom<\/a>\n\t<\/div>\n<\/div>\n<h2>Automatikusan meg\u00fajul a v\u00edzum<\/h2>\n<p>Az int\u00e9zked\u00e9s azonban nem mindenkit \u00e9rint egyform\u00e1n: <strong>azoknak az utaz\u00f3knak, akiknek a v\u00edzumuk m\u00e1r febru\u00e1r 28. el\u0151tt lej\u00e1rt, tov\u00e1bbra is ki kell fizetni\u00fck az addig felhalmozott t\u00faltart\u00f3zkod\u00e1si b\u00edrs\u00e1got.<\/strong> Katarba egy\u00e9bk\u00e9nt 102 orsz\u00e1g \u00e1llampolg\u00e1ra kaphat ingyenes v\u00edzumot \u00e9rkez\u00e9skor, az enged\u00e9lyezett tart\u00f3zkod\u00e1si id\u0151 azonban az \u00e1llampolg\u00e1rs\u00e1gt\u00f3l f\u00fcgg.<\/p>\n<blockquote class=\"article__extraTxt\"><p>A legt\u00f6bb eur\u00f3pai orsz\u00e1g polg\u00e1ra 90 napig maradhat az orsz\u00e1gban.<\/p><\/blockquote>\n<p>Katar febru\u00e1r 28-\u00e1n lez\u00e1rta l\u00e9gter\u00e9t, miut\u00e1n Ir\u00e1n megtorl\u00f3 csap\u00e1sokat ind\u00edtott a t\u00e9rs\u00e9gben: az\u00f3ta a j\u00e1ratok t\u00f6bbs\u00e9ge nem k\u00f6zlekedik, \u00edgy <a href=\"https:\/\/www.startlap.hu\/utazas\/kozel-kelet-dubaj-abu-dzabi-magyarok-iran-legitamadas\/\" target=\"_blank\" rel=\"noopener\">sok utaz\u00f3 az orsz\u00e1gban rekedt<\/a>.<\/p>\n<figure id=\"attachment_104023\" aria-describedby=\"caption-attachment-104023\" style=\"width: 755px\" class=\"wp-caption alignnone\"><a href=\"https:\/\/www.startlap.hu\/utazas\/uploads\/sites\/3\/2026\/03\/katar-scaled.jpg\"><img loading=\"lazy\" decoding=\"async\" class=\"size-article-size-large-image wp-image-104023\" src=\"https:\/\/www.startlap.hu\/utazas\/uploads\/sites\/3\/2026\/03\/katar-755x503.jpg\" alt=\"L\u00e9gicsap\u00e1sb\u00f3l sz\u00e1rmaz\u00f3 f\u00fcst a katari Doh\u00e1ban 2026. m\u00e1rcius 5-\u00e9n.\" width=\"755\" height=\"503\" srcset=\"https:\/\/www.startlap.hu\/utazas\/uploads\/sites\/3\/2026\/03\/katar-755x503.jpg 755w, https:\/\/www.startlap.hu\/utazas\/uploads\/sites\/3\/2026\/03\/katar-1536x1024.jpg 1536w, https:\/\/www.startlap.hu\/utazas\/uploads\/sites\/3\/2026\/03\/katar-2048x1366.jpg 2048w, https:\/\/www.startlap.hu\/utazas\/uploads\/sites\/3\/2026\/03\/katar-525x350.jpg 525w\" sizes=\"auto, (max-width: 755px) 100vw, 755px\" \/><\/a><figcaption id=\"caption-attachment-104023\" class=\"wp-caption-text\">L\u00e9gicsap\u00e1sb\u00f3l sz\u00e1rmaz\u00f3 f\u00fcst a katari Doh\u00e1ban 2026. m\u00e1rcius 5-\u00e9n. Fot\u00f3: AFP<\/figcaption><\/figure>\n<p>A katari nemzeti l\u00e9git\u00e1rsas\u00e1g, a <strong>Qatar Airways<\/strong> folyamatosan friss\u00edti a helyzettel kapcsolatos inform\u00e1ci\u00f3it: azok az utasok, akiknek 2026. febru\u00e1r 28. \u00e9s m\u00e1rcius 10. k\u00f6z\u00e9 sz\u00f3lt a foglal\u00e1suk, m\u00f3dos\u00edthatj\u00e1k utaz\u00e1suk id\u0151pontj\u00e1t legfeljebb 14 nappal k\u00e9s\u0151bbre, vagy <a href=\"https:\/\/www.startlap.hu\/utazas\/kozel-kelet-repules-jarattorles-legitarsasag\/\" target=\"_blank\" rel=\"noopener\">k\u00e9rhetnek teljes visszat\u00e9r\u00edt\u00e9st<\/a>. A l\u00e9git\u00e1rsas\u00e1g arra k\u00e9rte az utasokat, hogy <strong>csak azok vegy\u00e9k fel k\u00f6zvetlen\u00fcl a kapcsolatot az \u00fcgyf\u00e9lszolg\u00e1lattal, akiknek a j\u00e1rata a k\u00f6vetkez\u0151 48 \u00f3r\u00e1ban indulna.<\/strong><\/p>\n<h2>M\u00e1s orsz\u00e1gok is \u00e9rintettek<\/h2>\n<p>A l\u00e9gt\u00e9rz\u00e1r m\u00e1s orsz\u00e1gokban is fennakad\u00e1sokat okoz: <strong>Thaif\u00f6ld\u00f6n<\/strong> is meghosszabb\u00edtj\u00e1k azoknak a turist\u00e1knak a v\u00edzum\u00e1t, akik a K\u00f6zel-Keletre ir\u00e1nyul\u00f3 j\u00e1ratt\u00f6rl\u00e9sek miatt nem tudnak hazautazni. <strong>Bangkok<\/strong> f\u0151 rep\u00fcl\u0151ter\u00e9n, a <strong>Suvarnabhumi rep\u00fcl\u0151t\u00e9ren<\/strong> eddig 47 j\u00e1ratot t\u00f6r\u00f6ltek, <strong>Phuketben<\/strong> pedig 36 j\u00e1ratot \u00e9rintettek a fennakad\u00e1sok.<\/p>\n<p>A thaif\u00f6ldi turisztikai miniszt\u00e9rium k\u00f6zl\u00e9se szerint az \u00e9rintett turist\u00e1k v\u00edzum\u00e1t meghosszabb\u00edtj\u00e1k, \u00e9s<\/p>\n<blockquote class=\"article__extraTxt\"><p>a sz\u00e1llod\u00e1kat arra k\u00e9rik, hogy kedvezm\u00e9nyes sz\u00e1ll\u00e1s\u00e1rakat k\u00edn\u00e1ljanak a k\u00e9nyszerb\u0151l marad\u00f3 utaz\u00f3knak.<\/p><\/blockquote>\n<p>Az int\u00e9zked\u00e9sek c\u00e9lja, hogy enyh\u00edts\u00e9k a r\u00e9gi\u00f3s konfliktus miatt kialakult utaz\u00e1si neh\u00e9zs\u00e9geket.<\/p>\n<div class=\"o-widget m-readMoreWidget -readMore u-shortDecorLineAfter row widget-container _ce_measure_widget bigdata-widget read-more\" data-ce-measure-widget=\"olvass tov\u00e1bb\">\n\t<div class=\"m-readMoreWidget__imgWrapper image-wrapper col-12 col-md-4 no-p\">\n\t\t<a class=\"m-readMoreWidget__imgLink\" href=\"https:\/\/www.startlap.hu\/utazas\/eta-egyesult-kiralysag-igenyles\/\" >\n\t\t\t<img decoding=\"async\" src=\"https:\/\/www.startlap.hu\/utazas\/uploads\/sites\/3\/2026\/02\/ryanair-london-350x285.jpg\" class=\"m-readMoreWidget__img\">\n\t\t<\/a>\n\t<\/div>\n\t<div class=\"m-readMoreWidget__titleWrapper title-wrapper col-12 col-md-8\">\n\t\t<span class=\"m-readMoreWidget__titleLabel u-shortDecorLineBefore label hidden-sm-up\">Ez is \u00e9rdekelhet:<\/span>\n\t\t<h3 class=\"m-readMoreWidget__title title\">\n\t\t\t<a class=\"m-readMoreWidget__titleLink -secondFont u-bold u-upperCase\" href=\"https:\/\/www.startlap.hu\/utazas\/eta-egyesult-kiralysag-igenyles\/\" >A Ryanair m\u00e1r \u00fczent: febru\u00e1r 25-t\u0151l nem rep\u00fclhetsz ETA n\u00e9lk\u00fcl &#8211; l\u00e9p\u00e9sr\u0151l l\u00e9p\u00e9sre az ig\u00e9nyl\u00e9s<\/a>\n\t\t<\/h3>\n\t\t<a class=\"m-readMoreWidget__btn -coloredBack u-tC link\" href=\"https:\/\/www.startlap.hu\/utazas\/eta-egyesult-kiralysag-igenyles\/\" >Elolvasom<\/a>\n\t<\/div>\n<\/div>\n","protected":false},"excerpt":{"rendered":"<p>Katar rendk\u00edv\u00fcli int\u00e9zked\u00e9st jelentett be az orsz\u00e1gban rekedt turist\u00e1k megseg\u00edt\u00e9se \u00e9rdek\u00e9ben: ezent\u00fal senkinek sem kell agg\u00f3dnia a v\u00edzum lej\u00e1rta miatt.<\/p>\n","protected":false},"author":63,"featured_media":104023,"comment_status":"closed","ping_status":"closed","sticky":false,"template":"","format":"standard","meta":{"footnotes":""},"categories":[70],"tags":[7480,1245,6614,1291],"class_list":["post-104022","post","type-post","status-publish","format-standard","has-post-thumbnail","hentry","category-vilag","tag-katar","tag-kozel-kelet","tag-legterzar","tag-qatar-airways"],"aioseo_notices":[],"_links":{"self":[{"href":"https:\/\/www.startlap.hu\/utazas\/wp-json\/wp\/v2\/posts\/104022","targetHints":{"allow":["GET"]}}],"collection":[{"href":"https:\/\/www.startlap.hu\/utazas\/wp-json\/wp\/v2\/posts"}],"about":[{"href":"https:\/\/www.startlap.hu\/utazas\/wp-json\/wp\/v2\/types\/post"}],"author":[{"embeddable":true,"href":"https:\/\/www.startlap.hu\/utazas\/wp-json\/wp\/v2\/users\/63"}],"replies":[{"embeddable":true,"href":"https:\/\/www.startlap.hu\/utazas\/wp-json\/wp\/v2\/comments?post=104022"}],"version-history":[{"count":3,"href":"https:\/\/www.startlap.hu\/utazas\/wp-json\/wp\/v2\/posts\/104022\/revisions"}],"predecessor-version":[{"id":104036,"href":"https:\/\/www.startlap.hu\/utazas\/wp-json\/wp\/v2\/posts\/104022\/revisions\/104036"}],"wp:featuredmedia":[{"embeddable":true,"href":"https:\/\/www.startlap.hu\/utazas\/wp-json\/wp\/v2\/media\/104023"}],"wp:attachment":[{"href":"https:\/\/www.startlap.hu\/utazas\/wp-json\/wp\/v2\/media?parent=104022"}],"wp:term":[{"taxonomy":"category","embeddable":true,"href":"https:\/\/www.startlap.hu\/utazas\/wp-json\/wp\/v2\/categories?post=104022"},{"taxonomy":"post_tag","embeddable":true,"href":"https:\/\/www.startlap.hu\/utazas\/wp-json\/wp\/v2\/tags?post=104022"}],"curies":[{"name":"wp","href":"https:\/\/api.w.org\/{rel}","templated":true}]}}