{"id":103984,"date":"2026-03-09T07:03:55","date_gmt":"2026-03-09T06:03:55","guid":{"rendered":"https:\/\/www.startlap.hu\/utazas\/?p=103984"},"modified":"2026-03-04T13:28:01","modified_gmt":"2026-03-04T12:28:01","slug":"europa-automentes-uti-celok-2026","status":"publish","type":"post","link":"https:\/\/www.startlap.hu\/utazas\/europa-automentes-uti-celok-2026\/","title":{"rendered":"Az EU legnagyobb aut\u00f3mentes z\u00f3n\u00e1j\u00e1t ebben a v\u00e1rosban tal\u00e1lod"},"content":{"rendered":"<p><a href=\"https:\/\/www.startlap.hu\/utazas\/ciprus-varosha-szellemvaros\/\" target=\"_blank\" rel=\"noopener\">Eur\u00f3p\u00e1ban<\/a> sz\u00e1mos olyan \u00fati c\u00e9l v\u00e1r, ahol a l\u00e1togat\u00f3k aut\u00f3mentes k\u00f6rnyezetben pihenhetnek: az ilyen helyeken nemcsak a zaj \u00e9s a forgalom hi\u00e1nya teszi k\u00fcl\u00f6nlegess\u00e9 az \u00e9lm\u00e9nyt, hanem az is, hogy <strong>a turist\u00e1k nyugodtan s\u00e9t\u00e1lhatnak vagy ker\u00e9kp\u00e1rozhatnak an\u00e9lk\u00fcl, hogy az aut\u00f3forgalom miatt kellene agg\u00f3dniuk.<\/strong> Ezek a telep\u00fcl\u00e9sek gyakran t\u00f6rt\u00e9nelmi v\u00e1rosmaggal, k\u00fcl\u00f6nleges term\u00e9szeti k\u00f6rnyezettel vagy egyedi k\u00f6zleked\u00e9si megold\u00e1sokkal v\u00e1rj\u00e1k a l\u00e1togat\u00f3kat, \u00edrja az <a href=\"https:\/\/www.euronews.com\/travel\/2026\/02\/28\/heres-where-to-go-for-a-car-free-escape-in-europe\" target=\"_blank\" target=\"_blank\" rel=\"noopener\">Euronews<\/a>. N\u00e9zz\u00fck, melyek a legjobb aut\u00f3mentes \u00fati c\u00e9lok Eur\u00f3p\u00e1ban!<\/p>\n<div class=\"o-widget m-readMoreWidget -readMore u-shortDecorLineAfter row widget-container _ce_measure_widget bigdata-widget read-more\" data-ce-measure-widget=\"olvass tov\u00e1bb\">\n\t<div class=\"m-readMoreWidget__imgWrapper image-wrapper col-12 col-md-4 no-p\">\n\t\t<a class=\"m-readMoreWidget__imgLink\" href=\"https:\/\/www.startlap.hu\/utazas\/etterem-fizetes-baratok-pincer\/\" >\n\t\t\t<img decoding=\"async\" src=\"https:\/\/www.startlap.hu\/utazas\/uploads\/sites\/3\/2026\/02\/etterem-baratok-350x285.jpg\" class=\"m-readMoreWidget__img\">\n\t\t<\/a>\n\t<\/div>\n\t<div class=\"m-readMoreWidget__titleWrapper title-wrapper col-12 col-md-8\">\n\t\t<span class=\"m-readMoreWidget__titleLabel u-shortDecorLineBefore label hidden-sm-up\">Ez is \u00e9rdekelhet:<\/span>\n\t\t<h3 class=\"m-readMoreWidget__title title\">\n\t\t\t<a class=\"m-readMoreWidget__titleLink -secondFont u-bold u-upperCase\" href=\"https:\/\/www.startlap.hu\/utazas\/etterem-fizetes-baratok-pincer\/\" >Kifizettem az eg\u00e9sz asztal sz\u00e1ml\u00e1j\u00e1t &#8211; a pinc\u00e9r t\u00e1voz\u00e1skor meg\u00e1ll\u00edtott<\/a>\n\t\t<\/h3>\n\t\t<a class=\"m-readMoreWidget__btn -coloredBack u-tC link\" href=\"https:\/\/www.startlap.hu\/utazas\/etterem-fizetes-baratok-pincer\/\" >Elolvasom<\/a>\n\t<\/div>\n<\/div>\n<h2>Gyalog bej\u00e1rhat\u00f3 t\u00f6rt\u00e9nelmi v\u00e1rosok<\/h2>\n<p>Az egyik legismertebb ilyen v\u00e1ros <strong>Ljubljana<\/strong>, <strong>Szlov\u00e9nia<\/strong> f\u0151v\u00e1rosa, ahol <strong>az Eur\u00f3pai Uni\u00f3 legnagyobb aut\u00f3mentes z\u00f3n\u00e1ja<\/strong> tal\u00e1lhat\u00f3. A v\u00e1rosk\u00f6zpontot 2007-t\u0151l kezdve fokozatosan z\u00e1rt\u00e1k le az aut\u00f3k el\u0151l: ma m\u00e1r mintegy 20 hekt\u00e1ron lehet gyalogosan vagy ker\u00e9kp\u00e1rral k\u00f6zlekedni.<\/p>\n<blockquote class=\"article__extraTxt\"><p>A turist\u00e1k s\u00e9t\u00e1lva fedezhetik fel a k\u00e1v\u00e9z\u00f3kat, m\u00fazeumokat \u00e9s gal\u00e9ri\u00e1kat, vagy elektromos v\u00e1rosn\u00e9z\u0151 kisvonattal juthatnak el a f\u0151bb l\u00e1tnival\u00f3khoz.<\/p><\/blockquote>\n<figure id=\"attachment_103985\" aria-describedby=\"caption-attachment-103985\" style=\"width: 755px\" class=\"wp-caption alignnone\"><a href=\"https:\/\/www.startlap.hu\/utazas\/uploads\/sites\/3\/2026\/03\/ljubljana.jpg\"><img loading=\"lazy\" decoding=\"async\" class=\"size-article-size-large-image wp-image-103985\" src=\"https:\/\/www.startlap.hu\/utazas\/uploads\/sites\/3\/2026\/03\/ljubljana-755x502.jpg\" alt=\"Ljubljana belv\u00e1rosa.\" width=\"755\" height=\"502\" srcset=\"https:\/\/www.startlap.hu\/utazas\/uploads\/sites\/3\/2026\/03\/ljubljana-755x502.jpg 755w, https:\/\/www.startlap.hu\/utazas\/uploads\/sites\/3\/2026\/03\/ljubljana-1536x1021.jpg 1536w, https:\/\/www.startlap.hu\/utazas\/uploads\/sites\/3\/2026\/03\/ljubljana-2048x1362.jpg 2048w, https:\/\/www.startlap.hu\/utazas\/uploads\/sites\/3\/2026\/03\/ljubljana-250x165.jpg 250w, https:\/\/www.startlap.hu\/utazas\/uploads\/sites\/3\/2026\/03\/ljubljana-526x350.jpg 526w\" sizes=\"auto, (max-width: 755px) 100vw, 755px\" \/><\/a><figcaption id=\"caption-attachment-103985\" class=\"wp-caption-text\">Ljubljana belv\u00e1rosa. Fot\u00f3: Getty Images<\/figcaption><\/figure>\n<p>A hollandiai <strong>Giethoorn<\/strong> eg\u00e9szen m\u00e1s karakter\u0171 aut\u00f3mentes \u00fati c\u00e9l: a &#8222;holland <a href=\"https:\/\/www.startlap.hu\/utazas\/velence-belepodij-ar-novekedes-10-euro\/\" target=\"_blank\" rel=\"noopener\">Velencek\u00e9nt<\/a>&#8221; emlegetett faluban csatorn\u00e1k h\u00e1l\u00f3zz\u00e1k be a telep\u00fcl\u00e9st, \u00edgy a lak\u00f3k \u00e9s a turist\u00e1k cs\u00f3nakkal, gyalog vagy ker\u00e9kp\u00e1rral k\u00f6zlekednek. B\u00e1r a telep\u00fcl\u00e9s n\u00e9pszer\u0171 napos kir\u00e1ndul\u00f3hely lett, a t\u00f6meget el lehet ker\u00fclni, ha valaki est\u00e9re is marad, amikor a csatorn\u00e1kon m\u00e1r kevesebb haj\u00f3 k\u00f6zlekedik.<\/p>\n<p>Olaszorsz\u00e1gban <strong>Civita di Bagnoregio<\/strong> k\u00fcl\u00f6nleges l\u00e1tv\u00e1nyoss\u00e1g:<\/p>\n<blockquote class=\"article__extraTxt\"><p>a k\u00f6z\u00e9pkori v\u00e1ros egy szikl\u00e1s domb tetej\u00e9n \u00e1ll, \u00e9s csak egy gyalogh\u00eddon kereszt\u00fcl k\u00f6zel\u00edthet\u0151 meg.<\/p><\/blockquote>\n<p>A turist\u00e1k bel\u00e9p\u0151d\u00edjat fizetnek a h\u00edd haszn\u00e1lat\u00e1\u00e9rt, amelynek bev\u00e9tele a lassan erod\u00e1l\u00f3d\u00f3 telep\u00fcl\u00e9s meg\u0151rz\u00e9s\u00e9t szolg\u00e1lja. G\u00f6r\u00f6gorsz\u00e1gban pedig <strong>Hydra<\/strong> szigete szinte teljesen j\u00e1rm\u0171mentes: itt m\u00e9g ker\u00e9kp\u00e1rok \u00e9s motorok sem k\u00f6zlekedhetnek, <strong>a meredek utc\u00e1kon a nehezebb \u00e1rukat szamarakkal \u00e9s lovakkal sz\u00e1ll\u00edtj\u00e1k.<\/strong><\/p>\n<h2>Term\u00e9szetk\u00f6zeli \u00fati c\u00e9lok<\/h2>\n<p>T\u00f6bb szigeten is hasonl\u00f3 szab\u00e1lyok \u00e9rv\u00e9nyesek. A <strong>Kan\u00e1ri-szigetekhez<\/strong> tartoz\u00f3 <strong>La Graciosa<\/strong> sziget\u00e9n p\u00e9ld\u00e1ul nincsenek aszfaltozott utak, \u00edgy legink\u00e1bb gyalog, ker\u00e9kp\u00e1rral vagy korl\u00e1tozott sz\u00e1m\u00fa terepj\u00e1r\u00f3 taxival lehet k\u00f6zlekedni. A <strong>Csatorna-szigeteken<\/strong> fekv\u0151 <strong>Sark<\/strong> sziget\u00e9n szint\u00e9n tilos az aut\u00f3z\u00e1s, a k\u00f6zleked\u00e9s f\u0151k\u00e9nt ker\u00e9kp\u00e1rral vagy lovaskocsival t\u00f6rt\u00e9nik, r\u00e1ad\u00e1sul itt m\u00e9g k\u00f6zvil\u00e1g\u00edt\u00e1s sincs, ez\u00e9rt <strong>a sziget h\u00edres a csillagos \u00e9gbolt kiv\u00e9teles l\u00e1tv\u00e1ny\u00e1r\u00f3l.<\/strong><\/p>\n<p>A sv\u00e1jci <strong>Zermatt<\/strong> hegyi \u00fcd\u00fcl\u0151falu szint\u00e9n az aut\u00f3mentess\u00e9g\u00e9r\u0151l ismert: a <strong>Matterhorn<\/strong> l\u00e1tv\u00e1ny\u00e1nak \u00e9s a leveg\u0151 tisztas\u00e1g\u00e1nak meg\u0151rz\u00e9se \u00e9rdek\u00e9ben <strong>csak elektromos taxik \u00e9s buszok k\u00f6zlekedhetnek<\/strong> a telep\u00fcl\u00e9sen. A l\u00e1togat\u00f3k a k\u00f6zeli <strong>T\u00e4sch<\/strong> telep\u00fcl\u00e9sen hagyhatj\u00e1k az aut\u00f3jukat, majd vonattal \u00e9rkeznek a faluba, ahol gyalog, ker\u00e9kp\u00e1rral vagy lovaskocsival fedezhetik fel a k\u00f6rny\u00e9ket.<\/p>\n<div class=\"o-widget m-readMoreWidget -readMore u-shortDecorLineAfter row widget-container _ce_measure_widget bigdata-widget read-more\" data-ce-measure-widget=\"olvass tov\u00e1bb\">\n\t<div class=\"m-readMoreWidget__imgWrapper image-wrapper col-12 col-md-4 no-p\">\n\t\t<a class=\"m-readMoreWidget__imgLink\" href=\"https:\/\/www.startlap.hu\/utazas\/gili-trawangan-31-fok-sziget-tengerpart-fotok\/\" >\n\t\t\t<img decoding=\"async\" src=\"https:\/\/www.startlap.hu\/utazas\/uploads\/sites\/3\/2026\/02\/gili2-350x285.jpg\" class=\"m-readMoreWidget__img\">\n\t\t<\/a>\n\t<\/div>\n\t<div class=\"m-readMoreWidget__titleWrapper title-wrapper col-12 col-md-8\">\n\t\t<span class=\"m-readMoreWidget__titleLabel u-shortDecorLineBefore label hidden-sm-up\">Ez is \u00e9rdekelhet:<\/span>\n\t\t<h3 class=\"m-readMoreWidget__title title\">\n\t\t\t<a class=\"m-readMoreWidget__titleLink -secondFont u-bold u-upperCase\" href=\"https:\/\/www.startlap.hu\/utazas\/gili-trawangan-31-fok-sziget-tengerpart-fotok\/\" >Eg\u00e9sz \u00e9vben 31 fok, nincsenek aut\u00f3k az \u00e1lomszigeten: a &#8222;vil\u00e1g legjobban \u00faszhat\u00f3 tengere&#8221; veszi k\u00f6r\u00fcl<\/a>\n\t\t<\/h3>\n\t\t<a class=\"m-readMoreWidget__btn -coloredBack u-tC link\" href=\"https:\/\/www.startlap.hu\/utazas\/gili-trawangan-31-fok-sziget-tengerpart-fotok\/\" >Elolvasom<\/a>\n\t<\/div>\n<\/div>\n","protected":false},"excerpt":{"rendered":"<p>Eur\u00f3p\u00e1ban sz\u00e1mos olyan \u00fati c\u00e9l tal\u00e1lhat\u00f3, ahol nyugodt temp\u00f3ban, gyalogosan fedezhetj\u00fck fel a k\u00f6rny\u00e9ket: az aut\u00f3k miatt sem kell agg\u00f3dnunk!<\/p>\n","protected":false},"author":63,"featured_media":103985,"comment_status":"closed","ping_status":"closed","sticky":false,"template":"","format":"standard","meta":{"footnotes":""},"categories":[70],"tags":[1352,2226,38,396],"class_list":["post-103984","post","type-post","status-publish","format-standard","has-post-thumbnail","hentry","category-vilag","tag-automentes","tag-belvaros","tag-europa","tag-termeszetvedelem"],"aioseo_notices":[],"_links":{"self":[{"href":"https:\/\/www.startlap.hu\/utazas\/wp-json\/wp\/v2\/posts\/103984","targetHints":{"allow":["GET"]}}],"collection":[{"href":"https:\/\/www.startlap.hu\/utazas\/wp-json\/wp\/v2\/posts"}],"about":[{"href":"https:\/\/www.startlap.hu\/utazas\/wp-json\/wp\/v2\/types\/post"}],"author":[{"embeddable":true,"href":"https:\/\/www.startlap.hu\/utazas\/wp-json\/wp\/v2\/users\/63"}],"replies":[{"embeddable":true,"href":"https:\/\/www.startlap.hu\/utazas\/wp-json\/wp\/v2\/comments?post=103984"}],"version-history":[{"count":3,"href":"https:\/\/www.startlap.hu\/utazas\/wp-json\/wp\/v2\/posts\/103984\/revisions"}],"predecessor-version":[{"id":103988,"href":"https:\/\/www.startlap.hu\/utazas\/wp-json\/wp\/v2\/posts\/103984\/revisions\/103988"}],"wp:featuredmedia":[{"embeddable":true,"href":"https:\/\/www.startlap.hu\/utazas\/wp-json\/wp\/v2\/media\/103985"}],"wp:attachment":[{"href":"https:\/\/www.startlap.hu\/utazas\/wp-json\/wp\/v2\/media?parent=103984"}],"wp:term":[{"taxonomy":"category","embeddable":true,"href":"https:\/\/www.startlap.hu\/utazas\/wp-json\/wp\/v2\/categories?post=103984"},{"taxonomy":"post_tag","embeddable":true,"href":"https:\/\/www.startlap.hu\/utazas\/wp-json\/wp\/v2\/tags?post=103984"}],"curies":[{"name":"wp","href":"https:\/\/api.w.org\/{rel}","templated":true}]}}