{"id":103946,"date":"2026-03-10T07:03:25","date_gmt":"2026-03-10T06:03:25","guid":{"rendered":"https:\/\/www.startlap.hu\/utazas\/?p=103946"},"modified":"2026-03-04T13:45:39","modified_gmt":"2026-03-04T12:45:39","slug":"borond-repter-szinek","status":"publish","type":"post","link":"https:\/\/www.startlap.hu\/utazas\/borond-repter-szinek\/","title":{"rendered":"Ha ilyen sz\u00edn\u0171 a b\u0151r\u00f6nd\u00f6d, nagy bajba ker\u00fclhetsz &#8211; nem v\u00e9letlen\u00fcl ez a tolvajok f\u0151 c\u00e9lpontja"},"content":{"rendered":"<p>Amikor \u00faj <a href=\"https:\/\/www.startlap.hu\/utazas\/poggyasz-borond-repuloter-lopas\/\" target=\"_blank\" rel=\"noopener\">b\u0151r\u00f6nd\u00f6t<\/a> v\u00e1s\u00e1rolunk, a legt\u00f6bben a klasszikus \u00e1rnyalatokra szavaznak. A fekete, a s\u00f6t\u00e9tk\u00e9k \u00e9s a sz\u00fcrke id\u0151t\u00e1ll\u00f3, mindenhez illik, nem koszol\u00f3dik l\u00e1tv\u00e1nyosan, \u00e9s \u201ebiztons\u00e1gos\u201d d\u00f6nt\u00e9snek t\u0171nik. Csakhogy utaz\u00e1sbiztons\u00e1gi szempontb\u00f3l \u00e9pp ez a gond.<\/p>\n<div class=\"o-widget m-readMoreWidget -readMore u-shortDecorLineAfter row widget-container _ce_measure_widget bigdata-widget read-more\" data-ce-measure-widget=\"olvass tov\u00e1bb\">\n\t<div class=\"m-readMoreWidget__imgWrapper image-wrapper col-12 col-md-4 no-p\">\n\t\t<a class=\"m-readMoreWidget__imgLink\" href=\"https:\/\/www.startlap.hu\/utazas\/teljes-napfogyatkozas-2027-augusztus-hat-perces-rekord\/\" >\n\t\t\t<img decoding=\"async\" src=\"https:\/\/www.startlap.hu\/utazas\/uploads\/sites\/3\/2024\/04\/napfogyatkozas-01-350x285.jpg\" class=\"m-readMoreWidget__img\">\n\t\t<\/a>\n\t<\/div>\n\t<div class=\"m-readMoreWidget__titleWrapper title-wrapper col-12 col-md-8\">\n\t\t<span class=\"m-readMoreWidget__titleLabel u-shortDecorLineBefore label hidden-sm-up\">Ez is \u00e9rdekelhet:<\/span>\n\t\t<h3 class=\"m-readMoreWidget__title title\">\n\t\t\t<a class=\"m-readMoreWidget__titleLink -secondFont u-bold u-upperCase\" href=\"https:\/\/www.startlap.hu\/utazas\/teljes-napfogyatkozas-2027-augusztus-hat-perces-rekord\/\" >Hat percre els\u00f6t\u00e9t\u00fcl az \u00e9g nappal: m\u00e1r foglalj\u00e1k a sz\u00e1llod\u00e1kat a ritka napfogyatkoz\u00e1sra &#8211; ami ezut\u00e1n csak 2114-ben lesz l\u00e1that\u00f3<\/a>\n\t\t<\/h3>\n\t\t<a class=\"m-readMoreWidget__btn -coloredBack u-tC link\" href=\"https:\/\/www.startlap.hu\/utazas\/teljes-napfogyatkozas-2027-augusztus-hat-perces-rekord\/\" >Elolvasom<\/a>\n\t<\/div>\n<\/div>\n<h2>Ami beleolvad a t\u00f6megbe, azt k\u00f6nnyebb elvinni<\/h2>\n<p>Biztons\u00e1gi szak\u00e9rt\u0151k szerint a tolvajok pontosan tudj\u00e1k, hogyan maradjanak \u00e9szrev\u00e9tlenek. H\u00e9tk\u00f6znapi \u00f6lt\u00f6z\u00e9kben jelennek meg reptereken, p\u00e1lyaudvarokon, sz\u00e1llod\u00e1kban, majd figyelik, ki az, aki egy pillanatra elvesz\u00edti a f\u00f3kuszt, \u00e9s kinek a csomagja \u201ecsereszabatos\u201d a t\u00f6bbi\u00e9vel. Egy fekete b\u0151r\u00f6nd a szalagon szinte eggy\u00e9 v\u00e1lik a t\u00f6bbi feket\u00e9vel. Ha valaki egyszer\u0171en felkap egyet \u00e9s els\u00e9t\u00e1l vele, nagy es\u00e9llyel senkinek nem t\u0171nik fel. Ha m\u00e9gis sz\u00e1mon k\u00e9rik, k\u00f6nnyen mondhatja: azt hitte, az \u00f6v\u00e9.<\/p>\n<blockquote class=\"article__extraTxt\"><p>A s\u00f6t\u00e9t \u00e1rnyalat teh\u00e1t nemcsak eleg\u00e1ns, hanem k\u00e9nyelmes v\u00e1laszt\u00e1s&nbsp; is egy tolvaj sz\u00e1m\u00e1ra.<\/p><\/blockquote>\n<h2>A statisztik\u00e1k sem a s\u00f6t\u00e9t sz\u00edneknek kedveznek<\/h2>\n<p>Piaci adatok szerint a v\u00e1s\u00e1rolt b\u0151r\u00f6nd\u00f6k k\u00f6zel 40 sz\u00e1zal\u00e9ka fekete. A k\u00e9k \u00e1rnyalatok nagyj\u00e1b\u00f3l 30, a sz\u00fcrk\u00e9k pedig mintegy 20 sz\u00e1zal\u00e9kos r\u00e9szesed\u00e9ssel b\u00edrnak. Ez azt jelenti, hogy az utaz\u00f3k t\u00falnyom\u00f3 t\u00f6bbs\u00e9ge hasonl\u00f3, visszafogott sz\u00edn\u0171 poggy\u00e1szt haszn\u00e1l. Nem meglep\u0151 teh\u00e1t, hogy a l\u00e9git\u00e1rsas\u00e1gok tapasztalatai szerint is ezek keverednek el a leggyakrabban. A<a href=\"https:\/\/www.startlap.hu\/utazas\/wizzair-ryanair-felmeres-minoseg\/\" target=\"_blank\" rel=\"noopener\"> Ryanair<\/a> egy kor\u00e1bbi k\u00f6zlem\u00e9ny\u00e9ben arra h\u00edvta fel a figyelmet, hogy a fekete, s\u00f6t\u00e9tk\u00e9k \u00e9s sz\u00fcrke b\u0151r\u00f6nd\u00f6k azonos\u00edt\u00e1sa a legnehezebb, mind az utasok, mind a rept\u00e9ri dolgoz\u00f3k sz\u00e1m\u00e1ra.<\/p>\n<figure id=\"attachment_95270\" aria-describedby=\"caption-attachment-95270\" style=\"width: 755px\" class=\"wp-caption alignnone\"><img loading=\"lazy\" decoding=\"async\" class=\"size-article-size-large-image wp-image-95270\" src=\"https:\/\/www.startlap.hu\/utazas\/uploads\/sites\/3\/2025\/09\/borond_fekete_-755x503.jpg\" alt=\"Egy fekete b\u00f6r\u00f6nd egy rept\u00e9ren\" width=\"755\" height=\"503\" srcset=\"https:\/\/www.startlap.hu\/utazas\/uploads\/sites\/3\/2025\/09\/borond_fekete_-755x503.jpg 755w, https:\/\/www.startlap.hu\/utazas\/uploads\/sites\/3\/2025\/09\/borond_fekete_-525x350.jpg 525w, https:\/\/www.startlap.hu\/utazas\/uploads\/sites\/3\/2025\/09\/borond_fekete_.jpg 1200w\" sizes=\"auto, (max-width: 755px) 100vw, 755px\" \/><figcaption id=\"caption-attachment-95270\" class=\"wp-caption-text\">Fot\u00f3: Getty Images<\/figcaption><\/figure>\n<p>Ha egy csomag nem k\u00fcl\u00f6nb\u00f6ztethet\u0151 meg k\u00f6nnyen, nagyobb es\u00e9llyel t\u0171nik el a rendszerben.<\/p>\n<h2>\u00c9vente milli\u00f3kat vesz\u00edtenek el<\/h2>\n<p>Vil\u00e1gszerte \u00e9vente t\u00f6bb t\u00edzmilli\u00f3 poggy\u00e1sz kall\u00f3dik el, \u00e9s milli\u00f3s nagys\u00e1grendben vannak azok a darabok, amelyek soha nem ker\u00fclnek vissza a tulajdonosukhoz. A s\u00f6t\u00e9t, jellegtelen b\u0151r\u00f6nd\u00f6k k\u00fcl\u00f6n\u00f6sen s\u00e9r\u00fcl\u00e9kenyek ebb\u0151l a szempontb\u00f3l is. A csomagszalagn\u00e1l sokszor csak egy apr\u00f3 r\u00e9szlet: <strong>egy matrica, egy p\u00e1nt vagy egy \u00e9l\u00e9nk sz\u00edn, <\/strong>seg\u00edthet abban, hogy id\u0151ben \u00e9szrevedd: valaki m\u00e1s ny\u00falt a t\u00e1sk\u00e1d ut\u00e1n.<\/p>\n<p>Egy \u00e9l\u00e9nkpiros, citroms\u00e1rga, t\u00fcrkiz vagy mint\u00e1s b\u0151r\u00f6nd nem csup\u00e1n trendi d\u00f6nt\u00e9s. Praktikus is:<\/p>\n<ul>\n<li>K\u00f6nnyebben kisz\u00farod a csomagszalagon.<\/li>\n<li>Nehezebb \u00e9szrev\u00e9tlen\u00fcl els\u00e9t\u00e1lni vele.<\/li>\n<li>Lebuk\u00e1s eset\u00e9n kev\u00e9sb\u00e9 hihet\u0151 a \u201ev\u00e9letlen csere\u201d magyar\u00e1zat.<\/li>\n<\/ul>\n<p>Ha m\u00e1r van s\u00f6t\u00e9t \u00e1rnyalat\u00fa poggy\u00e1szod, akkor sem kell azonnal \u00fajat venni. Sokat seg\u00edthet egy felt\u0171n\u0151 csomagp\u00e1nt, sz\u00ednes c\u00edmke vagy egyedi jel\u00f6l\u00e9s. Emellett egy nyomk\u00f6vet\u0151 eszk\u00f6z, p\u00e9ld\u00e1ul egy apr\u00f3 Bluetooth-alap\u00fa tracker, is plusz biztons\u00e1got adhat. A szak\u00e9rt\u0151k arra is figyelmeztetnek: a lop\u00e1s nem mindig l\u00e1tv\u00e1nyos. Gyakori m\u00f3dszer a figyelemelterel\u00e9s. Egy besz\u00e9lget\u00e9s, egy \u00fatbaigaz\u00edt\u00e1s, \u00e9s mire visszan\u00e9zel, a b\u0151r\u00f6nd m\u00e1r nincs ott.<\/p>\n<p>K\u00fcl\u00f6n\u00f6sen kock\u00e1zatos helysz\u00ednek lehetnek:<\/p>\n<ul>\n<li>zs\u00fafolt rep\u00fcl\u0151terek \u00e9s p\u00e1lyaudvarok<\/li>\n<li>b\u00e1rok, \u00e9ttermek, ahol k\u00f6nnyen elengedj\u00fck magunkat<\/li>\n<li>forgalmas bev\u00e1s\u00e1rl\u00f3negyedek<\/li>\n<\/ul>\n<h2>A diz\u00e1jnerb\u0151r\u00f6nd sem felt\u00e9tlen\u00fcl j\u00f3 \u00f6tlet<\/h2>\n<p>Els\u0151re cs\u00e1b\u00edt\u00f3 lehet egy pr\u00e9mium m\u00e1rk\u00e1s, felt\u0171n\u0151 log\u00f3val ell\u00e1tott darab. Biztons\u00e1gi szempontb\u00f3l azonban ez sem felt\u00e9tlen\u00fcl el\u0151ny. Egy dr\u00e1ga b\u0151r\u00f6nd azt sugallhatja, hogy a tartalma is \u00e9rt\u00e9kes, \u00edgy k\u00f6nnyen c\u00e9lpontt\u00e1 tehet.<\/p>\n<h2>Mit \u00e9rdemes megjegyezni?<\/h2>\n<p>Utaz\u00e1skor nem az a c\u00e9l, hogy a b\u0151r\u00f6nd\u00f6d st\u00edlusban t\u00f6k\u00e9letesen passzoljon a ruhat\u00e1radhoz, hanem az, hogy biztons\u00e1gban meg\u00e9rkezzen veled egy\u00fctt. A fekete b\u0151r\u00f6nd eleg\u00e1ns. De ha a biztons\u00e1g az els\u0151, egy mer\u00e9szebb sz\u00edn sokkal okosabb v\u00e1laszt\u00e1s lehet.<\/p>\n<p><a href=\"https:\/\/metro.co.uk\/2026\/02\/27\/never-travel-a-black-navy-grey-suitcase-27135484\/\" target=\"_blank\" target=\"_blank\" rel=\"noopener\">via<\/a><\/p>\n<div class=\"o-widget m-readMoreWidget -readMore u-shortDecorLineAfter row widget-container _ce_measure_widget bigdata-widget read-more\" data-ce-measure-widget=\"olvass tov\u00e1bb\">\n\t<div class=\"m-readMoreWidget__imgWrapper image-wrapper col-12 col-md-4 no-p\">\n\t\t<a class=\"m-readMoreWidget__imgLink\" href=\"https:\/\/www.startlap.hu\/utazas\/ciprus-iraki-tamadas\/\" >\n\t\t\t<img decoding=\"async\" src=\"https:\/\/www.startlap.hu\/utazas\/uploads\/sites\/3\/2026\/03\/ciprus_repulo_paphos_-350x285.jpg\" class=\"m-readMoreWidget__img\">\n\t\t<\/a>\n\t<\/div>\n\t<div class=\"m-readMoreWidget__titleWrapper title-wrapper col-12 col-md-8\">\n\t\t<span class=\"m-readMoreWidget__titleLabel u-shortDecorLineBefore label hidden-sm-up\">Ez is \u00e9rdekelhet:<\/span>\n\t\t<h3 class=\"m-readMoreWidget__title title\">\n\t\t\t<a class=\"m-readMoreWidget__titleLink -secondFont u-bold u-upperCase\" href=\"https:\/\/www.startlap.hu\/utazas\/ciprus-iraki-tamadas\/\" >Dr\u00e1mai helyzet Cipruson, a britek m\u00e1r evaku\u00e1lnak<\/a>\n\t\t<\/h3>\n\t\t<a class=\"m-readMoreWidget__btn -coloredBack u-tC link\" href=\"https:\/\/www.startlap.hu\/utazas\/ciprus-iraki-tamadas\/\" >Elolvasom<\/a>\n\t<\/div>\n<\/div>\n","protected":false},"excerpt":{"rendered":"<p>A fekete, sz\u00fcrke \u00e9s s\u00f6t\u00e9tk\u00e9k b\u0151r\u00f6nd eleg\u00e1ns v\u00e1laszt\u00e1s, de \u00e9pp a n\u00e9pszer\u0171s\u00e9g\u00fck miatt v\u00e1lhatnak k\u00f6nny\u0171 pr\u00e9d\u00e1v\u00e1. Egy \u00e9l\u00e9nk \u00e1rnyalat t\u00f6bbet \u00e9rhet, mint hinn\u00e9d.<\/p>\n","protected":false},"author":64,"featured_media":95270,"comment_status":"closed","ping_status":"closed","sticky":false,"template":"","format":"standard","meta":{"footnotes":""},"categories":[70],"tags":[56,59,731,210],"class_list":["post-103946","post","type-post","status-publish","format-standard","has-post-thumbnail","hentry","category-vilag","tag-borond","tag-poggyasz","tag-repter","tag-tippek"],"aioseo_notices":[],"_links":{"self":[{"href":"https:\/\/www.startlap.hu\/utazas\/wp-json\/wp\/v2\/posts\/103946","targetHints":{"allow":["GET"]}}],"collection":[{"href":"https:\/\/www.startlap.hu\/utazas\/wp-json\/wp\/v2\/posts"}],"about":[{"href":"https:\/\/www.startlap.hu\/utazas\/wp-json\/wp\/v2\/types\/post"}],"author":[{"embeddable":true,"href":"https:\/\/www.startlap.hu\/utazas\/wp-json\/wp\/v2\/users\/64"}],"replies":[{"embeddable":true,"href":"https:\/\/www.startlap.hu\/utazas\/wp-json\/wp\/v2\/comments?post=103946"}],"version-history":[{"count":6,"href":"https:\/\/www.startlap.hu\/utazas\/wp-json\/wp\/v2\/posts\/103946\/revisions"}],"predecessor-version":[{"id":103997,"href":"https:\/\/www.startlap.hu\/utazas\/wp-json\/wp\/v2\/posts\/103946\/revisions\/103997"}],"wp:featuredmedia":[{"embeddable":true,"href":"https:\/\/www.startlap.hu\/utazas\/wp-json\/wp\/v2\/media\/95270"}],"wp:attachment":[{"href":"https:\/\/www.startlap.hu\/utazas\/wp-json\/wp\/v2\/media?parent=103946"}],"wp:term":[{"taxonomy":"category","embeddable":true,"href":"https:\/\/www.startlap.hu\/utazas\/wp-json\/wp\/v2\/categories?post=103946"},{"taxonomy":"post_tag","embeddable":true,"href":"https:\/\/www.startlap.hu\/utazas\/wp-json\/wp\/v2\/tags?post=103946"}],"curies":[{"name":"wp","href":"https:\/\/api.w.org\/{rel}","templated":true}]}}