{"id":103903,"date":"2026-03-07T08:03:05","date_gmt":"2026-03-07T07:03:05","guid":{"rendered":"https:\/\/www.startlap.hu\/utazas\/?p=103903"},"modified":"2026-03-03T12:09:23","modified_gmt":"2026-03-03T11:09:23","slug":"franciaorszag-toulouse-parizs","status":"publish","type":"post","link":"https:\/\/www.startlap.hu\/utazas\/franciaorszag-toulouse-parizs\/","title":{"rendered":"K\u00e9peken Franciaorsz\u00e1g r\u00f3zsasz\u00edn v\u00e1rosa &#8211; a mini P\u00e1rizsr\u00f3l sokan nem is hallottak"},"content":{"rendered":"<p><a href=\"https:\/\/www.startlap.hu\/utazas\/franciaorszag-kerekpar-legjobb-ut\/\" target=\"_blank\" rel=\"noopener\">Franciaorsz\u00e1g<\/a> az elm\u00falt \u00e9vben is meg\u0151rizte hely\u00e9t a vil\u00e1g legn\u00e9pszer\u0171bb \u00fati c\u00e9ljak\u00e9nt. B\u00e1r a f\u0151v\u00e1ros, P\u00e1rizs tov\u00e1bbra is turist\u00e1k milli\u00f3it vonzza, az orsz\u00e1g sz\u00e1mos olyan v\u00e1rost rejt m\u00e9g, ami kevesebb reflektorf\u00e9nyt kap, pedig b\u0151ven meg\u00e9rdemeln\u00e9. Ilyen a \u201eR\u00f3zsasz\u00edn v\u00e1rosk\u00e9nt\u201d ismert Toulouse is.<\/p>\n\n\t<div id=\"cegPostCnt_1\" class=\"o-cegPostCnt -inContent\" data-title=\"K\u00e9peken Franciaorsz\u00e1g r\u00f3zsasz\u00edn v\u00e1rosa &#8211; a mini P\u00e1rizsr\u00f3l sokan nem is hallottak\">\n\t\t<a class=\"o-cegPostCnt__opener m-cegOpener _ce_measure_widget _ce_measure_link\" data-ce-measure-widget=\"gallery-open\"\n   href=\"?gallery=1\/1\/GettyImages-2186445408_11zon\">\n\t<img decoding=\"async\" src=\"https:\/\/www.startlap.hu\/utazas\/uploads\/sites\/3\/2026\/03\/GettyImages-2186445408_11zon.jpg\" class=\"m-cegOpener__image\" alt=\"Albi v\u00e1rosa Toulouse mellett\" sizes=\"(max-width: 991px) 100vw, (max-width: 1039px) 66vw, 684px\" srcset=\"https:\/\/www.startlap.hu\/utazas\/uploads\/sites\/3\/2026\/03\/GettyImages-2186445408_11zon.jpg 1696w, https:\/\/www.startlap.hu\/utazas\/uploads\/sites\/3\/2026\/03\/GettyImages-2186445408_11zon-1536x1024.jpg 1536w, https:\/\/www.startlap.hu\/utazas\/uploads\/sites\/3\/2026\/03\/GettyImages-2186445408_11zon-755x503.jpg 755w, https:\/\/www.startlap.hu\/utazas\/uploads\/sites\/3\/2026\/03\/GettyImages-2186445408_11zon-525x350.jpg 525w\" \/>\t<div class=\"m-cegOpener__btn\"><i class=\"far fa-clone\"><\/i><\/div>\n<\/a>\n<div class=\"o-cegPostCnt__layer m-cegLayer _ce_measure_widget\" data-ce-measure-widget=\"gallery-layer\" style=\"display: none\">\n\t<div class=\"m-cegLayer__top m-cegHeader _ce_measure_widget\" data-ce-measure-widget=\"gallery-header\">\n\t\t\t\t\t<span class=\"m-cegHeader__logo\"><span class=\"a-cegLogo\"><\/span><\/span>\n\t\t\t\t<div class=\"m-cegHeader__imgCnt\">\n\t\t\t<img decoding=\"async\" src=\"https:\/\/www.startlap.hu\/utazas\/uploads\/sites\/3\/2026\/03\/GettyImages-2186445408_11zon.jpg\" class=\"m-cegHeader__imgOpener\" alt=\"Albi v\u00e1rosa Toulouse mellett\" \/>\t\t<\/div>\n\t\t<h2 class=\"m-cegHeader__title a-cegGalleryTitle\"><i class=\"fa fa-angle-left\"><\/i>K\u00e9peken Franciaorsz\u00e1g r\u00f3zsasz\u00edn v\u00e1rosa &#8211; a mini P\u00e1rizsr\u00f3l sokan nem is hallottak<\/h2>\n\t\t<div class=\"m-cegHeader__pagination a-cegPagination\"><\/div>\n\t\t<div class=\"m-cegHeader__closeBtn close-button nlc-icon-close _ce_measure_link _ce_measure_widget\" data-ce-measure-widget=\"gallery-close-btn\"><i class=\"fa fa-times\" aria-hidden=\"true\"><\/i><\/div>\n\t<\/div>\n\t<div class=\"m-cegLayer__screen\">\n\t\t<div class=\"m-cegLayer__carousel m-cegCarousel\">\n\t\t\t\t\t\t\t\n\t\t\t\t<div\n\t\t\t\t\tclass=\"m-cegCarousel__item\"\n\t\t\t\t\tdata-type=\"image\"\n\t\t\t\t\tdata-id=\"1\/1\/GettyImages-2186445408_11zon\"\n\t\t\t\t\tdata-image-url=\"https:\/\/www.startlap.hu\/utazas\/uploads\/sites\/3\/2026\/03\/GettyImages-2186445408_11zon.jpg\"\n\t\t\t\t\tdata-title=\"franciaorszag\"\n\t\t\t\t\tdata-desc=\"Az UNESCO-list\u00e1s Albi l\u00e1tk\u00e9pe a Tarn foly\u00f3val, Toulouse k\u00f6zel\u00e9ben. Fot\u00f3: Getty Images\">\n\n\t\t\t\t\t<!-- image -->\n\t\t\t\t\t<div class=\"m-cegCarousel__floatingCnt\">\n\t\t\t\t\t\t<img decoding=\"async\" src=\"https:\/\/www.startlap.hu\/utazas\/uploads\/sites\/3\/2026\/03\/GettyImages-2186445408_11zon.jpg\" class=\"m-cegCarousel__image\" alt=\"Albi v\u00e1rosa Toulouse mellett\" \/>\t\t\t\t\t\t<span class=\"fa m-cegCarousel__zoom _ce_measure_link _ce_measure_widget\" data-ce-measure-widget=\"gallery-zoom-btn\"><\/span>\n\t\t\t\t\t<\/div>\n\n\t\t\t\t\t<!-- thumb icon \/ counter, caption  -->\n\t\t\t\t\t<div class=\"m-cegCarousel__captionCnt m-cegCaption\">\n\t\t\t\t\t\t<span class=\"m-cegCaption__thumbIcon a-cegThumbIcon _ce_measure_widget _ce_measure_link\"\n\t\t\t\t\t\t\t  data-ce-measure-widget=\"thumbnails-btn\"\n\t\t\t\t\t\t\t  data-ce-measure-widget=\"gallery-thumbnails\"><i class=\" fa fa-th-large\"><\/i><\/span>\n\t\t\t\t\t\t<span class=\"m-cegCaption__pagination a-cegPagination\">\n\t\t\t\t\t\t\t<span class=\"a-cegPagination__current\">1<\/span>\/6\t\t\t\t\t\t<\/span>\n\t\t\t\t\t\t<span class=\"m-cegCaption__caption\">franciaorszag<\/span>\n\t\t\t\t\t<\/div>\n\n\t\t\t\t\t<!-- Image description -->\n\t\t\t\t\t<div class=\"m-cegCarousel__desc a-cegDesc\">Az UNESCO-list\u00e1s Albi l\u00e1tk\u00e9pe a Tarn foly\u00f3val, Toulouse k\u00f6zel\u00e9ben. Fot\u00f3: Getty Images<\/div>\n\n\t\t\t\t\t<!-- Image social share icons -->\n\t\t\t\t\t<div class=\"m-cegCarousel__socialCnt m-cegSocial\">\n\t\t\t\t\t\t<span class=\"m-cegSocial__text\">Fot\u00f3 megoszt\u00e1sa:<\/span><span class=\"m-cegSocial__iconWrap\"><span class=\"m-cegSocial__icon -facebook _ce_measure_link _ce_measure_widget\" data-ce-measure-widget=\"facebookGallery-btn\"><i class=\"fab fa-facebook-f\"><\/i><\/span><span class=\"m-cegSocial__icon -pinterest _ce_measure_link _ce_measure_widget\" data-ce-measure-widget=\"printeresGallery-btn\"><i class=\"fab fa-pinterest-p\"><\/i><\/span><span class=\"m-cegSocial__icon -email _ce_measure_link _ce_measure_widget\" data-ce-measure-widget=\"emailGallery-btn\"><i class=\"far fa-envelope\"><\/i><\/span><span class=\"m-cegSocial__icon -clipboard _ce_measure_link _ce_measure_widget\" data-ce-measure-widget=\"clipboardGallery-btn\"><i class=\"fa fa-link\"><\/i><\/span><\/span>\t\t\t\t\t<\/div>\n\t\t\t\t<\/div>\n\t\t\t\t\t\t\t\n\t\t\t\t<div\n\t\t\t\t\tclass=\"m-cegCarousel__item\"\n\t\t\t\t\tdata-type=\"image\"\n\t\t\t\t\tdata-id=\"1\/2\/GettyImages-1124372235_11zon-scaled\"\n\t\t\t\t\tdata-image-url=\"https:\/\/www.startlap.hu\/utazas\/uploads\/sites\/3\/2026\/03\/GettyImages-1124372235_11zon-scaled.jpg\"\n\t\t\t\t\tdata-title=\"franciaorszag\"\n\t\t\t\t\tdata-desc=\"Naplemente a Garonne partj\u00e1n, a Pont Neuf bolt\u00edve al\u00f3l n\u00e9zve Toulouse foly\u00f3parti panor\u00e1m\u00e1j\u00e1t. Fot\u00f3: Getty Images\">\n\n\t\t\t\t\t<!-- image -->\n\t\t\t\t\t<div class=\"m-cegCarousel__floatingCnt\">\n\t\t\t\t\t\t<img decoding=\"async\" src=\"https:\/\/www.startlap.hu\/utazas\/uploads\/sites\/3\/2026\/03\/GettyImages-1124372235_11zon-scaled.jpg\" class=\"m-cegCarousel__image\" alt=\"Naplemente foly\u00f3val\" \/>\t\t\t\t\t\t<span class=\"fa m-cegCarousel__zoom _ce_measure_link _ce_measure_widget\" data-ce-measure-widget=\"gallery-zoom-btn\"><\/span>\n\t\t\t\t\t<\/div>\n\n\t\t\t\t\t<!-- thumb icon \/ counter, caption  -->\n\t\t\t\t\t<div class=\"m-cegCarousel__captionCnt m-cegCaption\">\n\t\t\t\t\t\t<span class=\"m-cegCaption__thumbIcon a-cegThumbIcon _ce_measure_widget _ce_measure_link\"\n\t\t\t\t\t\t\t  data-ce-measure-widget=\"thumbnails-btn\"\n\t\t\t\t\t\t\t  data-ce-measure-widget=\"gallery-thumbnails\"><i class=\" fa fa-th-large\"><\/i><\/span>\n\t\t\t\t\t\t<span class=\"m-cegCaption__pagination a-cegPagination\">\n\t\t\t\t\t\t\t<span class=\"a-cegPagination__current\">2<\/span>\/6\t\t\t\t\t\t<\/span>\n\t\t\t\t\t\t<span class=\"m-cegCaption__caption\">franciaorszag<\/span>\n\t\t\t\t\t<\/div>\n\n\t\t\t\t\t<!-- Image description -->\n\t\t\t\t\t<div class=\"m-cegCarousel__desc a-cegDesc\">Naplemente a Garonne partj\u00e1n, a Pont Neuf bolt\u00edve al\u00f3l n\u00e9zve Toulouse foly\u00f3parti panor\u00e1m\u00e1j\u00e1t. Fot\u00f3: Getty Images<\/div>\n\n\t\t\t\t\t<!-- Image social share icons -->\n\t\t\t\t\t<div class=\"m-cegCarousel__socialCnt m-cegSocial\">\n\t\t\t\t\t\t<span class=\"m-cegSocial__text\">Fot\u00f3 megoszt\u00e1sa:<\/span><span class=\"m-cegSocial__iconWrap\"><span class=\"m-cegSocial__icon -facebook _ce_measure_link _ce_measure_widget\" data-ce-measure-widget=\"facebookGallery-btn\"><i class=\"fab fa-facebook-f\"><\/i><\/span><span class=\"m-cegSocial__icon -pinterest _ce_measure_link _ce_measure_widget\" data-ce-measure-widget=\"printeresGallery-btn\"><i class=\"fab fa-pinterest-p\"><\/i><\/span><span class=\"m-cegSocial__icon -email _ce_measure_link _ce_measure_widget\" data-ce-measure-widget=\"emailGallery-btn\"><i class=\"far fa-envelope\"><\/i><\/span><span class=\"m-cegSocial__icon -clipboard _ce_measure_link _ce_measure_widget\" data-ce-measure-widget=\"clipboardGallery-btn\"><i class=\"fa fa-link\"><\/i><\/span><\/span>\t\t\t\t\t<\/div>\n\t\t\t\t<\/div>\n\t\t\t\t\t\t\t\n\t\t\t\t<div\n\t\t\t\t\tclass=\"m-cegCarousel__item\"\n\t\t\t\t\tdata-type=\"image\"\n\t\t\t\t\tdata-id=\"1\/3\/GettyImages-2189011128_11zon\"\n\t\t\t\t\tdata-image-url=\"https:\/\/www.startlap.hu\/utazas\/uploads\/sites\/3\/2026\/03\/GettyImages-2189011128_11zon.jpg\"\n\t\t\t\t\tdata-title=\"franciaorszag\"\n\t\t\t\t\tdata-desc=\"Hangulatos, v\u00f6r\u00f6s t\u00e9gl\u00e1s utca Toulouse t\u00f6rt\u00e9nelmi negyed\u00e9ben, a \u201eR\u00f3zsasz\u00edn v\u00e1ros\u201d jellegzetes arculat\u00e1val. Fot\u00f3: Getty Images\">\n\n\t\t\t\t\t<!-- image -->\n\t\t\t\t\t<div class=\"m-cegCarousel__floatingCnt\">\n\t\t\t\t\t\t<img decoding=\"async\" src=\"https:\/\/www.startlap.hu\/utazas\/uploads\/sites\/3\/2026\/03\/GettyImages-2189011128_11zon.jpg\" class=\"m-cegCarousel__image\" alt=\"Toulouse egyik utc\u00e1ja\" \/>\t\t\t\t\t\t<span class=\"fa m-cegCarousel__zoom _ce_measure_link _ce_measure_widget\" data-ce-measure-widget=\"gallery-zoom-btn\"><\/span>\n\t\t\t\t\t<\/div>\n\n\t\t\t\t\t<!-- thumb icon \/ counter, caption  -->\n\t\t\t\t\t<div class=\"m-cegCarousel__captionCnt m-cegCaption\">\n\t\t\t\t\t\t<span class=\"m-cegCaption__thumbIcon a-cegThumbIcon _ce_measure_widget _ce_measure_link\"\n\t\t\t\t\t\t\t  data-ce-measure-widget=\"thumbnails-btn\"\n\t\t\t\t\t\t\t  data-ce-measure-widget=\"gallery-thumbnails\"><i class=\" fa fa-th-large\"><\/i><\/span>\n\t\t\t\t\t\t<span class=\"m-cegCaption__pagination a-cegPagination\">\n\t\t\t\t\t\t\t<span class=\"a-cegPagination__current\">3<\/span>\/6\t\t\t\t\t\t<\/span>\n\t\t\t\t\t\t<span class=\"m-cegCaption__caption\">franciaorszag<\/span>\n\t\t\t\t\t<\/div>\n\n\t\t\t\t\t<!-- Image description -->\n\t\t\t\t\t<div class=\"m-cegCarousel__desc a-cegDesc\">Hangulatos, v\u00f6r\u00f6s t\u00e9gl\u00e1s utca Toulouse t\u00f6rt\u00e9nelmi negyed\u00e9ben, a \u201eR\u00f3zsasz\u00edn v\u00e1ros\u201d jellegzetes arculat\u00e1val. Fot\u00f3: Getty Images<\/div>\n\n\t\t\t\t\t<!-- Image social share icons -->\n\t\t\t\t\t<div class=\"m-cegCarousel__socialCnt m-cegSocial\">\n\t\t\t\t\t\t<span class=\"m-cegSocial__text\">Fot\u00f3 megoszt\u00e1sa:<\/span><span class=\"m-cegSocial__iconWrap\"><span class=\"m-cegSocial__icon -facebook _ce_measure_link _ce_measure_widget\" data-ce-measure-widget=\"facebookGallery-btn\"><i class=\"fab fa-facebook-f\"><\/i><\/span><span class=\"m-cegSocial__icon -pinterest _ce_measure_link _ce_measure_widget\" data-ce-measure-widget=\"printeresGallery-btn\"><i class=\"fab fa-pinterest-p\"><\/i><\/span><span class=\"m-cegSocial__icon -email _ce_measure_link _ce_measure_widget\" data-ce-measure-widget=\"emailGallery-btn\"><i class=\"far fa-envelope\"><\/i><\/span><span class=\"m-cegSocial__icon -clipboard _ce_measure_link _ce_measure_widget\" data-ce-measure-widget=\"clipboardGallery-btn\"><i class=\"fa fa-link\"><\/i><\/span><\/span>\t\t\t\t\t<\/div>\n\t\t\t\t<\/div>\n\t\t\t\t\t\t\t\t\t\t\t\t<div\n\t\t\t\t\t\tclass=\"m-cegCarousel__item -banner\"\n\t\t\t\t\t\tdata-type=\"banner\"\n\t\t\t\t\t\tdata-id=\"1\/4\/banner\"\n\t\t\t\t\t\tdata-image-url=\"\"\n\t\t\t\t\t\tdata-title=\"\"\n\t\t\t\t\t\tdata-desc=\"\">\n\n\t\t\t\t\t\t<div class=\"m-cegCarousel__floatingCnt banner-container gallery-content010\"><\/div>\n\n\t\t\t\t\t<\/div>\n\t\t\t\t\t\t\t\t\t\n\t\t\t\t<div\n\t\t\t\t\tclass=\"m-cegCarousel__item\"\n\t\t\t\t\tdata-type=\"image\"\n\t\t\t\t\tdata-id=\"1\/5\/GettyImages-1163305413_11zon\"\n\t\t\t\t\tdata-image-url=\"https:\/\/www.startlap.hu\/utazas\/uploads\/sites\/3\/2026\/03\/GettyImages-1163305413_11zon.jpg\"\n\t\t\t\t\tdata-title=\"franciaorszag\"\n\t\t\t\t\tdata-desc=\"L\u00e9gi felv\u00e9tel Toulouse \u00f3v\u00e1ros\u00e1r\u00f3l, a jellegzetes terrakotta tet\u0151kkel \u00e9s a k\u00f6zponti t\u00e9rrel. Fot\u00f3: Getty Images\">\n\n\t\t\t\t\t<!-- image -->\n\t\t\t\t\t<div class=\"m-cegCarousel__floatingCnt\">\n\t\t\t\t\t\t<img decoding=\"async\" src=\"https:\/\/www.startlap.hu\/utazas\/uploads\/sites\/3\/2026\/03\/GettyImages-1163305413_11zon.jpg\" class=\"m-cegCarousel__image\" alt=\"Toulouse a magasb\u00f3l\" \/>\t\t\t\t\t\t<span class=\"fa m-cegCarousel__zoom _ce_measure_link _ce_measure_widget\" data-ce-measure-widget=\"gallery-zoom-btn\"><\/span>\n\t\t\t\t\t<\/div>\n\n\t\t\t\t\t<!-- thumb icon \/ counter, caption  -->\n\t\t\t\t\t<div class=\"m-cegCarousel__captionCnt m-cegCaption\">\n\t\t\t\t\t\t<span class=\"m-cegCaption__thumbIcon a-cegThumbIcon _ce_measure_widget _ce_measure_link\"\n\t\t\t\t\t\t\t  data-ce-measure-widget=\"thumbnails-btn\"\n\t\t\t\t\t\t\t  data-ce-measure-widget=\"gallery-thumbnails\"><i class=\" fa fa-th-large\"><\/i><\/span>\n\t\t\t\t\t\t<span class=\"m-cegCaption__pagination a-cegPagination\">\n\t\t\t\t\t\t\t<span class=\"a-cegPagination__current\">5<\/span>\/6\t\t\t\t\t\t<\/span>\n\t\t\t\t\t\t<span class=\"m-cegCaption__caption\">franciaorszag<\/span>\n\t\t\t\t\t<\/div>\n\n\t\t\t\t\t<!-- Image description -->\n\t\t\t\t\t<div class=\"m-cegCarousel__desc a-cegDesc\">L\u00e9gi felv\u00e9tel Toulouse \u00f3v\u00e1ros\u00e1r\u00f3l, a jellegzetes terrakotta tet\u0151kkel \u00e9s a k\u00f6zponti t\u00e9rrel. Fot\u00f3: Getty Images<\/div>\n\n\t\t\t\t\t<!-- Image social share icons -->\n\t\t\t\t\t<div class=\"m-cegCarousel__socialCnt m-cegSocial\">\n\t\t\t\t\t\t<span class=\"m-cegSocial__text\">Fot\u00f3 megoszt\u00e1sa:<\/span><span class=\"m-cegSocial__iconWrap\"><span class=\"m-cegSocial__icon -facebook _ce_measure_link _ce_measure_widget\" data-ce-measure-widget=\"facebookGallery-btn\"><i class=\"fab fa-facebook-f\"><\/i><\/span><span class=\"m-cegSocial__icon -pinterest _ce_measure_link _ce_measure_widget\" data-ce-measure-widget=\"printeresGallery-btn\"><i class=\"fab fa-pinterest-p\"><\/i><\/span><span class=\"m-cegSocial__icon -email _ce_measure_link _ce_measure_widget\" data-ce-measure-widget=\"emailGallery-btn\"><i class=\"far fa-envelope\"><\/i><\/span><span class=\"m-cegSocial__icon -clipboard _ce_measure_link _ce_measure_widget\" data-ce-measure-widget=\"clipboardGallery-btn\"><i class=\"fa fa-link\"><\/i><\/span><\/span>\t\t\t\t\t<\/div>\n\t\t\t\t<\/div>\n\t\t\t\t\t\t\t\n\t\t\t\t<div\n\t\t\t\t\tclass=\"m-cegCarousel__item\"\n\t\t\t\t\tdata-type=\"image\"\n\t\t\t\t\tdata-id=\"1\/6\/GettyImages-92786651_11zon\"\n\t\t\t\t\tdata-image-url=\"https:\/\/www.startlap.hu\/utazas\/uploads\/sites\/3\/2026\/03\/GettyImages-92786651_11zon.jpg\"\n\t\t\t\t\tdata-title=\"franciaorszag\"\n\t\t\t\t\tdata-desc=\"A Capitole impoz\u00e1ns homlokzata esti f\u00e9nyben, Toulouse f\u0151ter\u00e9nek ikonikus \u00e9p\u00fclete. Fot\u00f3: Getty Images\">\n\n\t\t\t\t\t<!-- image -->\n\t\t\t\t\t<div class=\"m-cegCarousel__floatingCnt\">\n\t\t\t\t\t\t<img decoding=\"async\" src=\"https:\/\/www.startlap.hu\/utazas\/uploads\/sites\/3\/2026\/03\/GettyImages-92786651_11zon.jpg\" class=\"m-cegCarousel__image\" alt=\"Capitola \u00e9p\u00fclete esti f\u00e9nyekkel\" \/>\t\t\t\t\t\t<span class=\"fa m-cegCarousel__zoom _ce_measure_link _ce_measure_widget\" data-ce-measure-widget=\"gallery-zoom-btn\"><\/span>\n\t\t\t\t\t<\/div>\n\n\t\t\t\t\t<!-- thumb icon \/ counter, caption  -->\n\t\t\t\t\t<div class=\"m-cegCarousel__captionCnt m-cegCaption\">\n\t\t\t\t\t\t<span class=\"m-cegCaption__thumbIcon a-cegThumbIcon _ce_measure_widget _ce_measure_link\"\n\t\t\t\t\t\t\t  data-ce-measure-widget=\"thumbnails-btn\"\n\t\t\t\t\t\t\t  data-ce-measure-widget=\"gallery-thumbnails\"><i class=\" fa fa-th-large\"><\/i><\/span>\n\t\t\t\t\t\t<span class=\"m-cegCaption__pagination a-cegPagination\">\n\t\t\t\t\t\t\t<span class=\"a-cegPagination__current\">6<\/span>\/6\t\t\t\t\t\t<\/span>\n\t\t\t\t\t\t<span class=\"m-cegCaption__caption\">franciaorszag<\/span>\n\t\t\t\t\t<\/div>\n\n\t\t\t\t\t<!-- Image description -->\n\t\t\t\t\t<div class=\"m-cegCarousel__desc a-cegDesc\">A Capitole impoz\u00e1ns homlokzata esti f\u00e9nyben, Toulouse f\u0151ter\u00e9nek ikonikus \u00e9p\u00fclete. Fot\u00f3: Getty Images<\/div>\n\n\t\t\t\t\t<!-- Image social share icons -->\n\t\t\t\t\t<div class=\"m-cegCarousel__socialCnt m-cegSocial\">\n\t\t\t\t\t\t<span class=\"m-cegSocial__text\">Fot\u00f3 megoszt\u00e1sa:<\/span><span class=\"m-cegSocial__iconWrap\"><span class=\"m-cegSocial__icon -facebook _ce_measure_link _ce_measure_widget\" data-ce-measure-widget=\"facebookGallery-btn\"><i class=\"fab fa-facebook-f\"><\/i><\/span><span class=\"m-cegSocial__icon -pinterest _ce_measure_link _ce_measure_widget\" data-ce-measure-widget=\"printeresGallery-btn\"><i class=\"fab fa-pinterest-p\"><\/i><\/span><span class=\"m-cegSocial__icon -email _ce_measure_link _ce_measure_widget\" data-ce-measure-widget=\"emailGallery-btn\"><i class=\"far fa-envelope\"><\/i><\/span><span class=\"m-cegSocial__icon -clipboard _ce_measure_link _ce_measure_widget\" data-ce-measure-widget=\"clipboardGallery-btn\"><i class=\"fa fa-link\"><\/i><\/span><\/span>\t\t\t\t\t<\/div>\n\t\t\t\t<\/div>\n\t\t\t\t\t\t\t\t<\/div>\n\t\t<div class=\"m-cegLayer__thumbnails m-cegThumbList _ce_measure_widget\" data-ce-measure-widget=\"gallery-thumb-list\">\n\t\t\t\t\t\t\t\t\t\t\t<div class=\"m-cegThumbList__item\"\n\t\t\t\t\tdata-id=\"1\/1\/GettyImages-2186445408_11zon\"\n\t\t\t\t\tdata-index=\"0\">\n\t\t\t\t\t<img decoding=\"async\" src=\"https:\/\/www.startlap.hu\/utazas\/uploads\/sites\/3\/2026\/03\/GettyImages-2186445408_11zon.jpg\" class=\"m-cegThumbList__image _ce_measure_link\" alt=\"Albi v\u00e1rosa Toulouse mellett\" \/>\t\t\t\t<\/div>\n\t\t\t\t\t\t\t\t\t\t\t<div class=\"m-cegThumbList__item\"\n\t\t\t\t\tdata-id=\"1\/2\/GettyImages-1124372235_11zon-scaled\"\n\t\t\t\t\tdata-index=\"1\">\n\t\t\t\t\t<img decoding=\"async\" src=\"https:\/\/www.startlap.hu\/utazas\/uploads\/sites\/3\/2026\/03\/GettyImages-1124372235_11zon-scaled.jpg\" class=\"m-cegThumbList__image _ce_measure_link\" alt=\"Naplemente foly\u00f3val\" \/>\t\t\t\t<\/div>\n\t\t\t\t\t\t\t\t\t\t\t<div class=\"m-cegThumbList__item\"\n\t\t\t\t\tdata-id=\"1\/3\/GettyImages-2189011128_11zon\"\n\t\t\t\t\tdata-index=\"2\">\n\t\t\t\t\t<img decoding=\"async\" src=\"https:\/\/www.startlap.hu\/utazas\/uploads\/sites\/3\/2026\/03\/GettyImages-2189011128_11zon.jpg\" class=\"m-cegThumbList__image _ce_measure_link\" alt=\"Toulouse egyik utc\u00e1ja\" \/>\t\t\t\t<\/div>\n\t\t\t\t\t\t\t\t\t\t\t\t\t\t\t<div class=\"m-cegThumbList__item\"\n\t\t\t\t\tdata-id=\"1\/5\/GettyImages-1163305413_11zon\"\n\t\t\t\t\tdata-index=\"4\">\n\t\t\t\t\t<img decoding=\"async\" src=\"https:\/\/www.startlap.hu\/utazas\/uploads\/sites\/3\/2026\/03\/GettyImages-1163305413_11zon.jpg\" class=\"m-cegThumbList__image _ce_measure_link\" alt=\"Toulouse a magasb\u00f3l\" \/>\t\t\t\t<\/div>\n\t\t\t\t\t\t\t\t\t\t\t<div class=\"m-cegThumbList__item\"\n\t\t\t\t\tdata-id=\"1\/6\/GettyImages-92786651_11zon\"\n\t\t\t\t\tdata-index=\"5\">\n\t\t\t\t\t<img decoding=\"async\" src=\"https:\/\/www.startlap.hu\/utazas\/uploads\/sites\/3\/2026\/03\/GettyImages-92786651_11zon.jpg\" class=\"m-cegThumbList__image _ce_measure_link\" alt=\"Capitola \u00e9p\u00fclete esti f\u00e9nyekkel\" \/>\t\t\t\t<\/div>\n\t\t\t\t\t<\/div>\n\t<\/div>\n\t<div class=\"m-cegLayer__sidebar m-cegSidebar _ce_measure_widget\" data-ce-measure-widget=\"gallery-sidebar\">\n\n\t\t<div class=\"m-cegSidebar__desc a-cegDesc _ce_measure_widget\" data-ce-measure-widget=\"gallery-desc\"><\/div>\n\n\t\t<div class=\"m-cegSidebar__socialCnt m-cegSocial -sidebar _ce_measure_widget\" data-ce-measure-widget=\"gallery-social\">\n\t\t\t<span class=\"m-cegSocial__text\">Fot\u00f3 megoszt\u00e1sa:<\/span><span class=\"m-cegSocial__iconWrap\"><span class=\"m-cegSocial__icon -facebook _ce_measure_link _ce_measure_widget\" data-ce-measure-widget=\"facebookGallery-btn\"><i class=\"fab fa-facebook-f\"><\/i><\/span><span class=\"m-cegSocial__icon -pinterest _ce_measure_link _ce_measure_widget\" data-ce-measure-widget=\"printeresGallery-btn\"><i class=\"fab fa-pinterest-p\"><\/i><\/span><span class=\"m-cegSocial__icon -email _ce_measure_link _ce_measure_widget\" data-ce-measure-widget=\"emailGallery-btn\"><i class=\"far fa-envelope\"><\/i><\/span><span class=\"m-cegSocial__icon -clipboard _ce_measure_link _ce_measure_widget\" data-ce-measure-widget=\"clipboardGallery-btn\"><i class=\"fa fa-link\"><\/i><\/span><\/span>\t\t<\/div>\n\n\t\t<div class=\"gallery-right010 banner-container\"><\/div>\n\t\t<div class=\"gallery-right020 banner-container\"><\/div>\n\n\t<\/div>\n<\/div>\n\t<\/div>\n\n\t<script>\n\t\tjQuery(function () {\n\t\t\tvar id = '#cegPostCnt_1';\n\t\t\tjQuery( id ).articleGallery({\n\t\t\t\tonChanged: function (event) {\n\t\t\t\t\t\tthis.renderSidebarCTS( 'gallery-right010' );\n\t\t\t\t\t\tthis.renderSidebarCTS( 'gallery-right020' );\n\t\t\t\t\t\tthis.renderBannerSlideCTS(  event,\n\t\t\t\t\t\t\t\t\t\t\t\t\t[\n\t\t\t\t\t\t\t\t\t\t\t\t\t\t'gallery-content010',\n\t\t\t\t\t\t\t\t\t\t\t\t\t\t'gallery-content020',\n\t\t\t\t\t\t\t\t\t\t\t\t\t\t'gallery-content030'\n\t\t\t\t\t\t\t\t\t\t\t\t\t]);\n\t\t\t\t}\n\t\t\t});\n\t\t});\n\t<\/script>\t\n<h2>A \u201emini P\u00e1rizs\u201d a Garonne partj\u00e1n<\/h2>\n<p>Franciaorsz\u00e1g negyedik legnagyobb v\u00e1rosa az orsz\u00e1g d\u00e9lnyugati r\u00e9sz\u00e9n, az Occitanie r\u00e9gi\u00f3ban fekszik. Ahogyan <a href=\"https:\/\/www.startlap.hu\/utazas\/franciaorszag-parizs-rangsor-varosok-japan-spanyolorszag\/\" target=\"_blank\" rel=\"noopener\">P\u00e1rizst<\/a> a Szajna, \u00fagy Toulouse-t a Garonne szeli \u00e1t. A foly\u00f3parti s\u00e9t\u00e1ny k\u00f6telez\u0151 program: innen csod\u00e1lhatjuk meg a v\u00e1ros ikonikus h\u00eddjait, k\u00f6zt\u00fck a Pont Neuf-\u00f6t \u2013 amely nev\u00e9ben megegyezik a p\u00e1rizsi n\u00e9vrokonnal.<\/p>\n<div class=\"o-widget m-readMoreWidget -readMore u-shortDecorLineAfter row widget-container _ce_measure_widget bigdata-widget read-more\" data-ce-measure-widget=\"olvass tov\u00e1bb\">\n\t<div class=\"m-readMoreWidget__imgWrapper image-wrapper col-12 col-md-4 no-p\">\n\t\t<a class=\"m-readMoreWidget__imgLink\" href=\"https:\/\/www.startlap.hu\/utazas\/svajc-olcso-munkasnegyed-szolgaltatas-gazdagsag\/\" >\n\t\t\t<img decoding=\"async\" src=\"https:\/\/www.startlap.hu\/utazas\/uploads\/sites\/3\/2025\/12\/bazel_11zon-350x285.jpg\" class=\"m-readMoreWidget__img\">\n\t\t<\/a>\n\t<\/div>\n\t<div class=\"m-readMoreWidget__titleWrapper title-wrapper col-12 col-md-8\">\n\t\t<span class=\"m-readMoreWidget__titleLabel u-shortDecorLineBefore label hidden-sm-up\">Ez is \u00e9rdekelhet:<\/span>\n\t\t<h3 class=\"m-readMoreWidget__title title\">\n\t\t\t<a class=\"m-readMoreWidget__titleLink -secondFont u-bold u-upperCase\" href=\"https:\/\/www.startlap.hu\/utazas\/svajc-olcso-munkasnegyed-szolgaltatas-gazdagsag\/\" >Ilyen egy sv\u00e1jci &#8222;nyomornegyed&#8221; &#8211; olyan magas az \u00e9letsz\u00ednvonal, hogy a szer\u00e9nyebb v\u00e1rosr\u00e9szekben is sz\u00edvesen \u00e9ln\u00e9nk<\/a>\n\t\t<\/h3>\n\t\t<a class=\"m-readMoreWidget__btn -coloredBack u-tC link\" href=\"https:\/\/www.startlap.hu\/utazas\/svajc-olcso-munkasnegyed-szolgaltatas-gazdagsag\/\" >Elolvasom<\/a>\n\t<\/div>\n<\/div>\n<p>A p\u00e1rhuzam itt nem \u00e9r v\u00e9get. M\u00edg a francia f\u0151v\u00e1ros egyik kedvelt helysz\u00edne a Saint-Martin-csatorna, Toulouse b\u00fcszkes\u00e9ge a Canal du Midi. Az el\u0151bbi alig \u00f6t kilom\u00e9teres, <strong>az ut\u00f3bbi viszont egy k\u00f6zel 360 kilom\u00e9teres v\u00edzi \u00fat r\u00e9sze, amely az Atlanti-\u00f3ce\u00e1nt k\u00f6ti \u00f6ssze a F\u00f6ldk\u00f6zi-tengerrel.<\/strong> Nem v\u00e9letlen, hogy 1996-ban felker\u00fclt az UNESCO vil\u00e1g\u00f6r\u00f6ks\u00e9gi list\u00e1j\u00e1ra.<\/p>\n<h2>Zar\u00e1ndokok, bazilik\u00e1k \u00e9s k\u00f6z\u00e9pkori \u00f6r\u00f6ks\u00e9g<\/h2>\n<p>B\u00e1r Toulouse j\u00f3val kevesebb turist\u00e1t fogad, mint P\u00e1rizs, l\u00e1tnival\u00f3kban nincs hi\u00e1ny. A v\u00e1roson \u00e1thalad a h\u00edres Camino de Santiago egyik \u00fatvonala is. A k\u00f6zelben olyan kultur\u00e1lis jelent\u0151s\u00e9g\u0171 \u00e9p\u00fcletek v\u00e1rj\u00e1k a l\u00e1togat\u00f3kat, mint a Basilique Saint-Sernin vagy a H\u00f4tel-Dieu Saint-Jacques, az egykori, 12. sz\u00e1zadban alap\u00edtott k\u00f3rh\u00e1z. A g\u00f3tikus \u00e9p\u00edt\u00e9szet szerelmeseinek kihagyhatatlan a Couvent des Jacobins kolostor, m\u00edg a m\u0171v\u00e9szetkedvel\u0151k a Fondation Bemberg gy\u0171jtem\u00e9ny\u00e9ben t\u00f6bb mint 1400 festm\u00e9nyt, szobrot \u00e9s m\u0171t\u00e1rgyat fedezhetnek fel.<\/p>\n<h2>Egyetemv\u00e1ros \u00e9s rep\u00fcl\u0151ipari k\u00f6zpont<\/h2>\n<p>Toulouse pezsg\u0151 egyetemi k\u00f6zeggel is b\u00fcszk\u00e9lkedhet. Az 1229-ben alap\u00edtott University of Toulouse <strong>az orsz\u00e1g m\u00e1sodik legr\u00e9gebbi fels\u0151oktat\u00e1si int\u00e9zm\u00e9nye, \u00e9s ma Eur\u00f3pa egyik meghat\u00e1roz\u00f3 rep\u00fcl\u0151- \u00e9s \u0171ripari k\u00f6zpontjak\u00e9nt ismert. <\/strong>A technol\u00f3gia \u00e9s a m\u0171v\u00e9szet l\u00e1tv\u00e1nyos tal\u00e1lkoz\u00e1sa a La Halle de La Machine interakt\u00edv m\u00fazeum, amely egy haszn\u00e1laton k\u00edv\u00fcli kifut\u00f3p\u00e1ly\u00e1n kapott helyet.<\/p>\n<h2>Mi\u00e9rt \u201eR\u00f3zsasz\u00edn v\u00e1ros\u201d?<\/h2>\n<p>Toulouse legismertebb beceneve a La Ville Rose, vagyis \u201eR\u00f3zsasz\u00edn v\u00e1ros\u201d. M\u00edg P\u00e1rizs \u00e9p\u00edt\u00e9szete eklektikus, addig Toulouse arculata j\u00f3val egys\u00e9gesebb:<\/p>\n<blockquote class=\"article__extraTxt\"><p>a v\u00e1rost meghat\u00e1roz\u00f3 terrakotta t\u00e9gl\u00e1k meleg \u00e1rnyalata k\u00fcl\u00f6nleges hangulatot ad az utc\u00e1knak.<\/p><\/blockquote>\n<p>A hagyom\u00e1ny a 12. sz\u00e1zadra ny\u00falik vissza, \u00e9s olyan k\u00f6zponti \u00e9p\u00fcletekn\u00e9l v\u00e1lt meghat\u00e1roz\u00f3v\u00e1, mint a Basilique Saint-Sernin vagy a Capitole t\u00e9r \u00e9p\u00fcletegy\u00fcttese.<\/p>\n<h2>Gasztron\u00f3miai kalandoz\u00e1sok Occitani\u00e1ban<\/h2>\n<p>A v\u00e1ros felfedez\u00e9se k\u00f6zben \u00e9rdemes id\u0151t sz\u00e1nni egy kiad\u00f3s eb\u00e9dre vagy vacsor\u00e1ra. Occitanie Franciaorsz\u00e1g egyik legfontosabb mez\u0151gazdas\u00e1gi t\u00e9rs\u00e9ge, \u00edgy a friss, helyi alapanyag adott. A h\u00e1rom v\u00e1rosi piac k\u00f6z\u00fcl k\u00fcl\u00f6n\u00f6sen aj\u00e1nlott a March\u00e9 Victor Hugo. Toulouse igazi gasztroparadicsom: <strong>min\u0151s\u00e9gi \u00e9ttermek, hangulatos borb\u00e1rok \u00e9s cs\u00e1b\u00edt\u00f3 p\u00e9ks\u00e9gek v\u00e1rj\u00e1k a l\u00e1togat\u00f3kat.<\/strong> A helyi p\u00e9ks\u00e9gek k\u00fcl\u00f6nlegess\u00e9ge, hogy a croissant egyik v\u00e1ltozat\u00e1t nem pain au chocolat-nak, hanem chocolatine-nak nevezik. A sajtkedvel\u0151k sem csal\u00f3dnak majd: a k\u00f6rny\u00e9ken k\u00e9sz\u00fcl p\u00e9ld\u00e1ul a bleu d&#8217;hougarou nev\u0171, juhtejb\u0151l k\u00e9sz\u00fclt k\u00e9ksajt, amely a k\u00f6zeli Hautes-Pyr\u00e9n\u00e9es r\u00e9gi\u00f3b\u00f3l sz\u00e1rmazik.<\/p>\n<blockquote class=\"article__extraTxt\"><p>\u00c9s ha m\u00e1r helyi specialit\u00e1s: kihagyhatatlan a cassoulet is, a r\u00e9gi\u00f3 ikonikus egyt\u00e1l\u00e9tele feh\u00e9r babbal, sert\u00e9sh\u00fassal \u00e9s kacs\u00e1val.<\/p><\/blockquote>\n<h2>Kir\u00e1ndul\u00e1sok a k\u00f6rny\u00e9ken<\/h2>\n<p>Ha marad id\u0151 a v\u00e1roson t\u00fal is felfedezni a vid\u00e9ket, j\u00f3 h\u00edr, hogy Toulouse k\u00f6rny\u00e9ke b\u0151velkedik l\u00e1tnival\u00f3kban. A k\u00f6zeli Albi UNESCO-list\u00e1s \u00f3v\u00e1rosa, a csendes \u00e9s b\u00e1jos Auch, valamint a dombtet\u0151re \u00e9p\u00fclt fest\u0151i Cordes-sur-Ciel mind kiv\u00e1l\u00f3 \u00fati c\u00e9l egy egynapos kir\u00e1ndul\u00e1shoz. Toulouse teh\u00e1t nem csup\u00e1n egy \u201emini P\u00e1rizs\u201d, hanem \u00f6n\u00e1ll\u00f3 karakterrel b\u00edr\u00f3, izgalmas v\u00e1ros, tal\u00e1n \u00e9pp az\u00e9rt k\u00fcl\u00f6nleges, mert m\u00e9g nem lepte el a t\u00f6meg.<\/p>\n<p><a href=\"https:\/\/lifestyle.bg\/tendencies\/koy-e-rozoviyat-grad-podtsenyavanata-destinatsiya-vav-frantsiya-izvestna-i-kato-mini-parizh.html\" target=\"_blank\" target=\"_blank\" rel=\"noopener\">via<\/a><\/p>\n<div class=\"o-widget m-readMoreWidget -readMore u-shortDecorLineAfter row widget-container _ce_measure_widget bigdata-widget read-more\" data-ce-measure-widget=\"olvass tov\u00e1bb\">\n\t<div class=\"m-readMoreWidget__imgWrapper image-wrapper col-12 col-md-4 no-p\">\n\t\t<a class=\"m-readMoreWidget__imgLink\" href=\"https:\/\/www.startlap.hu\/utazas\/bulgaria-euro-olcso-nyaralas-2026\/\" >\n\t\t\t<img decoding=\"async\" src=\"https:\/\/www.startlap.hu\/utazas\/uploads\/sites\/3\/2026\/02\/bulgaria-tengerpart-350x285.jpg\" class=\"m-readMoreWidget__img\">\n\t\t<\/a>\n\t<\/div>\n\t<div class=\"m-readMoreWidget__titleWrapper title-wrapper col-12 col-md-8\">\n\t\t<span class=\"m-readMoreWidget__titleLabel u-shortDecorLineBefore label hidden-sm-up\">Ez is \u00e9rdekelhet:<\/span>\n\t\t<h3 class=\"m-readMoreWidget__title title\">\n\t\t\t<a class=\"m-readMoreWidget__titleLink -secondFont u-bold u-upperCase\" href=\"https:\/\/www.startlap.hu\/utazas\/bulgaria-euro-olcso-nyaralas-2026\/\" >B\u00facs\u00fat inthet\u00fcnk az olcs\u00f3 bolg\u00e1r nyaral\u00e1snak? Ez v\u00e1rhat a magyar turist\u00e1kra Bulg\u00e1ri\u00e1ban 2026-ban<\/a>\n\t\t<\/h3>\n\t\t<a class=\"m-readMoreWidget__btn -coloredBack u-tC link\" href=\"https:\/\/www.startlap.hu\/utazas\/bulgaria-euro-olcso-nyaralas-2026\/\" >Elolvasom<\/a>\n\t<\/div>\n<\/div>\n","protected":false},"excerpt":{"rendered":"<p>R\u00f3zsasz\u00edn t\u00e9gl\u00e1k, foly\u00f3parti s\u00e9t\u00e1k, UNESCO-v\u00e9delem alatt \u00e1ll\u00f3 csatorna \u00e9s hamis\u00edtatlan d\u00e9l-francia \u00edzek: a v\u00e1ros, amit egyszer l\u00e1tni kell.<\/p>\n","protected":false},"author":64,"featured_media":103911,"comment_status":"closed","ping_status":"closed","sticky":false,"template":"","format":"standard","meta":{"footnotes":""},"categories":[70],"tags":[229,210,7368],"class_list":["post-103903","post","type-post","status-publish","format-standard","has-post-thumbnail","hentry","category-vilag","tag-franciaorszag","tag-tippek","tag-toulouse"],"aioseo_notices":[],"_links":{"self":[{"href":"https:\/\/www.startlap.hu\/utazas\/wp-json\/wp\/v2\/posts\/103903","targetHints":{"allow":["GET"]}}],"collection":[{"href":"https:\/\/www.startlap.hu\/utazas\/wp-json\/wp\/v2\/posts"}],"about":[{"href":"https:\/\/www.startlap.hu\/utazas\/wp-json\/wp\/v2\/types\/post"}],"author":[{"embeddable":true,"href":"https:\/\/www.startlap.hu\/utazas\/wp-json\/wp\/v2\/users\/64"}],"replies":[{"embeddable":true,"href":"https:\/\/www.startlap.hu\/utazas\/wp-json\/wp\/v2\/comments?post=103903"}],"version-history":[{"count":8,"href":"https:\/\/www.startlap.hu\/utazas\/wp-json\/wp\/v2\/posts\/103903\/revisions"}],"predecessor-version":[{"id":103930,"href":"https:\/\/www.startlap.hu\/utazas\/wp-json\/wp\/v2\/posts\/103903\/revisions\/103930"}],"wp:featuredmedia":[{"embeddable":true,"href":"https:\/\/www.startlap.hu\/utazas\/wp-json\/wp\/v2\/media\/103911"}],"wp:attachment":[{"href":"https:\/\/www.startlap.hu\/utazas\/wp-json\/wp\/v2\/media?parent=103903"}],"wp:term":[{"taxonomy":"category","embeddable":true,"href":"https:\/\/www.startlap.hu\/utazas\/wp-json\/wp\/v2\/categories?post=103903"},{"taxonomy":"post_tag","embeddable":true,"href":"https:\/\/www.startlap.hu\/utazas\/wp-json\/wp\/v2\/tags?post=103903"}],"curies":[{"name":"wp","href":"https:\/\/api.w.org\/{rel}","templated":true}]}}