{"id":102137,"date":"2026-01-31T18:42:57","date_gmt":"2026-01-31T17:42:57","guid":{"rendered":"https:\/\/www.startlap.hu\/utazas\/?p=102137"},"modified":"2026-01-31T18:43:53","modified_gmt":"2026-01-31T17:43:53","slug":"nyaralas-olcso-foglalas-idopont","status":"publish","type":"post","link":"https:\/\/www.startlap.hu\/utazas\/nyaralas-olcso-foglalas-idopont\/","title":{"rendered":"Mikor a legolcs\u00f3bb lefoglalni a nyaral\u00e1st? Percre pontos v\u00e1lasz \u00e9rkezett"},"content":{"rendered":"<p>Egy nyaral\u00e1s megtervez\u00e9se sokak sz\u00e1m\u00e1ra izgalmas feladat, ugyanakkor az \u00e1r-\u00e9rt\u00e9k ar\u00e1ny szinte mindenkin\u00e9l d\u00f6nt\u0151 szempont &#8211; \u00edrja az <strong><a href=\"https:\/\/www.express.co.uk\/travel\/articles\/2165029\/cheapest-time-book-holiday-2026\" target=\"_blank\" target=\"_blank\" rel=\"noopener\">Express.co.uk<\/a><\/strong>.<\/p>\n<div class=\"o-widget m-readMoreWidget -readMore u-shortDecorLineAfter row widget-container _ce_measure_widget bigdata-widget read-more\" data-ce-measure-widget=\"olvass tov\u00e1bb\">\n\t<div class=\"m-readMoreWidget__imgWrapper image-wrapper col-12 col-md-4 no-p\">\n\t\t<a class=\"m-readMoreWidget__imgLink\" href=\"https:\/\/www.startlap.hu\/utazas\/skocia-handa-sziget-vador-munka-allasajanlat\/\" >\n\t\t\t<img decoding=\"async\" src=\"https:\/\/www.startlap.hu\/utazas\/uploads\/sites\/3\/2025\/12\/handa-sziget-350x285.jpg\" class=\"m-readMoreWidget__img\">\n\t\t<\/a>\n\t<\/div>\n\t<div class=\"m-readMoreWidget__titleWrapper title-wrapper col-12 col-md-8\">\n\t\t<span class=\"m-readMoreWidget__titleLabel u-shortDecorLineBefore label hidden-sm-up\">Ez is \u00e9rdekelhet:<\/span>\n\t\t<h3 class=\"m-readMoreWidget__title title\">\n\t\t\t<a class=\"m-readMoreWidget__titleLink -secondFont u-bold u-upperCase\" href=\"https:\/\/www.startlap.hu\/utazas\/skocia-handa-sziget-vador-munka-allasajanlat\/\" >Lakatlan szigetre keresnek dolgoz\u00f3t: a fizet\u00e9s milli\u00f3s, a t\u00e1j leny\u0171g\u00f6z\u0151, de a mos\u00e1shoz komp kell &#8211; \u00edgy lehet jelentkezni<\/a>\n\t\t<\/h3>\n\t\t<a class=\"m-readMoreWidget__btn -coloredBack u-tC link\" href=\"https:\/\/www.startlap.hu\/utazas\/skocia-handa-sziget-vador-munka-allasajanlat\/\" >Elolvasom<\/a>\n\t<\/div>\n<\/div>\n<h2>Mikor a legolcs\u00f3bb lefoglalni a nyaral\u00e1st? Percre pontos id\u0151pont is van<\/h2>\n<p>Az online foglal\u00e1si rendszerek elterjed\u00e9s\u00e9vel ma m\u00e1r a nap b\u00e1rmely szak\u00e1ban lefoglalhat\u00f3 egy <strong><a href=\"https:\/\/www.startlap.hu\/utazas\/sarki-feny-izland-ingyen-trukk-2026\/\" target=\"_blank\" rel=\"noopener\">utaz\u00e1s<\/a><\/strong>, \u00e1m egyre t\u00f6bb adat utal arra, hogy nem mindegy, mikor kattintunk a foglal\u00e1s gombra.<\/p>\n<p>Egy utaz\u00e1si szak\u00e9rt\u0151 szerint ugyanaz az \u00fat a nap k\u00fcl\u00f6nb\u00f6z\u0151 id\u0151szakaiban jelent\u0151sen elt\u00e9r\u0151 \u00f6sszegbe ker\u00fclhet. A v\u00e9gs\u0151 \u00e1r alakul\u00e1s\u00e1t nemcsak az \u00fati c\u00e9l \u00e9s az utaz\u00e1s id\u0151pontja hat\u00e1rozza meg, <strong>hanem maga a foglal\u00e1s pillanata is.<\/strong><\/p>\n<h2>Az \u00fati c\u00e9l mellett az id\u0151z\u00edt\u00e9s is sz\u00e1m\u00edt &#8211; ez a legdr\u00e1g\u00e1bb napszak<\/h2>\n<p>Rob, az On the Beach utaz\u00e1si szak\u00e9rt\u0151je rendszeresen elemzi a foglal\u00e1si adatokat, \u00e9s tapasztalatait a k\u00f6z\u00f6ss\u00e9gi oldalain osztja meg. Elemz\u00e9sei alapj\u00e1n 2026-ra m\u00e1r percre pontosan kirajzol\u00f3dnak a legdr\u00e1g\u00e1bb \u00e9s a legkedvez\u0151bb foglal\u00e1si id\u0151s\u00e1vok.<\/p>\n<figure id=\"attachment_102143\" aria-describedby=\"caption-attachment-102143\" style=\"width: 755px\" class=\"wp-caption alignnone\"><img loading=\"lazy\" decoding=\"async\" class=\"size-article-size-large-image wp-image-102143\" src=\"https:\/\/www.startlap.hu\/utazas\/uploads\/sites\/3\/2026\/01\/utazas_foglalas_-755x503.jpg\" alt=\"Interneten sz\u00f6rf\u00f6zik egy n\u0151\" width=\"755\" height=\"503\" srcset=\"https:\/\/www.startlap.hu\/utazas\/uploads\/sites\/3\/2026\/01\/utazas_foglalas_-755x503.jpg 755w, https:\/\/www.startlap.hu\/utazas\/uploads\/sites\/3\/2026\/01\/utazas_foglalas_-525x350.jpg 525w, https:\/\/www.startlap.hu\/utazas\/uploads\/sites\/3\/2026\/01\/utazas_foglalas_.jpg 1200w\" sizes=\"auto, (max-width: 755px) 100vw, 755px\" \/><figcaption id=\"caption-attachment-102143\" class=\"wp-caption-text\">\u00c9rdemes megfelel\u0151 id\u0151pontban lecsapni az utaz\u00e1si irod\u00e1k aj\u00e1nlataira<br \/>Fot\u00f3: Getty Images<\/figcaption><\/figure>\n<p>Az adatok szerint a <strong>legmagasabb \u00e1rakkal reggel 9 \u00e9s 10 \u00f3ra k\u00f6z\u00f6tt tal\u00e1lkozhatunk<\/strong>. Ebben az id\u0151s\u00e1vban a foglal\u00e1sok \u00e1ra ak\u00e1r 30 sz\u00e1zal\u00e9kkal is meghaladhatja a nap legolcs\u00f3bb szakasz\u00e1nak d\u00edjait.<\/p>\n<p>A szak\u00e9rt\u0151 szerint ez nem v\u00e9letlen: ilyenkor sokan munka el\u0151tt vagy munka k\u00f6zben b\u00f6ng\u00e9szik az aj\u00e1nlatokat, a megn\u00f6vekedett keresletre pedig az \u00e1rak szinte azonnal reag\u00e1lnak.<\/p>\n<h2>Hajnalban j\u00f6nnek a legjobb aj\u00e1nlatok<\/h2>\n<p>Ezzel szemben a legkedvez\u0151bb \u00e1rak a hajnali \u00f3r\u00e1kban jelennek meg. Rob megfigyel\u00e9sei szerint <strong>hajnali 4 \u00e9s 5 \u00f3ra k\u00f6z\u00f6tt<\/strong> van a legnagyobb es\u00e9ly arra, hogy val\u00f3ban j\u00f3 aj\u00e1nlatokat tal\u00e1ljunk.<\/p>\n<p>Ilyenkor a l\u00e9git\u00e1rsas\u00e1gok \u00e9s a foglal\u00e1si <strong>rendszerek l\u00e9nyeg\u00e9ben \u00faj ciklust kezdenek<\/strong>: az el\u0151z\u0151 napi keres\u00e9sek hat\u00e1sa elt\u0171nik, az \u00e1rak vissza\u00e1llnak az alap\u00e9rt\u00e9kre, majd a forgalom n\u00f6veked\u00e9s\u00e9vel fokozatosan ism\u00e9t emelkedni kezdenek. A szak\u00e9rt\u0151 ugyanakkor elismeri, hogy kevesen hajland\u00f3k hajnali \u00f3r\u00e1kban \u00e9breszt\u0151t be\u00e1ll\u00edtani kiz\u00e1r\u00f3lag egy foglal\u00e1s miatt.<\/p>\n<p>J\u00f3 h\u00edr azonban, hogy k\u00e9s\u0151 este, nagyj\u00e1b\u00f3l <strong>20 \u00e9s 22 \u00f3ra k\u00f6z\u00f6tt is \u00e9rezhet\u0151en alacsonyabb \u00e1rakkal<\/strong> tal\u00e1lkozhatunk a reggeli cs\u00facsid\u0151szakhoz k\u00e9pest.<\/p>\n<h2>A legolcs\u00f3bb perc 2:48<\/h2>\n<p>A legnagyobb megtakar\u00edt\u00e1st Rob egy eg\u00e9szen konkr\u00e9t id\u0151ponthoz k\u00f6ti. \u00c1ll\u00edt\u00e1sa szerint a legide\u00e1lisabb pillanat a nyaral\u00e1s lefoglal\u00e1s\u00e1ra hajnali 2 \u00f3ra 48 perc.<\/p>\n<p>Elmond\u00e1sa alapj\u00e1n ebben az egyetlen percben a foglal\u00e1sok \u00e1ra ak\u00e1r 60 sz\u00e1zal\u00e9kkal is alacsonyabb lehet.<\/p>\n<p>Ugyanakkor hangs\u00falyozta: ez nem jelenti azt, hogy minden utaz\u00e1s automatikusan ennyivel olcs\u00f3bb\u00e1 v\u00e1lik ebben a pillanatban, az <strong>adatok ink\u00e1bb egy \u00e1ltal\u00e1nos mint\u00e1zatra vil\u00e1g\u00edtanak r\u00e1<\/strong>.<\/p>\n<div class=\"o-widget m-readMoreWidget -readMore u-shortDecorLineAfter row widget-container _ce_measure_widget bigdata-widget read-more\" data-ce-measure-widget=\"olvass tov\u00e1bb\">\n\t<div class=\"m-readMoreWidget__imgWrapper image-wrapper col-12 col-md-4 no-p\">\n\t\t<a class=\"m-readMoreWidget__imgLink\" href=\"https:\/\/www.startlap.hu\/utazas\/sarki-feny-izland-ingyen-trukk-2026\/\" >\n\t\t\t<img decoding=\"async\" src=\"https:\/\/www.startlap.hu\/utazas\/uploads\/sites\/3\/2025\/11\/sarki_feny_-350x285.jpg\" class=\"m-readMoreWidget__img\">\n\t\t<\/a>\n\t<\/div>\n\t<div class=\"m-readMoreWidget__titleWrapper title-wrapper col-12 col-md-8\">\n\t\t<span class=\"m-readMoreWidget__titleLabel u-shortDecorLineBefore label hidden-sm-up\">Ez is \u00e9rdekelhet:<\/span>\n\t\t<h3 class=\"m-readMoreWidget__title title\">\n\t\t\t<a class=\"m-readMoreWidget__titleLink -secondFont u-bold u-upperCase\" href=\"https:\/\/www.startlap.hu\/utazas\/sarki-feny-izland-ingyen-trukk-2026\/\" >Utaz\u00e1sszervez\u0151k el\u00e1rult\u00e1k: \u00edgy n\u00e9zheted meg ingyen a sarki f\u00e9nyt<\/a>\n\t\t<\/h3>\n\t\t<a class=\"m-readMoreWidget__btn -coloredBack u-tC link\" href=\"https:\/\/www.startlap.hu\/utazas\/sarki-feny-izland-ingyen-trukk-2026\/\" >Elolvasom<\/a>\n\t<\/div>\n<\/div>\n","protected":false},"excerpt":{"rendered":"<p>Ugyanaz a nyaral\u00e1s ak\u00e1r 60 sz\u00e1zal\u00e9kkal is olcs\u00f3bb lehet \u2013 de csak egyetlen percben. Mutatjuk, mikor \u00e9rdemes lecsapni egy j\u00f3 vak\u00e1ci\u00f3ra.<\/p>\n","protected":false},"author":8,"featured_media":102143,"comment_status":"closed","ping_status":"closed","sticky":false,"template":"","format":"standard","meta":{"footnotes":""},"categories":[70],"tags":[1296,4143,199,420],"class_list":["post-102137","post","type-post","status-publish","format-standard","has-post-thumbnail","hentry","category-vilag","tag-foglalas","tag-idopont","tag-olcso-repulojegy","tag-szallasfoglalas"],"aioseo_notices":[],"_links":{"self":[{"href":"https:\/\/www.startlap.hu\/utazas\/wp-json\/wp\/v2\/posts\/102137","targetHints":{"allow":["GET"]}}],"collection":[{"href":"https:\/\/www.startlap.hu\/utazas\/wp-json\/wp\/v2\/posts"}],"about":[{"href":"https:\/\/www.startlap.hu\/utazas\/wp-json\/wp\/v2\/types\/post"}],"author":[{"embeddable":true,"href":"https:\/\/www.startlap.hu\/utazas\/wp-json\/wp\/v2\/users\/8"}],"replies":[{"embeddable":true,"href":"https:\/\/www.startlap.hu\/utazas\/wp-json\/wp\/v2\/comments?post=102137"}],"version-history":[{"count":7,"href":"https:\/\/www.startlap.hu\/utazas\/wp-json\/wp\/v2\/posts\/102137\/revisions"}],"predecessor-version":[{"id":102145,"href":"https:\/\/www.startlap.hu\/utazas\/wp-json\/wp\/v2\/posts\/102137\/revisions\/102145"}],"wp:featuredmedia":[{"embeddable":true,"href":"https:\/\/www.startlap.hu\/utazas\/wp-json\/wp\/v2\/media\/102143"}],"wp:attachment":[{"href":"https:\/\/www.startlap.hu\/utazas\/wp-json\/wp\/v2\/media?parent=102137"}],"wp:term":[{"taxonomy":"category","embeddable":true,"href":"https:\/\/www.startlap.hu\/utazas\/wp-json\/wp\/v2\/categories?post=102137"},{"taxonomy":"post_tag","embeddable":true,"href":"https:\/\/www.startlap.hu\/utazas\/wp-json\/wp\/v2\/tags?post=102137"}],"curies":[{"name":"wp","href":"https:\/\/api.w.org\/{rel}","templated":true}]}}