{"id":101952,"date":"2026-01-28T11:26:41","date_gmt":"2026-01-28T10:26:41","guid":{"rendered":"https:\/\/www.startlap.hu\/utazas\/?p=101952"},"modified":"2026-01-28T11:26:41","modified_gmt":"2026-01-28T10:26:41","slug":"2026-legjobb-uti-celok-tripadvisor","status":"publish","type":"post","link":"https:\/\/www.startlap.hu\/utazas\/2026-legjobb-uti-celok-tripadvisor\/","title":{"rendered":"Ezek lesznek 2026 legmen\u0151bb \u00fati c\u00e9ljai a Tripadvisor szerint"},"content":{"rendered":"<p>Ahogy minden \u00e9v elej\u00e9n, most is sorra jelennek meg a <a href=\"https:\/\/www.startlap.hu\/utazas\/yama-budapest-trip-advisor-fine-dining-toplista\/\" target=\"_blank\" rel=\"noopener\">k\u00fcl\u00f6nb\u00f6z\u0151 utaz\u00e1si toplist\u00e1k<\/a>, rangsorok \u00e9s d\u00edjak. Sok k\u00f6zt\u00fck a marketingfog\u00e1s, de a Tripadvisor Travelers\u2019 Choice Awards m\u00e1s kateg\u00f3ri\u00e1t k\u00e9pvisel: <strong>ez a lista val\u00f3di utaz\u00f3i \u00e9rt\u00e9kel\u00e9sekb\u0151l sz\u00fcletett<\/strong>, \u00edgy megb\u00edzhat\u00f3bb k\u00e9pet ad a legjobb desztin\u00e1ci\u00f3kr\u00f3l.<\/p>\n<div class=\"o-widget m-readMoreWidget -readMore u-shortDecorLineAfter row widget-container _ce_measure_widget bigdata-widget read-more\" data-ce-measure-widget=\"olvass tov\u00e1bb\">\n\t<div class=\"m-readMoreWidget__imgWrapper image-wrapper col-12 col-md-4 no-p\">\n\t\t<a class=\"m-readMoreWidget__imgLink\" href=\"https:\/\/www.startlap.hu\/utazas\/karib-tenger-szigetek-2026-uticel\/\" >\n\t\t\t<img decoding=\"async\" src=\"https:\/\/www.startlap.hu\/utazas\/uploads\/sites\/3\/2025\/12\/GettyImages-996917590_11zon-350x285.jpg\" class=\"m-readMoreWidget__img\">\n\t\t<\/a>\n\t<\/div>\n\t<div class=\"m-readMoreWidget__titleWrapper title-wrapper col-12 col-md-8\">\n\t\t<span class=\"m-readMoreWidget__titleLabel u-shortDecorLineBefore label hidden-sm-up\">Ez is \u00e9rdekelhet:<\/span>\n\t\t<h3 class=\"m-readMoreWidget__title title\">\n\t\t\t<a class=\"m-readMoreWidget__titleLink -secondFont u-bold u-upperCase\" href=\"https:\/\/www.startlap.hu\/utazas\/karib-tenger-szigetek-2026-uticel\/\" >R\u00f3zsasz\u00edn homok, 28 fok janu\u00e1rban \u2013 ez a sziget az egyik legjobb \u00fati c\u00e9l 2026-ra<\/a>\n\t\t<\/h3>\n\t\t<a class=\"m-readMoreWidget__btn -coloredBack u-tC link\" href=\"https:\/\/www.startlap.hu\/utazas\/karib-tenger-szigetek-2026-uticel\/\" >Elolvasom<\/a>\n\t<\/div>\n<\/div>\n<p>A d\u00edjak t\u00f6bb kateg\u00f3ri\u00e1t \u00f6lelnek fel: fantasztikus gasztron\u00f3miai \u00e9s kultur\u00e1lis helysz\u00edneket, sz\u00f3l\u00f3 utaz\u00e1sokat, n\u00e1szutas helysz\u00edneket, \u00e9s persze a top 10 legn\u00e9pszer\u0171bb c\u00e9lpontot is kiv\u00e1lasztott\u00e1k.<\/p>\n<blockquote class=\"article__extraTxt\"><p>2025-ben Bali vitte a p\u00e1lm\u00e1t, de 2026 trendi helyei azok, ahol m\u00e9g nem tombol a t\u00f6megturizmus:<\/p><\/blockquote>\n<h2>Madeira, Portug\u00e1lia<\/h2>\n<p>Az Atlanti-\u00f3ce\u00e1n k\u00f6zep\u00e9n fekv\u0151 sziget a teljes f\u00f6ldrajzi elszigetelts\u00e9ge miatt m\u00e9g mindig viszonylag ismeretlen a turist\u00e1k k\u00f6r\u00e9ben, pedig vad t\u00e1jai, leny\u0171g\u00f6z\u0151 t\u00fara\u00fatvonalai \u00e9s a nehezen megk\u00f6zel\u00edthet\u0151 strandjai igazi kalandot \u00edg\u00e9rnek. Madeira saj\u00e1t mikrokl\u00edm\u00e1ja miatt eg\u00e9sz \u00e9vben kellemes, 24\u201326\u00b0C k\u00f6r\u00fcli h\u0151m\u00e9rs\u00e9klet v\u00e1rja a l\u00e1togat\u00f3kat, ez\u00e9rt sokan <a href=\"https:\/\/www.startlap.hu\/utazas\/madeira-atlanti-ocean-sziget-europa-meses-veszelyes-repter\/\" target=\"_blank\" rel=\"noopener\">Eur\u00f3pa Hawaii-jak\u00e9nt emlegetik<\/a>. <strong>A sziget a term\u00e9szet szerelmeseinek paradicsoma: a vulkanikus hegyoldalak, hatalmas hull\u00e1mok \u00e9s b\u00e1lnalesek<\/strong> mellett az igazi adrenalinbomba a h\u00edrhedt, oszlopokon \u00e1ll\u00f3 kifut\u00f3p\u00e1ly\u00e1n val\u00f3 landol\u00e1s, amely csak speci\u00e1lis k\u00e9pz\u00e9ssel rendelkez\u0151 pil\u00f3t\u00e1knak enged\u00e9lyezett.<\/p>\n<figure id=\"attachment_101864\" aria-describedby=\"caption-attachment-101864\" style=\"width: 755px\" class=\"wp-caption alignnone\"><img loading=\"lazy\" decoding=\"async\" class=\"size-article-size-large-image wp-image-101864\" src=\"https:\/\/www.startlap.hu\/utazas\/uploads\/sites\/3\/2026\/01\/GettyImages-1426665005_11zon-755x504.jpg\" alt=\"Portug\u00e1l \u00f6sv\u00e9nyen t\u00far\u00e1z\u00f3 n\u0151\" width=\"755\" height=\"504\" srcset=\"https:\/\/www.startlap.hu\/utazas\/uploads\/sites\/3\/2026\/01\/GettyImages-1426665005_11zon-755x504.jpg 755w, https:\/\/www.startlap.hu\/utazas\/uploads\/sites\/3\/2026\/01\/GettyImages-1426665005_11zon-1536x1025.jpg 1536w, https:\/\/www.startlap.hu\/utazas\/uploads\/sites\/3\/2026\/01\/GettyImages-1426665005_11zon-525x350.jpg 525w, https:\/\/www.startlap.hu\/utazas\/uploads\/sites\/3\/2026\/01\/GettyImages-1426665005_11zon.jpg 1695w\" sizes=\"auto, (max-width: 755px) 100vw, 755px\" \/><figcaption id=\"caption-attachment-101864\" class=\"wp-caption-text\">Fot\u00f3: Getty Images<\/figcaption><\/figure>\n<h2>Tbiliszi, Gr\u00fazia<\/h2>\n<p>2026-ban v\u00e9gre Tbiliszi is felker\u00fcl a glob\u00e1lis turistat\u00e9rk\u00e9pre. A gr\u00faz f\u0151v\u00e1rosban pezseg az \u00e9let \u00e9s folyamatosan meg\u00fajul: \u00faj sz\u00e1llod\u00e1k ny\u00edlnak, a v\u00e1ros kultur\u00e1lis \u00e9lete is b\u0151v\u00fcl. P\u00e9ld\u00e1ul ott a The Telegraph hotel, ahol a posztszovjet brutalista st\u00edlust eleg\u00e1ns modern k\u00e9nyelmi elemekkel \u00f6tv\u00f6zt\u00e9k. A t\u00f6rt\u00e9nelmi belv\u00e1ros felfedez\u00e9se k\u00f6telez\u0151 program: a Rustaveli sug\u00e1r\u00faton tal\u00e1ljuk az Operah\u00e1zat, a Rustaveli Sz\u00ednh\u00e1zat \u00e9s sz\u00e1mos m\u00fazeumot is, k\u00f6zt\u00fck a b\u0151v\u00edtett Shalva Amiranashvili K\u00e9pz\u0151m\u0171v\u00e9szeti M\u00fazeumot, amely gr\u00faz, orosz, keleti \u00e9s eur\u00f3pai m\u0171v\u00e9szeti gy\u0171jtem\u00e9nyeket \u0151riz. Emellett az \u00fajonnan ny\u00edlt Art Foundation Anagi a kort\u00e1rs gr\u00faz m\u0171v\u00e9szet legjav\u00e1t mutatja be.<\/p>\n<h2>Chicago, Illinois, USA<\/h2>\n<p>A Sz\u00e9lv\u00e1ros ism\u00e9t kiemelkedik gazdag programk\u00edn\u00e1lat\u00e1val. A Barack Obama Eln\u00f6ki K\u00f6zpont \u00faj kultur\u00e1lis k\u00f6zpontk\u00e9nt ny\u00edlt meg, sportesem\u00e9nyeket \u00e9s tudom\u00e1nyos konferenci\u00e1kat is rendeznek itt. M\u00e1jus v\u00e9g\u00e9n a Field Museum ad majd otthont a Pok\u00e9mon-ki\u00e1ll\u00edt\u00e1snak, ami val\u00f3sz\u00edn\u0171leg a vil\u00e1g minden t\u00e1j\u00e1r\u00f3l vonzza majd a rajong\u00f3kat.<\/p>\n<figure id=\"attachment_101959\" aria-describedby=\"caption-attachment-101959\" style=\"width: 755px\" class=\"wp-caption alignnone\"><img loading=\"lazy\" decoding=\"async\" class=\"size-article-size-large-image wp-image-101959\" src=\"https:\/\/www.startlap.hu\/utazas\/uploads\/sites\/3\/2026\/01\/GettyImages-585995986_11zon-755x501.jpg\" alt=\"Chicago v\u00e1rosk\u00e9pe\" width=\"755\" height=\"501\" srcset=\"https:\/\/www.startlap.hu\/utazas\/uploads\/sites\/3\/2026\/01\/GettyImages-585995986_11zon-755x501.jpg 755w, https:\/\/www.startlap.hu\/utazas\/uploads\/sites\/3\/2026\/01\/GettyImages-585995986_11zon-1536x1020.jpg 1536w, https:\/\/www.startlap.hu\/utazas\/uploads\/sites\/3\/2026\/01\/GettyImages-585995986_11zon-250x165.jpg 250w, https:\/\/www.startlap.hu\/utazas\/uploads\/sites\/3\/2026\/01\/GettyImages-585995986_11zon-527x350.jpg 527w, https:\/\/www.startlap.hu\/utazas\/uploads\/sites\/3\/2026\/01\/GettyImages-585995986_11zon.jpg 1699w\" sizes=\"auto, (max-width: 755px) 100vw, 755px\" \/><figcaption id=\"caption-attachment-101959\" class=\"wp-caption-text\">Fot\u00f3: Getty Images<\/figcaption><\/figure>\n<h2>Quy Nhon, Vietnam<\/h2>\n<p>Quy Nhon t\u00f6k\u00e9letesen \u00f6tv\u00f6zi a csendes, gy\u00f6ny\u00f6r\u0171 strandokat \u00e9s a modern infrastrukt\u00far\u00e1t. A v\u00e1ros m\u00e9g mindig mentes a t\u00f6megekt\u0151l, b\u00e1r k\u00f6nnyen el\u00e9rhet\u0151 rep\u00fcl\u0151vel vagy vonattal. A h\u00e1rom m\u00e9rf\u00f6ld hossz\u00fa tengerparti s\u00e9t\u00e1ny, a homokos strandok \u00e9s a friss tenger gy\u00fcm\u00f6lcsei miatt igazi relax\u00e1ci\u00f3s c\u00e9lpont. A kult\u00fara kedvel\u0151i sem fognak csal\u00f3dni: a v\u00e1ros \u00e9s k\u00f6rny\u00e9ke Cham-kori templomokkal \u00e9s tornyokkal van tele.<\/p>\n<figure id=\"attachment_101958\" aria-describedby=\"caption-attachment-101958\" style=\"width: 755px\" class=\"wp-caption alignnone\"><img loading=\"lazy\" decoding=\"async\" class=\"size-article-size-large-image wp-image-101958\" src=\"https:\/\/www.startlap.hu\/utazas\/uploads\/sites\/3\/2026\/01\/GettyImages-1164215497-755x503.jpg\" alt=\"Vietn\u00e1mban nyaral\u00f3 l\u00e1nyok k\u00e1v\u00e9z\u00f3 terasz\u00e1n\" width=\"755\" height=\"503\" srcset=\"https:\/\/www.startlap.hu\/utazas\/uploads\/sites\/3\/2026\/01\/GettyImages-1164215497-755x503.jpg 755w, https:\/\/www.startlap.hu\/utazas\/uploads\/sites\/3\/2026\/01\/GettyImages-1164215497-1536x1024.jpg 1536w, https:\/\/www.startlap.hu\/utazas\/uploads\/sites\/3\/2026\/01\/GettyImages-1164215497-2048x1365.jpg 2048w, https:\/\/www.startlap.hu\/utazas\/uploads\/sites\/3\/2026\/01\/GettyImages-1164215497-525x350.jpg 525w\" sizes=\"auto, (max-width: 755px) 100vw, 755px\" \/><figcaption id=\"caption-attachment-101958\" class=\"wp-caption-text\">Fot\u00f3: Getty Images<\/figcaption><\/figure>\n<h2>Puerto Escondido, Mexik\u00f3<\/h2>\n<p>A mexik\u00f3i kik\u00f6t\u0151v\u00e1ros a sz\u00f6rf\u00f6z\u0151k paradicsoma. A Zicatela, a h\u00edres \u201eMexik\u00f3i Pipeline\u201d a mes\u00e9s hull\u00e1mair\u00f3l ismert. A v\u00e1ros mindig is vonzotta a sz\u00f6rf\u00f6s\u00f6ket, de az American Airlines \u00faj j\u00e1rata (Fort Worth-Puerto Escondido) v\u00e1rhat\u00f3an t\u00f6bb l\u00e1togat\u00f3t hoz. A sz\u00f6rf mellett a v\u00e1ros \u00e9jszakai \u00e9lete is \u00e9l\u00e9nk.<\/p>\n<h2>Mil\u00e1n\u00f3, Olaszorsz\u00e1g<\/h2>\n<p>A divat \u00e9s design f\u0151v\u00e1rosa 2026-ban a <a href=\"https:\/\/www.startlap.hu\/utazas\/teli-olimpia-olaszorszag-sieles-szallas-arak\/\" target=\"_blank\" rel=\"noopener\">T\u00e9li Olimpia<\/a> miatt is izgalmas. Febru\u00e1rban a v\u00e1rosban j\u00e9ghoki, m\u0171korcsolya \u00e9s egy\u00e9b sportesem\u00e9nyek zajlanak majd, de a butikok \u00e9s gal\u00e9ri\u00e1k tov\u00e1bbra is nyitva \u00e1llnak a l\u00e1togat\u00f3knak.<\/p>\n<figure id=\"attachment_101527\" aria-describedby=\"caption-attachment-101527\" style=\"width: 755px\" class=\"wp-caption alignnone\"><img loading=\"lazy\" decoding=\"async\" class=\"size-article-size-large-image wp-image-101527\" src=\"https:\/\/www.startlap.hu\/utazas\/uploads\/sites\/3\/2026\/01\/GettyImages-1669837323-1_11zon-755x503.jpg\" alt=\"Mil\u00e1n\u00f3 p\u00e1lyaudvar\" width=\"755\" height=\"503\" srcset=\"https:\/\/www.startlap.hu\/utazas\/uploads\/sites\/3\/2026\/01\/GettyImages-1669837323-1_11zon-755x503.jpg 755w, https:\/\/www.startlap.hu\/utazas\/uploads\/sites\/3\/2026\/01\/GettyImages-1669837323-1_11zon-1536x1024.jpg 1536w, https:\/\/www.startlap.hu\/utazas\/uploads\/sites\/3\/2026\/01\/GettyImages-1669837323-1_11zon-525x350.jpg 525w, https:\/\/www.startlap.hu\/utazas\/uploads\/sites\/3\/2026\/01\/GettyImages-1669837323-1_11zon.jpg 1696w\" sizes=\"auto, (max-width: 755px) 100vw, 755px\" \/><figcaption id=\"caption-attachment-101527\" class=\"wp-caption-text\">Fot\u00f3: Getty Images<\/figcaption><\/figure>\n<h2>Glasgow, Sk\u00f3cia<\/h2>\n<p>Sokszor Edinburgh \u00e1rny\u00e9k\u00e1ban marad, de <a href=\"https:\/\/www.startlap.hu\/utazas\/tripadvisor-legtrendibb-uti-celok-2025\/\" target=\"_blank\" rel=\"noopener\">Glasgow<\/a> hatalmas kultur\u00e1lis \u00e9s gasztron\u00f3miai k\u00edn\u00e1latot rejt. 2026-t\u00f3l a meg\u00fajult Arthouse Glasgow Hotel kiv\u00e1l\u00f3 kiindul\u00f3pont a v\u00e1ros felfedez\u00e9s\u00e9hez. Ne hagyd ki a Mackintosh Trail-t, amely Charles Rennie Mackintosh, Sk\u00f3cia egyik legismertebb m\u0171v\u00e9sz\u00e9nek, tervez\u0151j\u00e9nek \u00e9s \u00e9p\u00edt\u00e9sz\u00e9nek \u00f6r\u00f6ks\u00e9g\u00e9t mutatja be.<\/p>\n<figure id=\"attachment_101956\" aria-describedby=\"caption-attachment-101956\" style=\"width: 755px\" class=\"wp-caption alignnone\"><img loading=\"lazy\" decoding=\"async\" class=\"size-article-size-large-image wp-image-101956\" src=\"https:\/\/www.startlap.hu\/utazas\/uploads\/sites\/3\/2026\/01\/GettyImages-2227917396_11zon-755x503.jpg\" alt=\"Glasgow\" width=\"755\" height=\"503\" srcset=\"https:\/\/www.startlap.hu\/utazas\/uploads\/sites\/3\/2026\/01\/GettyImages-2227917396_11zon-755x503.jpg 755w, https:\/\/www.startlap.hu\/utazas\/uploads\/sites\/3\/2026\/01\/GettyImages-2227917396_11zon-1536x1024.jpg 1536w, https:\/\/www.startlap.hu\/utazas\/uploads\/sites\/3\/2026\/01\/GettyImages-2227917396_11zon-525x350.jpg 525w, https:\/\/www.startlap.hu\/utazas\/uploads\/sites\/3\/2026\/01\/GettyImages-2227917396_11zon.jpg 1696w\" sizes=\"auto, (max-width: 755px) 100vw, 755px\" \/><figcaption id=\"caption-attachment-101956\" class=\"wp-caption-text\">Fot\u00f3: Getty Images<\/figcaption><\/figure>\n<h2>Abu Dhabi, UAE<\/h2>\n<p>A Dubai f\u00e9nyes \u00e1rny\u00e9k\u00e1b\u00f3l kil\u00e9p\u0151 <a href=\"https:\/\/www.startlap.hu\/utazas\/legboldogabb-varos-abu-dzabi-time-out\/\" target=\"_blank\" rel=\"noopener\">Abu Dhabi<\/a> a kultur\u00e1lis \u00e9let k\u00f6zpontja lesz id\u00e9n. A Saadiyat-sziget kultur\u00e1lis negyede m\u00e1r most is a Louvre Abu Dhabi otthona. 2025 december\u00e9t\u0151l a Zayed Nemzeti M\u00fazeum is nyitva, 2026-ban pedig a Guggenheim Abu Dhabi is megnyitja kapuit.<\/p>\n<h2>Recife, Braz\u00edlia<\/h2>\n<p>A <a href=\"https:\/\/www.startlap.hu\/utazas\/japan-izland-europa-turizmus-felkapott-uticel-egyiptom-brazilia\/\" target=\"_blank\" rel=\"noopener\">brazil<\/a> tengerparti v\u00e1ros az afro-brazil kult\u00fara, a zene, a gasztron\u00f3mia \u00e9s a legend\u00e1s karnev\u00e1l miatt egyre n\u00e9pszer\u0171bb. Febru\u00e1r k\u00f6zep\u00e9n a v\u00e1ros teljesen \u00e1tadja mag\u00e1t a fesztiv\u00e1l hangulatnak. A tiszta v\u00edz\u0171 korallz\u00e1tonyok felett lebegni vagy a parti pezsg\u00e9st \u00e9lvezni szuper programok, nem is v\u00e9letlen, hogy Recife egyre nagyobb nemzetk\u00f6zi figyelmet kap.<\/p>\n<figure id=\"attachment_101957\" aria-describedby=\"caption-attachment-101957\" style=\"width: 755px\" class=\"wp-caption alignnone\"><img loading=\"lazy\" decoding=\"async\" class=\"size-article-size-large-image wp-image-101957\" src=\"https:\/\/www.startlap.hu\/utazas\/uploads\/sites\/3\/2026\/01\/GettyImages-1393139227-755x504.jpg\" alt=\"Karnev\u00e1l Braz\u00edli\u00e1ban\" width=\"755\" height=\"504\" srcset=\"https:\/\/www.startlap.hu\/utazas\/uploads\/sites\/3\/2026\/01\/GettyImages-1393139227-755x504.jpg 755w, https:\/\/www.startlap.hu\/utazas\/uploads\/sites\/3\/2026\/01\/GettyImages-1393139227-1536x1024.jpg 1536w, https:\/\/www.startlap.hu\/utazas\/uploads\/sites\/3\/2026\/01\/GettyImages-1393139227-2048x1366.jpg 2048w, https:\/\/www.startlap.hu\/utazas\/uploads\/sites\/3\/2026\/01\/GettyImages-1393139227-525x350.jpg 525w\" sizes=\"auto, (max-width: 755px) 100vw, 755px\" \/><figcaption id=\"caption-attachment-101957\" class=\"wp-caption-text\">Fot\u00f3: Getty Images<\/figcaption><\/figure>\n<h2>&nbsp;San Carlos de Bariloche, Argent\u00edna<\/h2>\n<p>A patag\u00f3niai v\u00e1ros sv\u00e1jci st\u00edlus\u00fa \u00e9p\u00edt\u00e9szetr\u0151l \u00e9s k\u00e9zm\u0171ves csokol\u00e1d\u00e9ir\u00f3l h\u00edres. A Nahuel Huapi-t\u00f3 krist\u00e1lytiszta viz\u00e9ben \u00faszhatsz, vagy haj\u00f3zhatsz is. A k\u00f6rnyez\u0151 Patag\u00f3nia v\u00e9gtelen lehet\u0151s\u00e9get k\u00edn\u00e1l: s\u00edel\u00e9s, t\u00far\u00e1z\u00e1s, hegym\u00e1sz\u00e1s \u2013 minden term\u00e9szetkedvel\u0151 \u00e1lma.<\/p>\n<p><a href=\"https:\/\/www.forbes.com\/sites\/duncanmadden\/2026\/01\/16\/the-worlds-top-trending-destinations-for-2026-according-to-tripadvisor\/\" target=\"_blank\" target=\"_blank\" rel=\"noopener\">via<\/a><\/p>\n<div class=\"o-widget m-readMoreWidget -readMore u-shortDecorLineAfter row widget-container _ce_measure_widget bigdata-widget read-more\" data-ce-measure-widget=\"olvass tov\u00e1bb\">\n\t<div class=\"m-readMoreWidget__imgWrapper image-wrapper col-12 col-md-4 no-p\">\n\t\t<a class=\"m-readMoreWidget__imgLink\" href=\"https:\/\/www.startlap.hu\/utazas\/tenerife-europa-tel-hideg-fagy-meleg\/\" >\n\t\t\t<img decoding=\"async\" src=\"https:\/\/www.startlap.hu\/utazas\/uploads\/sites\/3\/2026\/01\/GettyImages-601162583_11zon-350x285.jpg\" class=\"m-readMoreWidget__img\">\n\t\t<\/a>\n\t<\/div>\n\t<div class=\"m-readMoreWidget__titleWrapper title-wrapper col-12 col-md-8\">\n\t\t<span class=\"m-readMoreWidget__titleLabel u-shortDecorLineBefore label hidden-sm-up\">Ez is \u00e9rdekelhet:<\/span>\n\t\t<h3 class=\"m-readMoreWidget__title title\">\n\t\t\t<a class=\"m-readMoreWidget__titleLink -secondFont u-bold u-upperCase\" href=\"https:\/\/www.startlap.hu\/utazas\/tenerife-europa-tel-hideg-fagy-meleg\/\" >Febru\u00e1rban is 21 fok, egy f\u0151\u00e9tel 12\u201318 eur\u00f3: ez Eur\u00f3pa legnaposabb t\u00e9li \u00fati c\u00e9lja<\/a>\n\t\t<\/h3>\n\t\t<a class=\"m-readMoreWidget__btn -coloredBack u-tC link\" href=\"https:\/\/www.startlap.hu\/utazas\/tenerife-europa-tel-hideg-fagy-meleg\/\" >Elolvasom<\/a>\n\t<\/div>\n<\/div>\n","protected":false},"excerpt":{"rendered":"<p>T\u00e1voli szigetek, pezsg\u0151 v\u00e1rosok \u00e9s titkos tengerpartok \u2013 a Tripadvisor legfrissebb list\u00e1ja szerint 2026-ban ezek lesznek a legizgalmasabb \u00fati c\u00e9lok.<\/p>\n","protected":false},"author":64,"featured_media":101957,"comment_status":"closed","ping_status":"closed","sticky":false,"template":"","format":"standard","meta":{"footnotes":""},"categories":[70],"tags":[1102,764,296,1310,335,2749],"class_list":["post-101952","post","type-post","status-publish","format-standard","has-post-thumbnail","hentry","category-vilag","tag-abu-dzabi","tag-argentina","tag-brazilia","tag-lista","tag-portugalia","tag-tripadvisor"],"aioseo_notices":[],"_links":{"self":[{"href":"https:\/\/www.startlap.hu\/utazas\/wp-json\/wp\/v2\/posts\/101952","targetHints":{"allow":["GET"]}}],"collection":[{"href":"https:\/\/www.startlap.hu\/utazas\/wp-json\/wp\/v2\/posts"}],"about":[{"href":"https:\/\/www.startlap.hu\/utazas\/wp-json\/wp\/v2\/types\/post"}],"author":[{"embeddable":true,"href":"https:\/\/www.startlap.hu\/utazas\/wp-json\/wp\/v2\/users\/64"}],"replies":[{"embeddable":true,"href":"https:\/\/www.startlap.hu\/utazas\/wp-json\/wp\/v2\/comments?post=101952"}],"version-history":[{"count":8,"href":"https:\/\/www.startlap.hu\/utazas\/wp-json\/wp\/v2\/posts\/101952\/revisions"}],"predecessor-version":[{"id":101989,"href":"https:\/\/www.startlap.hu\/utazas\/wp-json\/wp\/v2\/posts\/101952\/revisions\/101989"}],"wp:featuredmedia":[{"embeddable":true,"href":"https:\/\/www.startlap.hu\/utazas\/wp-json\/wp\/v2\/media\/101957"}],"wp:attachment":[{"href":"https:\/\/www.startlap.hu\/utazas\/wp-json\/wp\/v2\/media?parent=101952"}],"wp:term":[{"taxonomy":"category","embeddable":true,"href":"https:\/\/www.startlap.hu\/utazas\/wp-json\/wp\/v2\/categories?post=101952"},{"taxonomy":"post_tag","embeddable":true,"href":"https:\/\/www.startlap.hu\/utazas\/wp-json\/wp\/v2\/tags?post=101952"}],"curies":[{"name":"wp","href":"https:\/\/api.w.org\/{rel}","templated":true}]}}