{"id":101879,"date":"2026-01-26T17:31:18","date_gmt":"2026-01-26T16:31:18","guid":{"rendered":"https:\/\/www.startlap.hu\/utazas\/?p=101879"},"modified":"2026-01-26T17:41:57","modified_gmt":"2026-01-26T16:41:57","slug":"termalfurdo-draga-magyarorszag","status":"publish","type":"post","link":"https:\/\/www.startlap.hu\/utazas\/termalfurdo-draga-magyarorszag\/","title":{"rendered":"Kider\u00fclt: ez a h\u00e1rom f\u00fcrd\u0151 a legdr\u00e1g\u00e1bb Magyarorsz\u00e1gon &#8211; \u00edgy sp\u00f3rolhatsz jelent\u0151sen"},"content":{"rendered":"<p>A <strong><a href=\"https:\/\/termalonline.hu\/termal-hirek\/ez-most-az-orszag-harom-legdragabb-gyogyfurdoje\" target=\"_blank\" target=\"_blank\" rel=\"noopener\">Termalonline.hu<\/a><\/strong> \u00f6sszeszedte, hogy 2026 janu\u00e1rj\u00e1ban mely h\u00e1rom hazai f\u00fcrd\u0151 a legdr\u00e1g\u00e1bb a magyarorsz\u00e1gi palett\u00e1n. A port\u00e1l el\u0151sz\u00f6r a budapesti k\u00edn\u00e1latot vette szem\u00fcgyre, kezdve a <strong>Sz\u00e9chenyi Gy\u00f3gyf\u00fcrd\u0151vel<\/strong>, ahol a h\u00e9t eleji <strong>13.200 forintos jegy\u00e1r<\/strong> h\u00e9tv\u00e9g\u00e9re 14.800 forintra k\u00faszik fel.<\/p>\n<div class=\"o-widget m-readMoreWidget -readMore u-shortDecorLineAfter row widget-container _ce_measure_widget bigdata-widget read-more\" data-ce-measure-widget=\"olvass tov\u00e1bb\">\n\t<div class=\"m-readMoreWidget__imgWrapper image-wrapper col-12 col-md-4 no-p\">\n\t\t<a class=\"m-readMoreWidget__imgLink\" href=\"https:\/\/www.startlap.hu\/utazas\/zold-foki-szigetek-mediterran-uti-cel-ajanlo\/\" >\n\t\t\t<img decoding=\"async\" src=\"https:\/\/www.startlap.hu\/utazas\/uploads\/sites\/3\/2025\/11\/GettyImages-179589885_11zon-350x285.jpg\" class=\"m-readMoreWidget__img\">\n\t\t<\/a>\n\t<\/div>\n\t<div class=\"m-readMoreWidget__titleWrapper title-wrapper col-12 col-md-8\">\n\t\t<span class=\"m-readMoreWidget__titleLabel u-shortDecorLineBefore label hidden-sm-up\">Ez is \u00e9rdekelhet:<\/span>\n\t\t<h3 class=\"m-readMoreWidget__title title\">\n\t\t\t<a class=\"m-readMoreWidget__titleLink -secondFont u-bold u-upperCase\" href=\"https:\/\/www.startlap.hu\/utazas\/zold-foki-szigetek-mediterran-uti-cel-ajanlo\/\" >Kev\u00e9s turista, 27 fok decemberben: ez a rejtett gy\u00f6ngyszem lehet a kedvenc t\u00e9li \u00fati c\u00e9l<\/a>\n\t\t<\/h3>\n\t\t<a class=\"m-readMoreWidget__btn -coloredBack u-tC link\" href=\"https:\/\/www.startlap.hu\/utazas\/zold-foki-szigetek-mediterran-uti-cel-ajanlo\/\" >Elolvasom<\/a>\n\t<\/div>\n<\/div>\n<p>Az \u00fcnnepi \u00e9s kiemelt napokon \u2013 mint a tavaszi hossz\u00fa h\u00e9tv\u00e9g\u00e9k vagy a h\u00fasv\u00e9t \u2013 a <strong>bel\u00e9p\u00e9s d\u00edja el\u00e9ri a 15.800 forintot<\/strong>. A h\u00e9tk\u00f6znapok sor\u00e1n a reggeli \u00f3r\u00e1kat prefer\u00e1l\u00f3 vend\u00e9geknek azonban kital\u00e1lt\u00e1k a \u201egood morning\u201d jegyet, amely munkanapokon 10.500 \u00e9s 11.800 forint k\u00f6z\u00f6tt mozog.<\/p>\n<figure id=\"attachment_101885\" aria-describedby=\"caption-attachment-101885\" style=\"width: 755px\" class=\"wp-caption alignnone\"><img loading=\"lazy\" decoding=\"async\" class=\"size-article-size-large-image wp-image-101885\" src=\"https:\/\/www.startlap.hu\/utazas\/uploads\/sites\/3\/2026\/01\/szechenyi_korlat_medence_-755x503.jpg\" alt=\"A Sz\u00e9chenyi Gy\u00f3gyf\u00fcrd\u0151\" width=\"755\" height=\"503\" srcset=\"https:\/\/www.startlap.hu\/utazas\/uploads\/sites\/3\/2026\/01\/szechenyi_korlat_medence_-755x503.jpg 755w, https:\/\/www.startlap.hu\/utazas\/uploads\/sites\/3\/2026\/01\/szechenyi_korlat_medence_-525x350.jpg 525w, https:\/\/www.startlap.hu\/utazas\/uploads\/sites\/3\/2026\/01\/szechenyi_korlat_medence_.jpg 1200w\" sizes=\"auto, (max-width: 755px) 100vw, 755px\" \/><figcaption id=\"caption-attachment-101885\" class=\"wp-caption-text\">Fot\u00f3: Getty Images<\/figcaption><\/figure>\n<p><strong>A Rudas komplex bel\u00e9p\u0151je<\/strong> h\u00e9tf\u0151t\u0151l p\u00e9ntekig m\u00e9g ugyan bar\u00e1ts\u00e1gosabb, \u00e1m szombat, vas\u00e1rnap m\u00e1r a Sz\u00e9chenyi \u00e1rait is maga m\u00f6g\u00e9 utas\u00edtja. A h\u00e9t k\u00f6zbeni 12.000 forintos tarifa h\u00e9tv\u00e9g\u00e9re 15.000-re ugrik, a kiemelt napokon pedig a 16.000 forintos jegy\u00e1rral itt tal\u00e1lkozhatunk a legmagasabb \u00f6sszeggel.<\/p>\n<h2>A harmadik legdr\u00e1g\u00e1bb egy vid\u00e9ki f\u00fcrd\u0151<\/h2>\n<p>A f\u0151v\u00e1rosi du\u00f3t szorosan k\u00f6veti a vid\u00e9ki \u00e9lmez\u0151nyben az egerszal\u00f3ki Saliris. Ebben a min\u0151s\u00edtett <strong><a href=\"https:\/\/www.startlap.hu\/utazas\/gyogyviz-eros-bukfurdo-szent-kelemen-forras\/\" target=\"_blank\" rel=\"noopener\">gy\u00f3gyf\u00fcrd\u0151ben<\/a><\/strong> is szak\u00edtottak a kor\u00e1bbi egys\u00e9g\u00e1ras rendszerrel, \u00edgy ma m\u00e1r itt is p\u00e9nzt\u00e1rcaf\u00fcgg\u0151 az id\u0151z\u00edt\u00e9s.<\/p>\n<p>Egy feln\u0151tt bel\u00e9p\u0151 h\u00e9tf\u0151t\u0151l cs\u00fct\u00f6rt\u00f6kig <strong>10.700 forintot k\u00f3st\u00e1l<\/strong>, m\u00edg a h\u00e9tv\u00e9gi pihen\u00e9s\u00e9rt <strong>11.900 forintot kell fizetni<\/strong>. A nyugd\u00edjasok 8.800 \u00e9s 9.900, a gyermekek pedig 8.300 \u00e9s 9.200 forint k\u00f6z\u00f6tti \u00e1rs\u00e1vban v\u00e1lthatnak jegyet az adott napt\u00f3l f\u00fcgg\u0151en.<\/p>\n<h2>Hogyan szerezhetsz jelent\u0151s kedvezm\u00e9nyt?<\/h2>\n<p>De vajon l\u00e9tezik-e p\u00e9nzt\u00e1rcak\u00edm\u00e9l\u0151 megold\u00e1s ezekben a pr\u00e9mium f\u00fcrd\u0151kben? A f\u0151v\u00e1rosi helysz\u00edneken a <strong>Zsigmondy Klubk\u00e1rtya<\/strong> jelenti a kulcsot a jelent\u0151s megtakar\u00edt\u00e1shoz.<\/p>\n<p>Az 5.000 forintos \u00e9ves d\u00edj\u00e9rt cser\u00e9be szinte t\u00f6red\u00e9k\u00e1ron, <strong>5.500-6.000 forint\u00e9rt \u00e9lvezhetj\u00fck<\/strong> a Sz\u00e9chenyi, a Rudas vagy ak\u00e1r a Luk\u00e1cs f\u00fcrd\u0151 vend\u00e9gszeretet\u00e9t <strong>4 \u00f3r\u00e1n kereszt\u00fcl<\/strong>.<\/p>\n<p>Egerszal\u00f3k is tartogat kedvez\u0151bb lehet\u0151s\u00e9get azoknak, akik a luxus helyett a v\u00edz gy\u00f3gyerej\u00e9re koncentr\u00e1lnak. K\u00f6zvetlen\u00fcl a nagy komplexum szomsz\u00e9ds\u00e1g\u00e1ban, a <strong>Nosztalgia Strandf\u00fcrd\u0151ben ugyanaz a min\u0151s\u00e9gi gy\u00f3gyv\u00edz v\u00e1rja a vend\u00e9geket.<\/strong><\/p>\n<p>Ebben a hangulatos, szabadt\u00e9ri f\u00fcrd\u0151ben a <strong>feln\u0151ttek m\u00e1r 2.400<\/strong>, a sz\u00e9pkor\u00faak pedig mind\u00f6ssze 2.000 forint\u00e9rt megm\u00e1rt\u00f3zhatnak<\/p>\n<div class=\"o-widget m-readMoreWidget -readMore u-shortDecorLineAfter row widget-container _ce_measure_widget bigdata-widget read-more\" data-ce-measure-widget=\"olvass tov\u00e1bb\">\n\t<div class=\"m-readMoreWidget__imgWrapper image-wrapper col-12 col-md-4 no-p\">\n\t\t<a class=\"m-readMoreWidget__imgLink\" href=\"https:\/\/www.startlap.hu\/utazas\/spanyolorszag-foldkozi-tenger-szikla-latvany-filmek\/\" >\n\t\t\t<img decoding=\"async\" src=\"https:\/\/www.startlap.hu\/utazas\/uploads\/sites\/3\/2026\/01\/GettyImages-634465057_11zon-350x285.jpg\" class=\"m-readMoreWidget__img\">\n\t\t<\/a>\n\t<\/div>\n\t<div class=\"m-readMoreWidget__titleWrapper title-wrapper col-12 col-md-8\">\n\t\t<span class=\"m-readMoreWidget__titleLabel u-shortDecorLineBefore label hidden-sm-up\">Ez is \u00e9rdekelhet:<\/span>\n\t\t<h3 class=\"m-readMoreWidget__title title\">\n\t\t\t<a class=\"m-readMoreWidget__titleLink -secondFont u-bold u-upperCase\" href=\"https:\/\/www.startlap.hu\/utazas\/spanyolorszag-foldkozi-tenger-szikla-latvany-filmek\/\" >Sem Santorini, sem az Amalfi-part: a F\u00f6ldk\u00f6zi-tenger legszebb falva Spanyolorsz\u00e1gban van \u2013 \u00e9s sz\u00f3 szerint a tenger f\u00f6l\u00e9 kapaszkodik<\/a>\n\t\t<\/h3>\n\t\t<a class=\"m-readMoreWidget__btn -coloredBack u-tC link\" href=\"https:\/\/www.startlap.hu\/utazas\/spanyolorszag-foldkozi-tenger-szikla-latvany-filmek\/\" >Elolvasom<\/a>\n\t<\/div>\n<\/div>\n","protected":false},"excerpt":{"rendered":"<p>Mutatjuk a h\u00e1rom legdr\u00e1g\u00e1bb magyarorsz\u00e1gi gy\u00f3gyf\u00fcrd\u0151t: van azonban p\u00e1r \u00fcgyes h\u00faz\u00e1s, amivel l\u00e9nyegesebben olcs\u00f3bban l\u00e9phetsz be.<\/p>\n","protected":false},"author":8,"featured_media":101885,"comment_status":"closed","ping_status":"closed","sticky":false,"template":"","format":"standard","meta":{"footnotes":""},"categories":[7],"tags":[6717,1060,1057],"class_list":["post-101879","post","type-post","status-publish","format-standard","has-post-thumbnail","hentry","category-belfold-utazas","tag-arengedmeny","tag-rudas-gyogyfurdo","tag-szechenyi-furdo"],"aioseo_notices":[],"_links":{"self":[{"href":"https:\/\/www.startlap.hu\/utazas\/wp-json\/wp\/v2\/posts\/101879","targetHints":{"allow":["GET"]}}],"collection":[{"href":"https:\/\/www.startlap.hu\/utazas\/wp-json\/wp\/v2\/posts"}],"about":[{"href":"https:\/\/www.startlap.hu\/utazas\/wp-json\/wp\/v2\/types\/post"}],"author":[{"embeddable":true,"href":"https:\/\/www.startlap.hu\/utazas\/wp-json\/wp\/v2\/users\/8"}],"replies":[{"embeddable":true,"href":"https:\/\/www.startlap.hu\/utazas\/wp-json\/wp\/v2\/comments?post=101879"}],"version-history":[{"count":7,"href":"https:\/\/www.startlap.hu\/utazas\/wp-json\/wp\/v2\/posts\/101879\/revisions"}],"predecessor-version":[{"id":101891,"href":"https:\/\/www.startlap.hu\/utazas\/wp-json\/wp\/v2\/posts\/101879\/revisions\/101891"}],"wp:featuredmedia":[{"embeddable":true,"href":"https:\/\/www.startlap.hu\/utazas\/wp-json\/wp\/v2\/media\/101885"}],"wp:attachment":[{"href":"https:\/\/www.startlap.hu\/utazas\/wp-json\/wp\/v2\/media?parent=101879"}],"wp:term":[{"taxonomy":"category","embeddable":true,"href":"https:\/\/www.startlap.hu\/utazas\/wp-json\/wp\/v2\/categories?post=101879"},{"taxonomy":"post_tag","embeddable":true,"href":"https:\/\/www.startlap.hu\/utazas\/wp-json\/wp\/v2\/tags?post=101879"}],"curies":[{"name":"wp","href":"https:\/\/api.w.org\/{rel}","templated":true}]}}