{"id":101868,"date":"2026-01-27T14:03:47","date_gmt":"2026-01-27T13:03:47","guid":{"rendered":"https:\/\/www.startlap.hu\/utazas\/?p=101868"},"modified":"2026-01-27T11:58:03","modified_gmt":"2026-01-27T10:58:03","slug":"japan-izland-europa-turizmus-felkapott-uticel-egyiptom-brazilia","status":"publish","type":"post","link":"https:\/\/www.startlap.hu\/utazas\/japan-izland-europa-turizmus-felkapott-uticel-egyiptom-brazilia\/","title":{"rendered":"Berobbant a turizmus: ezek a vil\u00e1g leggyorsabban n\u00f6vekv\u0151 \u00fati c\u00e9ljai \u2013 Eur\u00f3pa is dobog\u00f3s"},"content":{"rendered":"<p>Az ENSZ Turisztikai Vil\u00e1gszervezet\u00e9nek legfrissebb jelent\u00e9se szerint <a href=\"https:\/\/www.startlap.hu\/utazas\/izland-grimsey-sziget-sarkkor-madar-turizmus\/\" target=\"_blank\" rel=\"noopener\">Izland<\/a>, Braz\u00edlia \u00e9s Egyiptom is azok k\u00f6z\u00e9 az orsz\u00e1gok k\u00f6z\u00e9 tartozik, ahol k\u00e9t sz\u00e1mjegy\u0171 n\u00f6veked\u00e9st m\u00e9rtek a nemzetk\u00f6zi turist\u00e1k \u00e9rkez\u00e9s\u00e9ben 2025-ben.<\/p>\n<div class=\"o-widget m-readMoreWidget -readMore u-shortDecorLineAfter row widget-container _ce_measure_widget bigdata-widget read-more\" data-ce-measure-widget=\"olvass tov\u00e1bb\">\n\t<div class=\"m-readMoreWidget__imgWrapper image-wrapper col-12 col-md-4 no-p\">\n\t\t<a class=\"m-readMoreWidget__imgLink\" href=\"https:\/\/www.startlap.hu\/utazas\/afrika-biztonsag-mauritius-januar-31-fok-fotok\/\" >\n\t\t\t<img decoding=\"async\" src=\"https:\/\/www.startlap.hu\/utazas\/uploads\/sites\/3\/2025\/12\/mauritius3-350x285.jpg\" class=\"m-readMoreWidget__img\">\n\t\t<\/a>\n\t<\/div>\n\t<div class=\"m-readMoreWidget__titleWrapper title-wrapper col-12 col-md-8\">\n\t\t<span class=\"m-readMoreWidget__titleLabel u-shortDecorLineBefore label hidden-sm-up\">Ez is \u00e9rdekelhet:<\/span>\n\t\t<h3 class=\"m-readMoreWidget__title title\">\n\t\t\t<a class=\"m-readMoreWidget__titleLink -secondFont u-bold u-upperCase\" href=\"https:\/\/www.startlap.hu\/utazas\/afrika-biztonsag-mauritius-januar-31-fok-fotok\/\" >Ahol janu\u00e1rban is 31 fok v\u00e1r &#8211; k\u00e9peken Afrika legbiztons\u00e1gosabb orsz\u00e1ga<\/a>\n\t\t<\/h3>\n\t\t<a class=\"m-readMoreWidget__btn -coloredBack u-tC link\" href=\"https:\/\/www.startlap.hu\/utazas\/afrika-biztonsag-mauritius-januar-31-fok-fotok\/\" >Elolvasom<\/a>\n\t<\/div>\n<\/div>\n<h2>Jap\u00e1n: k\u00e9t sz\u00e1mjegy\u0171 n\u00f6veked\u00e9s egyetlen \u00e9v alatt<\/h2>\n<p>A legfrissebb adatok szerint Jap\u00e1n a vil\u00e1g egyik leggyorsabban n\u00f6vekv\u0151 turisztikai c\u00e9lpontja lett. A World Tourism Barometer 2026-os els\u0151 kiad\u00e1sa, amelyet az ENSZ Turisztikai Vil\u00e1gszervezete tett k\u00f6zz\u00e9, r\u00e1mutat:<\/p>\n<blockquote class=\"article__extraTxt\"><p>Jap\u00e1nban 17 sz\u00e1zal\u00e9kkal n\u0151tt a nemzetk\u00f6zi turist\u00e1k sz\u00e1ma 2024-hez k\u00e9pest, a tavalyi \u00e9v november\u00e9ig vizsg\u00e1lt id\u0151szakban.<\/p><\/blockquote>\n<p><img loading=\"lazy\" decoding=\"async\" class=\"size-article-size-large-image wp-image-101872\" src=\"https:\/\/www.startlap.hu\/utazas\/uploads\/sites\/3\/2026\/01\/GettyImages-2200570872_11zon-755x425.jpg\" alt=\"Szelfiz\u0151 turist\u00e1k Jap\u00e1nban\" width=\"755\" height=\"425\" srcset=\"https:\/\/www.startlap.hu\/utazas\/uploads\/sites\/3\/2026\/01\/GettyImages-2200570872_11zon-755x425.jpg 755w, https:\/\/www.startlap.hu\/utazas\/uploads\/sites\/3\/2026\/01\/GettyImages-2200570872_11zon-1536x864.jpg 1536w, https:\/\/www.startlap.hu\/utazas\/uploads\/sites\/3\/2026\/01\/GettyImages-2200570872_11zon-215x120.jpg 215w, https:\/\/www.startlap.hu\/utazas\/uploads\/sites\/3\/2026\/01\/GettyImages-2200570872_11zon-622x350.jpg 622w, https:\/\/www.startlap.hu\/utazas\/uploads\/sites\/3\/2026\/01\/GettyImages-2200570872_11zon.jpg 1847w\" sizes=\"auto, (max-width: 755px) 100vw, 755px\" \/><\/p>\n<p>Fot\u00f3: Getty Images<\/p>\n<p>Jap\u00e1n mellett m\u00e1s orsz\u00e1gok is l\u00e1tv\u00e1nyos fellend\u00fcl\u00e9st tapasztaltak:<\/p>\n<ul>\n<li>Braz\u00edlia eg\u00e9sz \u00e9vre vet\u00edtve 37 sz\u00e1zal\u00e9kos n\u00f6veked\u00e9st \u00e9rt el,<\/li>\n<li>Egyiptom pedig 20 sz\u00e1zal\u00e9kkal t\u00f6bb l\u00e1togat\u00f3t fogadott, mint egy \u00e9vvel kor\u00e1bban.<\/li>\n<\/ul>\n<p><a href=\"https:\/\/www.startlap.hu\/utazas\/rio-de-janeiro-turazas-utvonalak\/\" target=\"_blank\" rel=\"noopener\">Braz\u00edlia<\/a> n\u00e9pszer\u0171s\u00e9g\u00e9nek n\u00f6veked\u00e9s\u00e9ben komoly szerepet j\u00e1tszottak a fesztiv\u00e1lok \u00e9s nagyszab\u00e1s\u00fa koncertek. A febru\u00e1ri karnev\u00e1l \u00e9vr\u0151l \u00e9vre hatalmas t\u00f6megeket vonz az orsz\u00e1gba. 2025-ben r\u00e1ad\u00e1sul Rio de Janeiro viselte az UNESCO Vil\u00e1g K\u00f6nyvf\u0151v\u00e1rosa c\u00edmet, m\u00edg Lady Gaga ingyenes koncertje a Copacabana strandon szint\u00e9n nemzetk\u00f6zi k\u00f6z\u00f6ns\u00e9get cs\u00e1b\u00edtott Braz\u00edli\u00e1ba.<\/p>\n<p><a href=\"https:\/\/www.euronews.com\/travel\/2026\/01\/23\/fastest-growing-tourism-destinations-revealed-in-new-un-report-and-one-is-in-europe\" target=\"_blank\" target=\"_blank\" target=\"_blank\" rel=\"noopener\">Egyiptom<\/a> turizmus\u00e1t pedig jelent\u0151sen fellend\u00edtette a Nagy Egyiptomi M\u00fazeum r\u00e9szleges megnyit\u00e1sa 2024 okt\u00f3ber\u00e9ben, majd a hivatalos, nagyszab\u00e1s\u00fa megnyit\u00f3 2025 november\u00e9ben. A vil\u00e1g egyik legnagyobb \u00e9s legmodernebb r\u00e9g\u00e9szeti m\u00fazeuma sok utaz\u00f3 bakancslist\u00e1j\u00e1n el\u0151kel\u0151 helyre ker\u00fclt, ami l\u00e1tv\u00e1nyosan megdobta az orsz\u00e1g l\u00e1togatotts\u00e1g\u00e1t.<\/p>\n<h2>Eur\u00f3pa gy\u0151ztese: Izland<\/h2>\n<p>Eur\u00f3p\u00e1ban a legnagyobb n\u00f6veked\u00e9st Izland produk\u00e1lta,<strong> ahol 29 sz\u00e1zal\u00e9kkal emelkedett a nemzetk\u00f6zi turist\u00e1k sz\u00e1ma.<\/strong> A szak\u00e9rt\u0151k szerint ebben kulcsszerepet j\u00e1tszott, hogy 2024 v\u00e9g\u00e9n el\u00e9rte cs\u00facspontj\u00e1t a Nap aktivit\u00e1sa, ami eg\u00e9sz \u00e9vben fokozott sarki f\u00e9nyjelens\u00e9geket eredm\u00e9nyezett. Ez rengeteg utaz\u00f3t \u00f6szt\u00f6nz\u00f6tt arra, hogy Izlandra foglaljon utat.<\/p>\n<blockquote class=\"article__extraTxt\"><p>2026-ban egy\u00e9bk\u00e9nt tov\u00e1bbi n\u00f6veked\u00e9s v\u00e1rhat\u00f3, hiszen augusztusban <a href=\"https:\/\/www.startlap.hu\/utazas\/teljes-napfogyatkozas-2027-augusztus-hat-perces-rekord\/\" target=\"_blank\" rel=\"noopener\">teljes napfogyatkoz\u00e1s<\/a> bor\u00edtja majd s\u00f6t\u00e9ts\u00e9gbe az orsz\u00e1g egyes r\u00e9szeit.<\/p><\/blockquote>\n<p>A teljes \u00e9ves adatokat jelent\u0151 orsz\u00e1gok k\u00f6z\u00fcl: Marokk\u00f3ban 14 sz\u00e1zal\u00e9kkal, a Seychelle-szigeteken pedig 13 sz\u00e1zal\u00e9kkal n\u0151tt a nemzetk\u00f6zi turist\u00e1k sz\u00e1ma.<\/p>\n<h2>Rekordsz\u00e1m\u00fa turista vil\u00e1gszerte<\/h2>\n<p>\u00d6sszess\u00e9g\u00e9ben 2025-ben mintegy 1,52 milli\u00e1rd nemzetk\u00f6zi turista utazott vil\u00e1gszerte. Eur\u00f3pa tov\u00e1bbra is a vil\u00e1g legn\u00e9pszer\u0171bb turisztikai r\u00e9gi\u00f3ja, \u00f6sszesen 793 milli\u00f3 l\u00e1togat\u00f3val. A jelent\u00e9s szerint az utaz\u00e1si kereslet 2025-ben is er\u0151s maradt, annak ellen\u00e9re, hogy a turisztikai szolg\u00e1ltat\u00e1sok \u00e1ra emelkedett, \u00e9s geopolitikai kih\u00edv\u00e1sok is nehez\u00edtett\u00e9k a piacot. <strong>Az \u00e9v v\u00e9g\u00e9re ugyanakkor enyhe lassul\u00e1s volt megfigyelhet\u0151.<\/strong><\/p>\n<h2>J\u00f3 h\u00edr az utaz\u00f3knak<\/h2>\n<p>A szak\u00e9rt\u0151k szerint 2026-ban a f\u00fcggetlen utaz\u00e1sok \u00e9s a szervezett csomagok \u00e1raz\u00e1sa is versenyk\u00e9pesebb lehet, ami \u00fajabb lend\u00fcletet adhat a glob\u00e1lis turizmusnak.<\/p>\n<p><a href=\"https:\/\/www.euronews.com\/travel\/2026\/01\/23\/fastest-growing-tourism-destinations-revealed-in-new-un-report-and-one-is-in-europe\" target=\"_blank\" target=\"_blank\" target=\"_blank\" rel=\"noopener\">via<\/a><\/p>\n<div class=\"o-widget m-readMoreWidget -readMore u-shortDecorLineAfter row widget-container _ce_measure_widget bigdata-widget read-more\" data-ce-measure-widget=\"olvass tov\u00e1bb\">\n\t<div class=\"m-readMoreWidget__imgWrapper image-wrapper col-12 col-md-4 no-p\">\n\t\t<a class=\"m-readMoreWidget__imgLink\" href=\"https:\/\/www.startlap.hu\/utazas\/spanyolorszag-foldkozi-tenger-szikla-latvany-filmek\/\" >\n\t\t\t<img decoding=\"async\" src=\"https:\/\/www.startlap.hu\/utazas\/uploads\/sites\/3\/2026\/01\/GettyImages-634465057_11zon-350x285.jpg\" class=\"m-readMoreWidget__img\">\n\t\t<\/a>\n\t<\/div>\n\t<div class=\"m-readMoreWidget__titleWrapper title-wrapper col-12 col-md-8\">\n\t\t<span class=\"m-readMoreWidget__titleLabel u-shortDecorLineBefore label hidden-sm-up\">Ez is \u00e9rdekelhet:<\/span>\n\t\t<h3 class=\"m-readMoreWidget__title title\">\n\t\t\t<a class=\"m-readMoreWidget__titleLink -secondFont u-bold u-upperCase\" href=\"https:\/\/www.startlap.hu\/utazas\/spanyolorszag-foldkozi-tenger-szikla-latvany-filmek\/\" >Sem Santorini, sem az Amalfi-part: a F\u00f6ldk\u00f6zi-tenger legszebb falva Spanyolorsz\u00e1gban van \u2013 \u00e9s sz\u00f3 szerint a tenger f\u00f6l\u00e9 kapaszkodik<\/a>\n\t\t<\/h3>\n\t\t<a class=\"m-readMoreWidget__btn -coloredBack u-tC link\" href=\"https:\/\/www.startlap.hu\/utazas\/spanyolorszag-foldkozi-tenger-szikla-latvany-filmek\/\" >Elolvasom<\/a>\n\t<\/div>\n<\/div>\n","protected":false},"excerpt":{"rendered":"<p>Az ENSZ friss jelent\u00e9se szerint 2025-ben robban\u00e1sszer\u0171en n\u0151tt a nemzetk\u00f6zi utaz\u00e1sok sz\u00e1ma: Izland, Jap\u00e1n \u00e9s Braz\u00edlia is rekordokat d\u00f6nt\u00f6tt.<\/p>\n","protected":false},"author":64,"featured_media":101872,"comment_status":"closed","ping_status":"closed","sticky":false,"template":"","format":"standard","meta":{"footnotes":""},"categories":[70],"tags":[296,247,306,861],"class_list":["post-101868","post","type-post","status-publish","format-standard","has-post-thumbnail","hentry","category-vilag","tag-brazilia","tag-egyiptom","tag-izland","tag-japan"],"aioseo_notices":[],"_links":{"self":[{"href":"https:\/\/www.startlap.hu\/utazas\/wp-json\/wp\/v2\/posts\/101868","targetHints":{"allow":["GET"]}}],"collection":[{"href":"https:\/\/www.startlap.hu\/utazas\/wp-json\/wp\/v2\/posts"}],"about":[{"href":"https:\/\/www.startlap.hu\/utazas\/wp-json\/wp\/v2\/types\/post"}],"author":[{"embeddable":true,"href":"https:\/\/www.startlap.hu\/utazas\/wp-json\/wp\/v2\/users\/64"}],"replies":[{"embeddable":true,"href":"https:\/\/www.startlap.hu\/utazas\/wp-json\/wp\/v2\/comments?post=101868"}],"version-history":[{"count":6,"href":"https:\/\/www.startlap.hu\/utazas\/wp-json\/wp\/v2\/posts\/101868\/revisions"}],"predecessor-version":[{"id":101936,"href":"https:\/\/www.startlap.hu\/utazas\/wp-json\/wp\/v2\/posts\/101868\/revisions\/101936"}],"wp:featuredmedia":[{"embeddable":true,"href":"https:\/\/www.startlap.hu\/utazas\/wp-json\/wp\/v2\/media\/101872"}],"wp:attachment":[{"href":"https:\/\/www.startlap.hu\/utazas\/wp-json\/wp\/v2\/media?parent=101868"}],"wp:term":[{"taxonomy":"category","embeddable":true,"href":"https:\/\/www.startlap.hu\/utazas\/wp-json\/wp\/v2\/categories?post=101868"},{"taxonomy":"post_tag","embeddable":true,"href":"https:\/\/www.startlap.hu\/utazas\/wp-json\/wp\/v2\/tags?post=101868"}],"curies":[{"name":"wp","href":"https:\/\/api.w.org\/{rel}","templated":true}]}}