{"id":101835,"date":"2026-01-26T18:03:56","date_gmt":"2026-01-26T17:03:56","guid":{"rendered":"https:\/\/www.startlap.hu\/utazas\/?p=101835"},"modified":"2026-01-26T17:13:50","modified_gmt":"2026-01-26T16:13:50","slug":"harry-potter-kiallitas-szentendre-nyitas-2026","status":"publish","type":"post","link":"https:\/\/www.startlap.hu\/utazas\/harry-potter-kiallitas-szentendre-nyitas-2026\/","title":{"rendered":"Szentendr\u00e9n nyit a Roxfort: ennyibe ker\u00fcl a bel\u00e9p\u0151 a vil\u00e1g legnagyobb Harry Potter ki\u00e1ll\u00edt\u00e1s\u00e1ra"},"content":{"rendered":"<p>Febru\u00e1r 6-\u00e1t\u00f3l igazi var\u00e1zsvil\u00e1g v\u00e1rja a l\u00e1togat\u00f3kat a szentendrei <strong>Green Event Hallban<\/strong>: meg\u00e9rkezik a vil\u00e1gh\u00edr\u0171 <strong>Harry Potter ki\u00e1ll\u00edt\u00e1s<\/strong>, ami kor\u00e1bban m\u00e1r t\u00f6bb nemzetk\u00f6zi helysz\u00ednen var\u00e1zsolta el a szeretett k\u00f6nyv- \u00e9s filmsorozat rajong\u00f3it. A Szentendr\u00e9n k\u00edv\u00fcl <strong>Drezd\u00e1ban<\/strong>, <strong>Melbourne<\/strong>-ben \u00e9s <strong>Dallasban<\/strong> l\u00e1that\u00f3 t\u00e1rlat a <a href=\"https:\/\/www.startlap.hu\/utazas\/harry-potter-kozepkori-olasz-varos-grazzano-visconti-fotok\/\" target=\"_blank\" rel=\"noopener\">Harry Potter-filmek<\/a> ikonikus kell\u00e9keit mutatja be egy interakt\u00edv \u00e9lm\u00e9nyvil\u00e1gon kereszt\u00fcl. N\u00e9zz\u00fck a r\u00e9szleteket!<\/p>\n<div class=\"o-widget m-readMoreWidget -readMore u-shortDecorLineAfter row widget-container _ce_measure_widget bigdata-widget read-more\" data-ce-measure-widget=\"olvass tov\u00e1bb\">\n\t<div class=\"m-readMoreWidget__imgWrapper image-wrapper col-12 col-md-4 no-p\">\n\t\t<a class=\"m-readMoreWidget__imgLink\" href=\"https:\/\/www.startlap.hu\/utazas\/zanzibar-februar-33-fok-olcso-sor\/\" >\n\t\t\t<img decoding=\"async\" src=\"https:\/\/www.startlap.hu\/utazas\/uploads\/sites\/3\/2026\/01\/zanzibar2-350x285.jpg\" class=\"m-readMoreWidget__img\">\n\t\t<\/a>\n\t<\/div>\n\t<div class=\"m-readMoreWidget__titleWrapper title-wrapper col-12 col-md-8\">\n\t\t<span class=\"m-readMoreWidget__titleLabel u-shortDecorLineBefore label hidden-sm-up\">Ez is \u00e9rdekelhet:<\/span>\n\t\t<h3 class=\"m-readMoreWidget__title title\">\n\t\t\t<a class=\"m-readMoreWidget__titleLink -secondFont u-bold u-upperCase\" href=\"https:\/\/www.startlap.hu\/utazas\/zanzibar-februar-33-fok-olcso-sor\/\" >700 forint a s\u00f6r, 33 fok febru\u00e1rban: a paradicsomi sziget \u00edgy \u00e9rhet\u0151 el Magyarorsz\u00e1gr\u00f3l<\/a>\n\t\t<\/h3>\n\t\t<a class=\"m-readMoreWidget__btn -coloredBack u-tC link\" href=\"https:\/\/www.startlap.hu\/utazas\/zanzibar-februar-33-fok-olcso-sor\/\" >Elolvasom<\/a>\n\t<\/div>\n<\/div>\n<h2>Roxfort Szentendr\u00e9re k\u00f6lt\u00f6zik<\/h2>\n<p>Az utaz\u00f3 ki\u00e1ll\u00edt\u00e1s el\u0151sz\u00f6r 2009 \u00e9s 2020 k\u00f6z\u00f6tt j\u00e1rta a vil\u00e1got, a m\u00e1sodik, meg\u00fajult t\u00e1rlat pedig 2022 \u00f3ta van \u00faton. A ki\u00e1ll\u00edt\u00e1st t\u00f6bbek k\u00f6z\u00f6tt a filmeket forgat\u00f3 <strong>Warner Bros.<\/strong> st\u00fadi\u00f3 r\u00e9szv\u00e9tel\u00e9vel j\u00f6tt l\u00e9tre, ami azt jelenti, hogy a t\u00e1rlatban <strong>az eredeti filmes kell\u00e9kek \u00e9s d\u00edszletek is jelent\u0151s szerepet j\u00e1tszanak.<\/strong> A ki\u00e1ll\u00edt\u00e1s r\u00e9szletes pontoss\u00e1ggal megalkotott d\u00edszletekkel id\u00e9zi meg a sokak \u00e1ltal szeretett szerepl\u0151ket, helysz\u00edneket \u00e9s <a href=\"https:\/\/www.startlap.hu\/utazas\/befagyott-lillafuredi-vizeses\/\" target=\"_blank\" rel=\"noopener\">var\u00e1zslatos<\/a> l\u00e9nyeket, mik\u00f6zben felt\u00e1rja a filmk\u00e9sz\u00edt\u00e9s titkait is.<\/p>\n<blockquote class=\"article__extraTxt\"><p>A l\u00e1togat\u00f3k k\u00f6zelr\u0151l csod\u00e1lhatj\u00e1k meg az eredeti kell\u00e9keket \u00e9s jelmezeket a Harry Potter- \u00e9s a Legend\u00e1s \u00e1llatok-filmekb\u0151l,<\/p><\/blockquote>\n<p>mik\u00f6zben innovat\u00edv, l\u00e1tv\u00e1nyos \u00e9s var\u00e1zslatos install\u00e1ci\u00f3k k\u00f6z\u00f6tt fedezhetik fel a var\u00e1zsvil\u00e1got.<\/p>\n<figure id=\"attachment_101875\" aria-describedby=\"caption-attachment-101875\" style=\"width: 755px\" class=\"wp-caption alignnone\"><a href=\"https:\/\/www.startlap.hu\/utazas\/uploads\/sites\/3\/2026\/01\/HP1-scaled.jpg\"><img loading=\"lazy\" decoding=\"async\" class=\"size-article-size-large-image wp-image-101875\" src=\"https:\/\/www.startlap.hu\/utazas\/uploads\/sites\/3\/2026\/01\/HP1-755x502.jpg\" alt=\"\" width=\"755\" height=\"502\" srcset=\"https:\/\/www.startlap.hu\/utazas\/uploads\/sites\/3\/2026\/01\/HP1-755x502.jpg 755w, https:\/\/www.startlap.hu\/utazas\/uploads\/sites\/3\/2026\/01\/HP1-1536x1022.jpg 1536w, https:\/\/www.startlap.hu\/utazas\/uploads\/sites\/3\/2026\/01\/HP1-2048x1362.jpg 2048w, https:\/\/www.startlap.hu\/utazas\/uploads\/sites\/3\/2026\/01\/HP1-250x165.jpg 250w, https:\/\/www.startlap.hu\/utazas\/uploads\/sites\/3\/2026\/01\/HP1-526x350.jpg 526w\" sizes=\"auto, (max-width: 755px) 100vw, 755px\" \/><\/a><figcaption id=\"caption-attachment-101875\" class=\"wp-caption-text\">Fot\u00f3: Imagine<\/figcaption><\/figure>\n<p>A ki\u00e1ll\u00edt\u00e1son nemcsak n\u00e9z\u0151k\u00e9nt, hanem akt\u00edv r\u00e9sztvev\u0151k\u00e9nt is \u00e1t\u00e9lhetj\u00fck a var\u00e1zslatot:<\/p>\n<blockquote class=\"article__extraTxt\"><p>v\u00e1laszthatunk saj\u00e1t patr\u00f3nust, kipr\u00f3b\u00e1lhatjuk a kviddicset, var\u00e1zslatokat tanulhatnunk, s\u0151t, b\u00e1jitalkever\u00e9sben is pr\u00f3b\u00e1ra tehetj\u00fck magukat.<\/p><\/blockquote>\n<p>A t\u00e1rlat interakt\u00edv gal\u00e9ri\u00e1kon vezeti v\u00e9gig a vend\u00e9geket, ahol modern technol\u00f3giai megold\u00e1sok seg\u00edts\u00e9g\u00e9vel kel \u00e9letre a filmek vil\u00e1ga.<\/p>\n<figure id=\"attachment_101876\" aria-describedby=\"caption-attachment-101876\" style=\"width: 755px\" class=\"wp-caption alignnone\"><a href=\"https:\/\/www.startlap.hu\/utazas\/uploads\/sites\/3\/2026\/01\/HP2-scaled.jpg\"><img loading=\"lazy\" decoding=\"async\" class=\"size-article-size-large-image wp-image-101876\" src=\"https:\/\/www.startlap.hu\/utazas\/uploads\/sites\/3\/2026\/01\/HP2-755x504.jpg\" alt=\"\" width=\"755\" height=\"504\" srcset=\"https:\/\/www.startlap.hu\/utazas\/uploads\/sites\/3\/2026\/01\/HP2-755x504.jpg 755w, https:\/\/www.startlap.hu\/utazas\/uploads\/sites\/3\/2026\/01\/HP2-1536x1024.jpg 1536w, https:\/\/www.startlap.hu\/utazas\/uploads\/sites\/3\/2026\/01\/HP2-2048x1366.jpg 2048w, https:\/\/www.startlap.hu\/utazas\/uploads\/sites\/3\/2026\/01\/HP2-525x350.jpg 525w\" sizes=\"auto, (max-width: 755px) 100vw, 755px\" \/><\/a><figcaption id=\"caption-attachment-101876\" class=\"wp-caption-text\">Fot\u00f3: Imagine<\/figcaption><\/figure>\n<p>A ki\u00e1ll\u00edt\u00e1s r\u00e9szleteit titkol\u00f3z\u00e1s \u00e9s misztikum \u00f6vezi; az interneten is kev\u00e9s inform\u00e1ci\u00f3 lelhet\u0151 fel r\u00f3la. Azt azonban a szervez\u0151k el\u00e1rult\u00e1k, hogy a t\u00e1rlat egyik k\u00fcl\u00f6nlegess\u00e9ge, hogy a Broadway-siker, Tony-d\u00edjas sz\u00edndarab <em>Harry Potter \u00e9s az el\u00e1tkozott gyermek<\/em> vil\u00e1g\u00e1t is bemutatja, \u00edgy nemcsak a filmek, hanem a sz\u00ednh\u00e1zi adapt\u00e1ci\u00f3 rajong\u00f3inak is hatalmas \u00e9lm\u00e9nyt k\u00edn\u00e1l.<\/p>\n<figure id=\"attachment_101877\" aria-describedby=\"caption-attachment-101877\" style=\"width: 755px\" class=\"wp-caption alignnone\"><a href=\"https:\/\/www.startlap.hu\/utazas\/uploads\/sites\/3\/2026\/01\/HP3-scaled.jpg\"><img loading=\"lazy\" decoding=\"async\" class=\"size-article-size-large-image wp-image-101877\" src=\"https:\/\/www.startlap.hu\/utazas\/uploads\/sites\/3\/2026\/01\/HP3-755x502.jpg\" alt=\"\" width=\"755\" height=\"502\" srcset=\"https:\/\/www.startlap.hu\/utazas\/uploads\/sites\/3\/2026\/01\/HP3-755x502.jpg 755w, https:\/\/www.startlap.hu\/utazas\/uploads\/sites\/3\/2026\/01\/HP3-1536x1022.jpg 1536w, https:\/\/www.startlap.hu\/utazas\/uploads\/sites\/3\/2026\/01\/HP3-2048x1362.jpg 2048w, https:\/\/www.startlap.hu\/utazas\/uploads\/sites\/3\/2026\/01\/HP3-250x165.jpg 250w, https:\/\/www.startlap.hu\/utazas\/uploads\/sites\/3\/2026\/01\/HP3-526x350.jpg 526w\" sizes=\"auto, (max-width: 755px) 100vw, 755px\" \/><\/a><figcaption id=\"caption-attachment-101877\" class=\"wp-caption-text\">Fot\u00f3: Imagine<\/figcaption><\/figure>\n<h2>Nem olcs\u00f3 a bel\u00e9p\u0151jegy: ennyi\u00e9rt n\u00e9zheted meg a ki\u00e1ll\u00edt\u00e1st<\/h2>\n<p>A <strong>teljes \u00e1r\u00fa bel\u00e9p\u0151jegyek \u00e1ra 12 490 forint, a kedvezm\u00e9nyes jegy\u00e1r pedig 10 990 forint<\/strong> \u2013 ezt a jegyt\u00edpust a 14 alatti gyermekek, nyugd\u00edjasok, illetve pedag\u00f3gusok sz\u00e1m\u00e1ra v\u00e1s\u00e1rolhatjuk meg. A bel\u00e9p\u00e9s 4 \u00e9v alatti gyermekek sz\u00e1m\u00e1ra d\u00edjmentes, ugyanakkor babakocsi nem vihet\u0151 be a ki\u00e1ll\u00edt\u00e1sra. Amennyiben csal\u00e1ddal \u00e9rkez\u00fcnk \u2013 k\u00e9t feln\u0151tt \u00e9s k\u00e9t 4-14 \u00e9v k\u00f6z\u00f6tti gyermek, illetve egy feln\u0151tt \u00e9s h\u00e1rom gyermek csoportjak\u00e9nt \u2013 akkor a kedvezm\u00e9nyes csal\u00e1di \u00e1r fejenk\u00e9nt szint\u00e9n 10 990 forint. A helysz\u00edni jegyp\u00e9nzt\u00e1rban SZ\u00c9P-k\u00e1rty\u00e1val is m\u00f3dunkban \u00e1ll fizetni.<\/p>\n<p>A ki\u00e1ll\u00edt\u00e1s sz\u00f6vege <strong>magyar \u00e9s angol nyelven egyar\u00e1nt el\u00e9rhet\u0151<\/strong>, a ki\u00e1ll\u00edt\u00f3t\u00e9r pedig teljesen <strong>akad\u00e1lymentes<\/strong>, kerekessz\u00e9kkel is l\u00e1togathat\u00f3.<\/p>\n<p>A helysz\u00ednre a legk\u00f6nnyebben<strong> aut\u00f3val \u00e9rkezhet\u00fcnk<\/strong> Budapest fel\u0151l, a 11-es \u00faton. A ki\u00e1ll\u00edt\u00f3t\u00e9r mellett fizet\u0151s parkol\u00f3 \u00e1ll rendelkez\u00e9sre, <strong>a parkol\u00e1s d\u00edja 1000 forint.<\/strong><\/p>\n<p>A pontos nyitvatart\u00e1s \u00e9s l\u00e1togat\u00e1si id\u0151pontok a <a href=\"https:\/\/www.cts.eventim.hu\/campaign\/harry-potter-kiallitas-szentendre-hpz\" target=\"_blank\" target=\"_blank\" rel=\"noopener\">ki\u00e1ll\u00edt\u00e1s hivatalos oldal\u00e1n<\/a> \u00e9rhet\u0151k el.<\/p>\n<div class=\"o-widget m-readMoreWidget -readMore u-shortDecorLineAfter row widget-container _ce_measure_widget bigdata-widget read-more\" data-ce-measure-widget=\"olvass tov\u00e1bb\">\n\t<div class=\"m-readMoreWidget__imgWrapper image-wrapper col-12 col-md-4 no-p\">\n\t\t<a class=\"m-readMoreWidget__imgLink\" href=\"https:\/\/www.startlap.hu\/utazas\/tel-nyaralas-kanari-szigetek-el-hierro-fotok\/\" >\n\t\t\t<img decoding=\"async\" src=\"https:\/\/www.startlap.hu\/utazas\/uploads\/sites\/3\/2026\/01\/elhierro-04-350x285.jpg\" class=\"m-readMoreWidget__img\">\n\t\t<\/a>\n\t<\/div>\n\t<div class=\"m-readMoreWidget__titleWrapper title-wrapper col-12 col-md-8\">\n\t\t<span class=\"m-readMoreWidget__titleLabel u-shortDecorLineBefore label hidden-sm-up\">Ez is \u00e9rdekelhet:<\/span>\n\t\t<h3 class=\"m-readMoreWidget__title title\">\n\t\t\t<a class=\"m-readMoreWidget__titleLink -secondFont u-bold u-upperCase\" href=\"https:\/\/www.startlap.hu\/utazas\/tel-nyaralas-kanari-szigetek-el-hierro-fotok\/\" >T\u00e9len is 20 fok, nyugalom &#8211; a &#8222;titkos&#8221; eur\u00f3pai sziget, ahol alig van turista<\/a>\n\t\t<\/h3>\n\t\t<a class=\"m-readMoreWidget__btn -coloredBack u-tC link\" href=\"https:\/\/www.startlap.hu\/utazas\/tel-nyaralas-kanari-szigetek-el-hierro-fotok\/\" >Elolvasom<\/a>\n\t<\/div>\n<\/div>\n","protected":false},"excerpt":{"rendered":"<p>Az ikonikus Harry Potter-filmek \u00e9s k\u00f6nyvek gyerekek \u00e9s feln\u0151ttek kedvencei: most mindenki \u00e1t\u00e9lheti a var\u00e1zsl\u00f3vil\u00e1g izgalmait Szentendr\u00e9n!<\/p>\n","protected":false},"author":63,"featured_media":101875,"comment_status":"closed","ping_status":"closed","sticky":false,"template":"","format":"standard","meta":{"footnotes":""},"categories":[7],"tags":[792,809,1958,911],"class_list":["post-101835","post","type-post","status-publish","format-standard","has-post-thumbnail","hentry","category-belfold-utazas","tag-film","tag-harry-potter","tag-kiallitas","tag-szentendre"],"aioseo_notices":[],"_links":{"self":[{"href":"https:\/\/www.startlap.hu\/utazas\/wp-json\/wp\/v2\/posts\/101835","targetHints":{"allow":["GET"]}}],"collection":[{"href":"https:\/\/www.startlap.hu\/utazas\/wp-json\/wp\/v2\/posts"}],"about":[{"href":"https:\/\/www.startlap.hu\/utazas\/wp-json\/wp\/v2\/types\/post"}],"author":[{"embeddable":true,"href":"https:\/\/www.startlap.hu\/utazas\/wp-json\/wp\/v2\/users\/63"}],"replies":[{"embeddable":true,"href":"https:\/\/www.startlap.hu\/utazas\/wp-json\/wp\/v2\/comments?post=101835"}],"version-history":[{"count":5,"href":"https:\/\/www.startlap.hu\/utazas\/wp-json\/wp\/v2\/posts\/101835\/revisions"}],"predecessor-version":[{"id":101884,"href":"https:\/\/www.startlap.hu\/utazas\/wp-json\/wp\/v2\/posts\/101835\/revisions\/101884"}],"wp:featuredmedia":[{"embeddable":true,"href":"https:\/\/www.startlap.hu\/utazas\/wp-json\/wp\/v2\/media\/101875"}],"wp:attachment":[{"href":"https:\/\/www.startlap.hu\/utazas\/wp-json\/wp\/v2\/media?parent=101835"}],"wp:term":[{"taxonomy":"category","embeddable":true,"href":"https:\/\/www.startlap.hu\/utazas\/wp-json\/wp\/v2\/categories?post=101835"},{"taxonomy":"post_tag","embeddable":true,"href":"https:\/\/www.startlap.hu\/utazas\/wp-json\/wp\/v2\/tags?post=101835"}],"curies":[{"name":"wp","href":"https:\/\/api.w.org\/{rel}","templated":true}]}}