{"id":101815,"date":"2026-01-25T20:04:53","date_gmt":"2026-01-25T19:04:53","guid":{"rendered":"https:\/\/www.startlap.hu\/utazas\/?p=101815"},"modified":"2026-01-25T20:07:00","modified_gmt":"2026-01-25T19:07:00","slug":"ensz-legjobb-falvak-magyarorszag-lista","status":"publish","type":"post","link":"https:\/\/www.startlap.hu\/utazas\/ensz-legjobb-falvak-magyarorszag-lista\/","title":{"rendered":"K\u00e9t rejtett magyar telep\u00fcl\u00e9s is van a vil\u00e1g 52 legjobb turisztikai falvainak list\u00e1j\u00e1n"},"content":{"rendered":"<p>Az ENSZ Turisztikai Vil\u00e1gszervezete tavaly \u00e9v v\u00e9g\u00e9n \u00f6t\u00f6dik alkalommal hirdette ki \u201eA vil\u00e1g legjobb turisztikai falvai\u201d elismer\u00e9sben r\u00e9szes\u00fclt telep\u00fcl\u00e9sek list\u00e1j\u00e1t. A program c\u00e9lja, hogy olyan vid\u00e9ki k\u00f6z\u00f6ss\u00e9geket emeljen ki, amelyek a turizmust a fenntarthat\u00f3 fejl\u0151d\u00e9s szolg\u00e1lat\u00e1ba \u00e1ll\u00edtj\u00e1k, mik\u00f6zben meg\u0151rzik term\u00e9szeti \u00e9s kultur\u00e1lis \u00e9rt\u00e9keiket.<\/p>\n<figure id=\"attachment_101818\" aria-describedby=\"caption-attachment-101818\" style=\"width: 755px\" class=\"wp-caption alignnone\"><img loading=\"lazy\" decoding=\"async\" class=\"size-article-size-large-image wp-image-101818\" src=\"https:\/\/www.startlap.hu\/utazas\/uploads\/sites\/3\/2026\/01\/falu-templomtorony-755x503.jpg\" alt=\"Templomtorony egy faluban\" width=\"755\" height=\"503\" srcset=\"https:\/\/www.startlap.hu\/utazas\/uploads\/sites\/3\/2026\/01\/falu-templomtorony-755x503.jpg 755w, https:\/\/www.startlap.hu\/utazas\/uploads\/sites\/3\/2026\/01\/falu-templomtorony-525x350.jpg 525w, https:\/\/www.startlap.hu\/utazas\/uploads\/sites\/3\/2026\/01\/falu-templomtorony.jpg 1280w\" sizes=\"auto, (max-width: 755px) 100vw, 755px\" \/><figcaption id=\"caption-attachment-101818\" class=\"wp-caption-text\">Fot\u00f3: Getty Images<\/figcaption><\/figure>\n<div class=\"o-widget m-readMoreWidget -readMore u-shortDecorLineAfter row widget-container _ce_measure_widget bigdata-widget read-more\" data-ce-measure-widget=\"olvass tov\u00e1bb\">\n\t<div class=\"m-readMoreWidget__imgWrapper image-wrapper col-12 col-md-4 no-p\">\n\t\t<a class=\"m-readMoreWidget__imgLink\" href=\"https:\/\/www.startlap.hu\/utazas\/leghavasabb-orszag-ho-havazas-rekord\/\" >\n\t\t\t<img decoding=\"async\" src=\"https:\/\/www.startlap.hu\/utazas\/uploads\/sites\/3\/2026\/01\/toyama-hoeses3-350x285.jpg\" class=\"m-readMoreWidget__img\">\n\t\t<\/a>\n\t<\/div>\n\t<div class=\"m-readMoreWidget__titleWrapper title-wrapper col-12 col-md-8\">\n\t\t<span class=\"m-readMoreWidget__titleLabel u-shortDecorLineBefore label hidden-sm-up\">Ez is \u00e9rdekelhet:<\/span>\n\t\t<h3 class=\"m-readMoreWidget__title title\">\n\t\t\t<a class=\"m-readMoreWidget__titleLink -secondFont u-bold u-upperCase\" href=\"https:\/\/www.startlap.hu\/utazas\/leghavasabb-orszag-ho-havazas-rekord\/\" >A vil\u00e1g leghavasabb orsz\u00e1ga, ahol magasabbak a h\u00f3torlaszok, mint a h\u00e1zak<\/a>\n\t\t<\/h3>\n\t\t<a class=\"m-readMoreWidget__btn -coloredBack u-tC link\" href=\"https:\/\/www.startlap.hu\/utazas\/leghavasabb-orszag-ho-havazas-rekord\/\" >Elolvasom<\/a>\n\t<\/div>\n<\/div>\n<p>A <strong>gy\u0151ztes 52 telep\u00fcl\u00e9st t\u00f6bb mint 270 p\u00e1ly\u00e1z\u00f3 k\u00f6z\u00fcl v\u00e1lasztott\u00e1k ki, a jel\u00f6l\u00e9sek 65 ENSZ-tag\u00e1llamb\u00f3l \u00e9rkeztek<\/strong>, ami j\u00f3l mutatja, mekkora nemzetk\u00f6zi \u00e9rdekl\u0151d\u00e9s \u00f6vezi a kezdem\u00e9nyez\u00e9st.<\/p>\n<p>Az ENSZ 2021-ben indult programj\u00e1nak keret\u00e9ben<\/p>\n<blockquote class=\"article__extraTxt\"><p>azokat a falvakat d\u00edjazz\u00e1k, amelyek&nbsp;egyszerre \u00e9lhet\u0151ek a helyi lakosok sz\u00e1m\u00e1ra, ugyanakkor vonz\u00f3ak a l\u00e1togat\u00f3knak is.<\/p><\/blockquote>\n<p>A legfontosabb szempontok az adott telep\u00fcl\u00e9sek term\u00e9szeti \u00e9s kultur\u00e1lis \u00e9rt\u00e9kei, hogy ezeket hogyan v\u00e9dik \u00e9s mutatj\u00e1k be, a telep\u00fcl\u00e9sek gazdas\u00e1gi, k\u00f6rnyezeti \u00e9s t\u00e1rsadalmi fenntarthat\u00f3s\u00e1ga, hogy mik\u00e9nt \u00e9p\u00fcl be a turizmus a helyi \u00e9letbe \u00e9s gazdas\u00e1gba, az infrastrukt\u00fara min\u0151s\u00e9ge, valamint hogy mennyire biztons\u00e1gos \u00e9s eg\u00e9szs\u00e9ges a k\u00f6rnyezetet.<\/p>\n<p>A 2025-\u00f6s \u00e9vben 29 orsz\u00e1g falvai ker\u00fcltek fel a rangsorra. Az al\u00e1bbiakban \u00e1b\u00e9c\u00e9 sorrendben olvashatod a tejes list\u00e1t.<\/p>\n<ul>\n<li>Agaete (Spanyolorsz\u00e1g);<\/li>\n<li>Akyaka (T\u00f6r\u00f6korsz\u00e1g);<\/li>\n<li>Aldea San Crist\u00f3bal El Alto (Guatemala);<\/li>\n<li>An\u0131tl\u0131 (T\u00f6r\u00f6korsz\u00e1g);<\/li>\n<li>Ant\u00f4nio Prado (Braz\u00edlia);<\/li>\n<li>Arqu\u00e0 Petrarca (Olaszorsz\u00e1g);<\/li>\n<li>Asolo (Olaszorsz\u00e1g);<\/li>\n<li>Asuka (Jap\u00e1n);<\/li>\n<li>Barbaros (T\u00f6r\u00f6korsz\u00e1g);<\/li>\n<li>Bellano (Olaszorsz\u00e1g);<\/li>\n<li>Bled (Szlov\u00e9nia);<\/li>\n<li>Carlos Pellegrini (Argent\u00edna);<\/li>\n<li>Chamarel (Mauritius);<\/li>\n<li>Digang (K\u00edna);<\/li>\n<li>Dongluo (K\u00edna);<\/li>\n<li>Ezcaray (Spanyolorsz\u00e1g);<\/li>\n<li>Fl\u00f6\u00dferstadt Schiltach (N\u00e9metorsz\u00e1g);<\/li>\n<li>Grand River South East (Mauritius);<\/li>\n<li>Hossz\u00fahet\u00e9ny (Magyarorsz\u00e1g);<\/li>\n<li>Huanggang (K\u00edna);<\/li>\n<li>Jikayi (K\u00edna);<\/li>\n<li>Kale \u00dc\u00e7a\u011f\u0131z (T\u00f6r\u00f6korsz\u00e1g);<\/li>\n<li>Kandelous (Ir\u00e1n);<\/li>\n<li>Ka\u0161telir Labinci (Horv\u00e1torsz\u00e1g);<\/li>\n<li>Khinalig (Azerbajdzs\u00e1n);<\/li>\n<li>Kolochava (Ukrajna);<\/li>\n<li>Koyasan (Jap\u00e1n);<\/li>\n<li>Krupa na Vrbasu (Bosznia-Hercegovina);<\/li>\n<li>Loriga (Portug\u00e1lia);<\/li>\n<li>L\u00f4 L\u00f4 Ch\u1ea3i (Vietnam);<\/li>\n<li>Maimar\u00e1 (Argent\u00edna);<\/li>\n<li>Marktgemeinde Bad Hindelang (N\u00e9metorsz\u00e1g);<\/li>\n<li>Masfout (Egyes\u00fclt Arab Em\u00edrs\u00e9gek);<\/li>\n<li>M\u00e9rtola (Portug\u00e1lia);<\/li>\n<li>M\u00f3rahalom (Magyarorsz\u00e1g);<\/li>\n<li>Muju Village (D\u00e9l-Korea);<\/li>\n<li>Murillo (Kolumbia);<\/li>\n<li>Neot Semadar (Izrael);<\/li>\n<li>North Azraq (Jord\u00e1nia);<\/li>\n<li>Pacto (Ecuador);<\/li>\n<li>Pemuteran (Indon\u00e9zia);<\/li>\n<li>Plateliai (Litv\u00e1nia);<\/li>\n<li>Pont-Croix (Franciaorsz\u00e1g);<\/li>\n<li>Quynh Son (Vietnam);<\/li>\n<li>Shafiabad (Ir\u00e1n);<\/li>\n<li>Shodoshima (Jap\u00e1n);<\/li>\n<li>Soheili (Ir\u00e1n);<\/li>\n<li>Synevyrska Polyana (Ukrajna);<\/li>\n<li>Tonosho (Jap\u00e1n);<\/li>\n<li>Valendas (Sv\u00e1jc);<\/li>\n<li>Vila Nogueira de Azeit\u00e3o (Portug\u00e1lia);<\/li>\n<li>Yangsuri (D\u00e9l-Korea).<\/li>\n<\/ul>\n<h2>Baranya \u00e9s Csongr\u00e1d-Csan\u00e1d az ENSZ list\u00e1j\u00e1n<\/h2>\n<p>A toplist\u00e1ba k\u00e9t magyar telep\u00fcl\u00e9s ker\u00fclt be:<\/p>\n<blockquote class=\"article__extraTxt\"><p>a Mecsek d\u00e9li l\u00e1b\u00e1n\u00e1l, P\u00e9cst\u0151l nem messze fekv\u0151 Hossz\u00fahet\u00e9ny, valamint a D\u00e9l-Alf\u00f6ld\u00f6n, Szeged k\u00f6zel\u00e9ben tal\u00e1lhat\u00f3 M\u00f3rahalom.<\/p><\/blockquote>\n<p><strong>Hossz\u00fahet\u00e9ny a term\u00e9szetk\u00f6zeli turizmus egyik hazai mintap\u00e9ld\u00e1ja<\/strong>: t\u00fara\u00fatvonalak, kil\u00e1t\u00f3pontok, tan\u00f6sv\u00e9nyek \u00e9s csendes v\u00f6lgyek veszik k\u00f6r\u00fcl. A k\u00f6rny\u00e9k kiv\u00e1l\u00f3 a gyalogos \u00e9s ker\u00e9kp\u00e1ros kir\u00e1ndul\u00e1sokhoz, a faluban pedig er\u0151s a helyi k\u00f6z\u00f6ss\u00e9gi \u00e9let \u00e9s a hagyom\u00e1ny\u0151rz\u00e9s. <strong><a href=\"https:\/\/www.startlap.hu\/utazas\/morahalom-gyogyhely-elismeres-covid\/\" target=\"_blank\" rel=\"noopener\">M\u00f3rahalom<\/a> legink\u00e1bb gy\u00f3gy- \u00e9s wellness-turizmus\u00e1r\u00f3l ismert<\/strong>. A v\u00e1ros k\u00f6zpontj\u00e1ban m\u0171k\u00f6d\u0151 Szent Erzs\u00e9bet Gy\u00f3gyf\u00fcrd\u0151 orsz\u00e1gosan is h\u00edres. A k\u00f6rny\u00e9k tanyavil\u00e1ga, a homokh\u00e1ts\u00e1gi t\u00e1j, valamint a gasztron\u00f3mia \u2013 k\u00fcl\u00f6n\u00f6sen a paprika \u00e9s a d\u00e9l-alf\u00f6ldi \u00edzek \u2013 szint\u00e9n fontos vonzer\u0151t jelentenek.&nbsp;<\/p>\n<p><strong><a href=\"https:\/\/www.untourism.int\/es\/news\/onu-turismo-anuncia-los-best-tourism-villages-2025-52-comunidades-impulsan-el-turismo-en-pos-del-desarrollo-rural\" target=\"_blank\" target=\"_blank\" rel=\"noopener\">via<\/a><\/strong><\/p>\n<div class=\"o-widget m-readMoreWidget -readMore u-shortDecorLineAfter row widget-container _ce_measure_widget bigdata-widget read-more\" data-ce-measure-widget=\"olvass tov\u00e1bb\">\n\t<div class=\"m-readMoreWidget__imgWrapper image-wrapper col-12 col-md-4 no-p\">\n\t\t<a class=\"m-readMoreWidget__imgLink\" href=\"https:\/\/www.startlap.hu\/utazas\/yama-budapest-trip-advisor-fine-dining-toplista\/\" >\n\t\t\t<img decoding=\"async\" src=\"https:\/\/www.startlap.hu\/utazas\/uploads\/sites\/3\/2026\/01\/pincer_tanyer_etterem_-350x285.jpg\" class=\"m-readMoreWidget__img\">\n\t\t<\/a>\n\t<\/div>\n\t<div class=\"m-readMoreWidget__titleWrapper title-wrapper col-12 col-md-8\">\n\t\t<span class=\"m-readMoreWidget__titleLabel u-shortDecorLineBefore label hidden-sm-up\">Ez is \u00e9rdekelhet:<\/span>\n\t\t<h3 class=\"m-readMoreWidget__title title\">\n\t\t\t<a class=\"m-readMoreWidget__titleLink -secondFont u-bold u-upperCase\" href=\"https:\/\/www.startlap.hu\/utazas\/yama-budapest-trip-advisor-fine-dining-toplista\/\" >Budapesti \u00e9tterem is helyet kapott a vil\u00e1g legjobb fine dining \u00e9ttermei k\u00f6z\u00f6tt<\/a>\n\t\t<\/h3>\n\t\t<a class=\"m-readMoreWidget__btn -coloredBack u-tC link\" href=\"https:\/\/www.startlap.hu\/utazas\/yama-budapest-trip-advisor-fine-dining-toplista\/\" >Elolvasom<\/a>\n\t<\/div>\n<\/div>\n","protected":false},"excerpt":{"rendered":"<p>Az ENSZ Turisztikai Vil\u00e1gszervezete k\u00f6zel 300 p\u00e1ly\u00e1z\u00f3 k\u00f6z\u00fcl v\u00e1lasztott ki k\u00e9t kev\u00e9sb\u00e9 ismert magyar falut.<\/p>\n","protected":false},"author":14,"featured_media":101818,"comment_status":"closed","ping_status":"closed","sticky":false,"template":"","format":"standard","meta":{"footnotes":""},"categories":[70],"tags":[3573,1923,1911,408],"class_list":["post-101815","post","type-post","status-publish","format-standard","has-post-thumbnail","hentry","category-vilag","tag-ensz","tag-falusi-turizmus","tag-morahalom","tag-turizmus"],"aioseo_notices":[],"_links":{"self":[{"href":"https:\/\/www.startlap.hu\/utazas\/wp-json\/wp\/v2\/posts\/101815","targetHints":{"allow":["GET"]}}],"collection":[{"href":"https:\/\/www.startlap.hu\/utazas\/wp-json\/wp\/v2\/posts"}],"about":[{"href":"https:\/\/www.startlap.hu\/utazas\/wp-json\/wp\/v2\/types\/post"}],"author":[{"embeddable":true,"href":"https:\/\/www.startlap.hu\/utazas\/wp-json\/wp\/v2\/users\/14"}],"replies":[{"embeddable":true,"href":"https:\/\/www.startlap.hu\/utazas\/wp-json\/wp\/v2\/comments?post=101815"}],"version-history":[{"count":3,"href":"https:\/\/www.startlap.hu\/utazas\/wp-json\/wp\/v2\/posts\/101815\/revisions"}],"predecessor-version":[{"id":101821,"href":"https:\/\/www.startlap.hu\/utazas\/wp-json\/wp\/v2\/posts\/101815\/revisions\/101821"}],"wp:featuredmedia":[{"embeddable":true,"href":"https:\/\/www.startlap.hu\/utazas\/wp-json\/wp\/v2\/media\/101818"}],"wp:attachment":[{"href":"https:\/\/www.startlap.hu\/utazas\/wp-json\/wp\/v2\/media?parent=101815"}],"wp:term":[{"taxonomy":"category","embeddable":true,"href":"https:\/\/www.startlap.hu\/utazas\/wp-json\/wp\/v2\/categories?post=101815"},{"taxonomy":"post_tag","embeddable":true,"href":"https:\/\/www.startlap.hu\/utazas\/wp-json\/wp\/v2\/tags?post=101815"}],"curies":[{"name":"wp","href":"https:\/\/api.w.org\/{rel}","templated":true}]}}