{"id":101807,"date":"2026-01-24T19:17:31","date_gmt":"2026-01-24T18:17:31","guid":{"rendered":"https:\/\/www.startlap.hu\/utazas\/?p=101807"},"modified":"2026-01-24T19:17:31","modified_gmt":"2026-01-24T18:17:31","slug":"tavaszi-oraatallitas-2026-napnyugta","status":"publish","type":"post","link":"https:\/\/www.startlap.hu\/utazas\/tavaszi-oraatallitas-2026-napnyugta\/","title":{"rendered":"Hamarabb lesz \u00f3ra\u00e1t\u00e1ll\u00edt\u00e1s 2026-ban &#8211; ekkor j\u00f6nnek az este 8 ut\u00e1ni naplement\u00e9k"},"content":{"rendered":"<p>Az \u00e9v jelenlegi szakasz\u00e1ban \u00e1ltal\u00e1ban k\u00e9t visszat\u00e9r\u0151 eleme van a h\u00e9tk\u00f6znapi besz\u00e9lget\u00e9seknek: hogy mennyire <a href=\"https:\/\/www.startlap.hu\/utazas\/extrem-hideg-idojaras-sivatagi-eso-tropusi-havazas-kina-fagy-2026-tel\/\" target=\"_blank\" rel=\"noopener\">hideg<\/a> van odakint, \u00e9s milyen nyomaszt\u00f3 a korai s\u00f6t\u00e9ted\u00e9s. A j\u00f3 h\u00edr, hogy mindez m\u00e1r nem tart sok\u00e1ig &#8211; h\u00edvta fel r\u00e1 a figyelmet a <strong><a href=\"https:\/\/www.timeout.com\/uk\/news\/the-clocks-will-change-earlier-than-usual-in-britain-in-2026-heres-when-the-uk-will-get-8pm-sunsets-012326\" target=\"_blank\" target=\"_blank\" rel=\"noopener\">TimeOut<\/a><\/strong>.<\/p>\n<div class=\"o-widget m-readMoreWidget -readMore u-shortDecorLineAfter row widget-container _ce_measure_widget bigdata-widget read-more\" data-ce-measure-widget=\"olvass tov\u00e1bb\">\n\t<div class=\"m-readMoreWidget__imgWrapper image-wrapper col-12 col-md-4 no-p\">\n\t\t<a class=\"m-readMoreWidget__imgLink\" href=\"https:\/\/www.startlap.hu\/utazas\/teljes-napfogyatkozas-2027-augusztus-hat-perces-rekord\/\" >\n\t\t\t<img decoding=\"async\" src=\"https:\/\/www.startlap.hu\/utazas\/uploads\/sites\/3\/2024\/04\/napfogyatkozas-01-350x285.jpg\" class=\"m-readMoreWidget__img\">\n\t\t<\/a>\n\t<\/div>\n\t<div class=\"m-readMoreWidget__titleWrapper title-wrapper col-12 col-md-8\">\n\t\t<span class=\"m-readMoreWidget__titleLabel u-shortDecorLineBefore label hidden-sm-up\">Ez is \u00e9rdekelhet:<\/span>\n\t\t<h3 class=\"m-readMoreWidget__title title\">\n\t\t\t<a class=\"m-readMoreWidget__titleLink -secondFont u-bold u-upperCase\" href=\"https:\/\/www.startlap.hu\/utazas\/teljes-napfogyatkozas-2027-augusztus-hat-perces-rekord\/\" >Hat percre els\u00f6t\u00e9t\u00fcl az \u00e9g nappal: m\u00e1r foglalj\u00e1k a sz\u00e1llod\u00e1kat a ritka napfogyatkoz\u00e1sra &#8211; ami ezut\u00e1n csak 2114-ben lesz l\u00e1that\u00f3<\/a>\n\t\t<\/h3>\n\t\t<a class=\"m-readMoreWidget__btn -coloredBack u-tC link\" href=\"https:\/\/www.startlap.hu\/utazas\/teljes-napfogyatkozas-2027-augusztus-hat-perces-rekord\/\" >Elolvasom<\/a>\n\t<\/div>\n<\/div>\n<p>Ahogy a cikkben \u0151k is megjegyzik, ugyan azt m\u00e9g nem lehet megmondani, hogy pontosan <a href=\"https:\/\/kiderul.startlap.hu\/elorejelzes\/ennyi-volt-a-tel-idenre-meddig-tart-az-enyhules\/\" target=\"_blank\" rel=\"noopener\">mikor lesz melegebb az id\u0151j\u00e1r\u00e1s<\/a>, azt azonban igen, hogy mikor kezd\u0151dnek majd az este 8 ut\u00e1ni naplement\u00e9k. A magyarorsz\u00e1gi adatok\u00e9rt a vil\u00e1g egyik legpontosabb, sz\u00e9les k\u00f6rben haszn\u00e1lt id\u0151z\u00f3na- \u00e9s csillag\u00e1szati adatb\u00e1zis\u00e1t h\u00edvtuk seg\u00edts\u00e9g\u00fcl.<\/p>\n<figure id=\"attachment_101809\" aria-describedby=\"caption-attachment-101809\" style=\"width: 755px\" class=\"wp-caption alignnone\"><a href=\"https:\/\/www.startlap.hu\/utazas\/uploads\/sites\/3\/2026\/01\/napsutes-lanchid.jpg\"><img loading=\"lazy\" decoding=\"async\" class=\"size-article-size-large-image wp-image-101809\" src=\"https:\/\/www.startlap.hu\/utazas\/uploads\/sites\/3\/2026\/01\/napsutes-lanchid-755x504.jpg\" alt=\"A L\u00e1nch\u00edd, h\u00e1tt\u00e9rben naps\u00fct\u00e9ssel.\" width=\"755\" height=\"504\" srcset=\"https:\/\/www.startlap.hu\/utazas\/uploads\/sites\/3\/2026\/01\/napsutes-lanchid-755x504.jpg 755w, https:\/\/www.startlap.hu\/utazas\/uploads\/sites\/3\/2026\/01\/napsutes-lanchid-1536x1024.jpg 1536w, https:\/\/www.startlap.hu\/utazas\/uploads\/sites\/3\/2026\/01\/napsutes-lanchid-2048x1366.jpg 2048w, https:\/\/www.startlap.hu\/utazas\/uploads\/sites\/3\/2026\/01\/napsutes-lanchid-525x350.jpg 525w\" sizes=\"auto, (max-width: 755px) 100vw, 755px\" \/><\/a><figcaption id=\"caption-attachment-101809\" class=\"wp-caption-text\">Fot\u00f3: Getty Images<\/figcaption><\/figure>\n<p>Azt term\u00e9szetesen a honlap n\u00e9lk\u00fcl is tudjuk:<\/p>\n<blockquote class=\"article__extraTxt\"><p>a tavaszi \u00f3ra\u00e1t\u00e1ll\u00edt\u00e1s mindig m\u00e1rcius utols\u00f3 vas\u00e1rnapj\u00e1n t\u00f6rt\u00e9nik.<\/p><\/blockquote>\n<p><strong>2026-ban ugyanakkor ez azt jelenti, hogy egy nappal kor\u00e1bban k\u00f6sz\u00f6nthetj\u00fck a vil\u00e1gosabb est\u00e9ket, mint tavaly<\/strong>. \u00c9s akkor most n\u00e9zz\u00fck a legfontosabb k\u00e9rd\u00e9seket, ami alapj\u00e1n m\u00e1r a tavaszi szabadt\u00e9ri programokat is elkezdhetj\u00fck tervezgetni.<\/p>\n<h2>Mikor lesz az \u00f3ra\u00e1t\u00e1ll\u00edt\u00e1s 2026-ban Magyarorsz\u00e1gon?<\/h2>\n<p>Magyarorsz\u00e1gon 2026-ban m\u00e1rcius 29-\u00e9n, vas\u00e1rnap \u00e1ll\u00edtjuk el\u0151re az \u00f3r\u00e1t a ny\u00e1ri id\u0151sz\u00e1m\u00edt\u00e1sra. Az \u00f3ra\u00e1t\u00e1ll\u00edt\u00e1s hajnalban t\u00f6rt\u00e9nik: hajnali 2 \u00f3rakor az \u00f3r\u00e1k 3 \u00f3r\u00e1ra ugranak el\u0151re, vagyis egy \u00f3r\u00e1val kevesebbet alszunk.<\/p>\n<h2>Nek\u00fcnk kell \u00e1t\u00e1ll\u00edtani az \u00f3r\u00e1kat?<\/h2>\n<p>A legt\u00f6bb modern eszk\u00f6z &#8211; mint p\u00e9ld\u00e1ul az <strong><a href=\"https:\/\/www.startlap.hu\/vasarlas\/legjobb-olcso-okostelefon-2025\/\" target=\"_blank\" rel=\"noopener\">okostelefonok<\/a><\/strong>, laptopok, okost\u00e9v\u00e9k, digit\u00e1lis \u00f3r\u00e1k &#8211; automatikusan \u00e1t\u00e1ll\u00edtja az id\u0151t. A r\u00e9gebbi \u00f3r\u00e1kat, konyhai k\u00e9sz\u00fcl\u00e9keket viszont k\u00e9zzel kell \u00e1t\u00e1ll\u00edtani.<\/p>\n<h2>Mikor nyugszik le a nap az \u00f3ra\u00e1t\u00e1ll\u00edt\u00e1s ut\u00e1n?<\/h2>\n<p>Az \u00f3ra\u00e1t\u00e1ll\u00edt\u00e1st k\u00f6vet\u0151en a nap m\u00e1r \u00e9rezhet\u0151en k\u00e9s\u0151bb nyugszik le Magyarorsz\u00e1gon. M\u00e1rcius 29-\u00e9n a naplemente id\u0151pontja Magyarorsz\u00e1gon 19.09-kor v\u00e1rhat\u00f3 a <a href=\"https:\/\/www.timeanddate.com\/sun\/hungary\/budapest?month=3&amp;year=2026\" target=\"_blank\" target=\"_blank\" rel=\"noopener\">Time and Date<\/a> adatb\u00e1zisa szerint.<\/p>\n<h2>Mikor lesz este 8 ut\u00e1ni naplemente Magyarorsz\u00e1gon?<\/h2>\n<p>Magyarorsz\u00e1gon 2026-ban \u00e1prilis k\u00f6zep\u00e9t\u0151l m\u00e1r egyre k\u00f6zelebb lesz\u00fcnk az este 8 \u00f3r\u00e1s naplement\u00e9khez, \u00e1prilis v\u00e9g\u00e9n 19.53-ra tehet\u0151 a napnyugta, m\u00e1jus 6-\u00e1n pedig m\u00e1r 20.02-kor k\u00f6vetkezik be.<\/p>\n<blockquote class=\"article__extraTxt\"><p>Ezut\u00e1n a nappalok tov\u00e1bb hosszabbodnak, \u00e9s a ny\u00e1ri napfordul\u00f3hoz k\u00f6zeledve egyre k\u00e9s\u0151bb s\u00f6t\u00e9tedik.<\/p><\/blockquote>\n<h2>Meddig tart a ny\u00e1ri id\u0151sz\u00e1m\u00edt\u00e1s 2026-ban?<\/h2>\n<p>A ny\u00e1ri id\u0151sz\u00e1m\u00edt\u00e1s 2026-ban okt\u00f3ber 25-ig tart majd, ekkor \u00e1ll\u00edtjuk vissza az \u00f3r\u00e1t a t\u00e9li id\u0151sz\u00e1m\u00edt\u00e1sra: hajnali 3 \u00f3rakor az \u00f3r\u00e1k 2 \u00f3r\u00e1ra ugranak vissza.<\/p>\n<div class=\"o-widget m-readMoreWidget -readMore u-shortDecorLineAfter row widget-container _ce_measure_widget bigdata-widget read-more\" data-ce-measure-widget=\"olvass tov\u00e1bb\">\n\t<div class=\"m-readMoreWidget__imgWrapper image-wrapper col-12 col-md-4 no-p\">\n\t\t<a class=\"m-readMoreWidget__imgLink\" href=\"https:\/\/www.startlap.hu\/utazas\/zanzibar-februar-33-fok-olcso-sor\/\" >\n\t\t\t<img decoding=\"async\" src=\"https:\/\/www.startlap.hu\/utazas\/uploads\/sites\/3\/2026\/01\/zanzibar2-350x285.jpg\" class=\"m-readMoreWidget__img\">\n\t\t<\/a>\n\t<\/div>\n\t<div class=\"m-readMoreWidget__titleWrapper title-wrapper col-12 col-md-8\">\n\t\t<span class=\"m-readMoreWidget__titleLabel u-shortDecorLineBefore label hidden-sm-up\">Ez is \u00e9rdekelhet:<\/span>\n\t\t<h3 class=\"m-readMoreWidget__title title\">\n\t\t\t<a class=\"m-readMoreWidget__titleLink -secondFont u-bold u-upperCase\" href=\"https:\/\/www.startlap.hu\/utazas\/zanzibar-februar-33-fok-olcso-sor\/\" >700 forint a s\u00f6r, 33 fok febru\u00e1rban: a paradicsomi sziget \u00edgy \u00e9rhet\u0151 el Magyarorsz\u00e1gr\u00f3l<\/a>\n\t\t<\/h3>\n\t\t<a class=\"m-readMoreWidget__btn -coloredBack u-tC link\" href=\"https:\/\/www.startlap.hu\/utazas\/zanzibar-februar-33-fok-olcso-sor\/\" >Elolvasom<\/a>\n\t<\/div>\n<\/div>\n","protected":false},"excerpt":{"rendered":"<p>2026 tavasz\u00e1n ism\u00e9t j\u00f6n az \u00f3ra\u00e1t\u00e1ll\u00edt\u00e1s, \u00e9s most egy nappal kor\u00e1bban k\u00f6sz\u00f6nthetj\u00fck a ny\u00e1ri id\u0151sz\u00e1m\u00edt\u00e1st, mint tavaly.<\/p>\n","protected":false},"author":45,"featured_media":101809,"comment_status":"closed","ping_status":"closed","sticky":false,"template":"","format":"standard","meta":{"footnotes":""},"categories":[70],"tags":[7000,3876,1589],"class_list":["post-101807","post","type-post","status-publish","format-standard","has-post-thumbnail","hentry","category-vilag","tag-napnyugta","tag-oraatallitas","tag-tavasz"],"aioseo_notices":[],"_links":{"self":[{"href":"https:\/\/www.startlap.hu\/utazas\/wp-json\/wp\/v2\/posts\/101807","targetHints":{"allow":["GET"]}}],"collection":[{"href":"https:\/\/www.startlap.hu\/utazas\/wp-json\/wp\/v2\/posts"}],"about":[{"href":"https:\/\/www.startlap.hu\/utazas\/wp-json\/wp\/v2\/types\/post"}],"author":[{"embeddable":true,"href":"https:\/\/www.startlap.hu\/utazas\/wp-json\/wp\/v2\/users\/45"}],"replies":[{"embeddable":true,"href":"https:\/\/www.startlap.hu\/utazas\/wp-json\/wp\/v2\/comments?post=101807"}],"version-history":[{"count":3,"href":"https:\/\/www.startlap.hu\/utazas\/wp-json\/wp\/v2\/posts\/101807\/revisions"}],"predecessor-version":[{"id":101811,"href":"https:\/\/www.startlap.hu\/utazas\/wp-json\/wp\/v2\/posts\/101807\/revisions\/101811"}],"wp:featuredmedia":[{"embeddable":true,"href":"https:\/\/www.startlap.hu\/utazas\/wp-json\/wp\/v2\/media\/101809"}],"wp:attachment":[{"href":"https:\/\/www.startlap.hu\/utazas\/wp-json\/wp\/v2\/media?parent=101807"}],"wp:term":[{"taxonomy":"category","embeddable":true,"href":"https:\/\/www.startlap.hu\/utazas\/wp-json\/wp\/v2\/categories?post=101807"},{"taxonomy":"post_tag","embeddable":true,"href":"https:\/\/www.startlap.hu\/utazas\/wp-json\/wp\/v2\/tags?post=101807"}],"curies":[{"name":"wp","href":"https:\/\/api.w.org\/{rel}","templated":true}]}}