{"id":101787,"date":"2026-01-24T11:14:03","date_gmt":"2026-01-24T10:14:03","guid":{"rendered":"https:\/\/www.startlap.hu\/utazas\/?p=101787"},"modified":"2026-01-24T11:14:23","modified_gmt":"2026-01-24T10:14:23","slug":"balaton-jeg-eletveszely-korcsolya","status":"publish","type":"post","link":"https:\/\/www.startlap.hu\/utazas\/balaton-jeg-eletveszely-korcsolya\/","title":{"rendered":"Kiadt\u00e1k a figyelmeztet\u00e9st: mindenkit \u00e9rint, aki a Balatonra megy!"},"content":{"rendered":"<p>Az operat\u00edv t\u00f6rzs mindenkit arra k\u00e9r, hogy term\u00e9szetes vizekn\u00e9l csak a kijel\u00f6lt ter\u00fcleten menjen a j\u00e9gre. Kiz\u00e1r\u00f3lag nappal, j\u00f3 l\u00e1t\u00e1si viszonyok k\u00f6z\u00f6tt, a part k\u00f6zel\u00e9ben szabad a j\u00e9gen tart\u00f3zkodni. A <strong><a href=\"https:\/\/www.startlap.hu\/utazas\/balaton-jeg-zamardi-2025-januar-17-dron-fotok\/\" target=\"_blank\" rel=\"noopener\">Balaton jeg\u00e9n<\/a><\/strong> t\u00f6bb helyen is reped\u00e9sek, <strong><a href=\"https:\/\/www.startlap.hu\/utazas\/balaton-rianas-jeg\/\" target=\"_blank\" rel=\"noopener\">rian\u00e1sok<\/a><\/strong> alakultak ki, helyenk\u00e9nt k\u00e1s\u00e1s, egyenetlen a j\u00e9g. Ezek a ter\u00fcletek \u00e9letvesz\u00e9lyesek! &#8211; hangs\u00falyozt\u00e1k.<\/p>\n<div class=\"o-widget m-readMoreWidget -readMore u-shortDecorLineAfter row widget-container _ce_measure_widget bigdata-widget read-more\" data-ce-measure-widget=\"olvass tov\u00e1bb\">\n\t<div class=\"m-readMoreWidget__imgWrapper image-wrapper col-12 col-md-4 no-p\">\n\t\t<a class=\"m-readMoreWidget__imgLink\" href=\"https:\/\/www.startlap.hu\/utazas\/leghavasabb-orszag-ho-havazas-rekord\/\" >\n\t\t\t<img decoding=\"async\" src=\"https:\/\/www.startlap.hu\/utazas\/uploads\/sites\/3\/2026\/01\/toyama-hoeses3-350x285.jpg\" class=\"m-readMoreWidget__img\">\n\t\t<\/a>\n\t<\/div>\n\t<div class=\"m-readMoreWidget__titleWrapper title-wrapper col-12 col-md-8\">\n\t\t<span class=\"m-readMoreWidget__titleLabel u-shortDecorLineBefore label hidden-sm-up\">Ez is \u00e9rdekelhet:<\/span>\n\t\t<h3 class=\"m-readMoreWidget__title title\">\n\t\t\t<a class=\"m-readMoreWidget__titleLink -secondFont u-bold u-upperCase\" href=\"https:\/\/www.startlap.hu\/utazas\/leghavasabb-orszag-ho-havazas-rekord\/\" >A vil\u00e1g leghavasabb orsz\u00e1ga, ahol magasabbak a h\u00f3torlaszok, mint a h\u00e1zak<\/a>\n\t\t<\/h3>\n\t\t<a class=\"m-readMoreWidget__btn -coloredBack u-tC link\" href=\"https:\/\/www.startlap.hu\/utazas\/leghavasabb-orszag-ho-havazas-rekord\/\" >Elolvasom<\/a>\n\t<\/div>\n<\/div>\n<h2>Csak 4 helyen szabad a Balatonon korcsoly\u00e1zni<\/h2>\n<p>A t\u00e1j\u00e9koztat\u00e1s szerint a Balatonon jelenleg csak<\/p>\n<ul>\n<li>a <a href=\"https:\/\/www.startlap.hu\/utazas\/keszthely-legjobb-latnivalok\/\" target=\"_blank\" rel=\"noopener\">keszthelyi<\/a> V\u00e1rosi Strandon,<\/li>\n<li>a balatonf\u00fcredi Esterh\u00e1zy Strandon,<\/li>\n<li>a balatongy\u00f6r\u00f6ki K\u00f6zs\u00e9gi Strandon,<\/li>\n<li>a z\u00e1nkai K\u00f6zponti Strandon<\/li>\n<\/ul>\n<p>szabad korcsoly\u00e1zni.<\/p>\n<figure id=\"attachment_101791\" aria-describedby=\"caption-attachment-101791\" style=\"width: 755px\" class=\"wp-caption alignnone\"><a href=\"https:\/\/www.startlap.hu\/utazas\/uploads\/sites\/3\/2026\/01\/balaton-jeg-scaled.jpg\"><img loading=\"lazy\" decoding=\"async\" class=\"size-article-size-large-image wp-image-101791\" src=\"https:\/\/www.startlap.hu\/utazas\/uploads\/sites\/3\/2026\/01\/balaton-jeg-755x503.jpg\" alt=\"A dr\u00f3nnal k\u00e9sz\u00fclt felv\u00e9telen a befagyott Balaton Zam\u00e1rdin\u00e1l \" width=\"755\" height=\"503\" srcset=\"https:\/\/www.startlap.hu\/utazas\/uploads\/sites\/3\/2026\/01\/balaton-jeg-755x503.jpg 755w, https:\/\/www.startlap.hu\/utazas\/uploads\/sites\/3\/2026\/01\/balaton-jeg-1536x1024.jpg 1536w, https:\/\/www.startlap.hu\/utazas\/uploads\/sites\/3\/2026\/01\/balaton-jeg-2048x1365.jpg 2048w, https:\/\/www.startlap.hu\/utazas\/uploads\/sites\/3\/2026\/01\/balaton-jeg-525x350.jpg 525w\" sizes=\"auto, (max-width: 755px) 100vw, 755px\" \/><\/a><figcaption id=\"caption-attachment-101791\" class=\"wp-caption-text\">A dr\u00f3nnal k\u00e9sz\u00fclt felv\u00e9telen a befagyott Balaton Zam\u00e1rdin\u00e1l 2026. janu\u00e1r 17-\u00e9n. Fot\u00f3: MTI\/Vasv\u00e1ri Tam\u00e1s<\/figcaption><\/figure>\n<h2>T\u00f6bb baleset is t\u00f6rt\u00e9nt<\/h2>\n<p>A Balatonon h\u00e1rom, a Zagyv\u00e1n egy esetben riasztott\u00e1k a t\u0171zolt\u00f3kat a j\u00e9gr\u0151l ment\u00e9shez.<\/p>\n<p><strong>P\u00e9nteken d\u00e9lut\u00e1n Si\u00f3fokon a Balaton jeg\u00e9r\u0151l mentettek ki egy 51 \u00e9ves n\u0151t a t\u0171zolt\u00f3k<\/strong>. A partt\u00f3l \u00f6tsz\u00e1z m\u00e9terre korcsoly\u00e1zott, amikor egy rian\u00e1s miatti egyenetlen j\u00e9gfel\u00fcleten elesett, beszakadt alatta a j\u00e9g \u00e9s elt\u00f6rt a bok\u00e1ja. A k\u00f6zlem\u00e9ny szerint a n\u0151 h\u00edvta a t\u0171zolt\u00f3kat, akik a j\u00e9gre helyezett l\u00e9tra seg\u00edts\u00e9g\u00e9vel tudt\u00e1k megk\u00f6zel\u00edteni a s\u00e9r\u00fcltet, akit egy speci\u00e1lis merevfal\u00fa hord\u00e1gyon vittek ki a partra.<\/p>\n<p>A m\u00e1sik balesetben <strong>Fony\u00f3don, a Panor\u00e1ma strandn\u00e1l egy kilom\u00e9terre a partt\u00f3l szakadt be egy 17 \u00e9ves fi\u00fa alatt a j\u00e9g<\/strong>, akit az anyja ki tudott h\u00fazni, de a rian\u00e1son nem mertek \u00e1tmenni, \u0151ket is a t\u0171zolt\u00f3k mentett\u00e9k ki.<\/p>\n<p>A t\u00e1j\u00e9koztat\u00f3ban kit\u00e9rtek arra, hogy bajba ker\u00fclt \u00e1llatok miatt is h\u00edvt\u00e1k a t\u0171zolt\u00f3kat. A d\u00e9lel\u0151tti \u00f3r\u00e1kban Hatvan k\u00fclter\u00fclet\u00e9n,<strong> a Zagyva vas\u00fati h\u00eddja mellett egy n\u00e9metjuh\u00e1szt mentettek a t\u0171zolt\u00f3k a foly\u00f3b\u00f3l<\/strong>. <strong>Balatonfenyvesen, a partt\u00f3l \u00f6tsz\u00e1z m\u00e9terre szint\u00e9n<\/strong> <strong>egy kutya alatt szakadt be a j\u00e9g, az \u0151 \u00e9let\u00e9t azonban a t\u0171zolt\u00f3k m\u00e1r nem tudt\u00e1k megmenteni<\/strong>.&nbsp;&nbsp;<\/p>\n<h2>Mit csin\u00e1lj, ha beszakad alattad a j\u00e9g?<\/h2>\n<p>Felh\u00edvt\u00e1k a figyelmet arra, hogy egyed\u00fcl senki ne menjen term\u00e9szetes v\u00edz jeg\u00e9re, a t\u00e1rsas\u00e1g minden tagj\u00e1n\u00e1l legyen felt\u00f6lt\u00f6tt mobiltelefon.<\/p>\n<p><strong>Amennyiben a j\u00e9gen ropog\u00e1st, recseg\u00e9st hallanak, azonnal hasaljanak le, hogy nagyobb testfel\u00fclettel legyenek a j\u00e9gen, ezzel is cs\u00f6kken a vesz\u00e9lye, hogy beszakad. Pr\u00f3b\u00e1ljanak a part fel\u00e9 hason cs\u00faszva eljutni.<\/strong><\/p>\n<blockquote class=\"article__extraTxt\"><p>Kiemelt\u00e9k: ha a j\u00e9g beszakad, k\u00eds\u00e9reljenek meg hassal felfek\u00fcdni a v\u00edzre \u00e9s mell\u00fasz\u00e1ssal r\u00e1\u00faszni a part fel\u0151li j\u00e9gre.<\/p><\/blockquote>\n<p>Amikor a k\u00f6rnyezet\u00fckben valaki a jeges v\u00edzbe esik, azonnal h\u00edvj\u00e1k a 112-es seg\u00e9lyh\u00edv\u00f3sz\u00e1mot!<\/p>\n<div class=\"o-widget m-readMoreWidget -readMore u-shortDecorLineAfter row widget-container _ce_measure_widget bigdata-widget read-more\" data-ce-measure-widget=\"olvass tov\u00e1bb\">\n\t<div class=\"m-readMoreWidget__imgWrapper image-wrapper col-12 col-md-4 no-p\">\n\t\t<a class=\"m-readMoreWidget__imgLink\" href=\"https:\/\/www.startlap.hu\/utazas\/tenerife-europa-tel-hideg-fagy-meleg\/\" >\n\t\t\t<img decoding=\"async\" src=\"https:\/\/www.startlap.hu\/utazas\/uploads\/sites\/3\/2026\/01\/GettyImages-601162583_11zon-350x285.jpg\" class=\"m-readMoreWidget__img\">\n\t\t<\/a>\n\t<\/div>\n\t<div class=\"m-readMoreWidget__titleWrapper title-wrapper col-12 col-md-8\">\n\t\t<span class=\"m-readMoreWidget__titleLabel u-shortDecorLineBefore label hidden-sm-up\">Ez is \u00e9rdekelhet:<\/span>\n\t\t<h3 class=\"m-readMoreWidget__title title\">\n\t\t\t<a class=\"m-readMoreWidget__titleLink -secondFont u-bold u-upperCase\" href=\"https:\/\/www.startlap.hu\/utazas\/tenerife-europa-tel-hideg-fagy-meleg\/\" >Febru\u00e1rban is 21 fok, egy f\u0151\u00e9tel 12\u201318 eur\u00f3: ez Eur\u00f3pa legnaposabb t\u00e9li \u00fati c\u00e9lja<\/a>\n\t\t<\/h3>\n\t\t<a class=\"m-readMoreWidget__btn -coloredBack u-tC link\" href=\"https:\/\/www.startlap.hu\/utazas\/tenerife-europa-tel-hideg-fagy-meleg\/\" >Elolvasom<\/a>\n\t<\/div>\n<\/div>\n","protected":false},"excerpt":{"rendered":"<p>Az enyh\u00fcl\u0151 id\u0151j\u00e1r\u00e1s miatt olvad a term\u00e9szetes vizek jege, ez\u00e9rt \u00e9letvesz\u00e9lyes a j\u00e9gen tart\u00f3zkodni, a Balatonon jelenleg n\u00e9gy helyen szabad korcsoly\u00e1zni.<\/p>\n","protected":false},"author":45,"featured_media":101791,"comment_status":"closed","ping_status":"closed","sticky":false,"template":"","format":"standard","meta":{"footnotes":""},"categories":[7],"tags":[279,8065,1278,5773],"class_list":["post-101787","post","type-post","status-publish","format-standard","has-post-thumbnail","hentry","category-belfold-utazas","tag-balaton","tag-belfoldi-tavak","tag-jeg","tag-korcsolya"],"aioseo_notices":[],"_links":{"self":[{"href":"https:\/\/www.startlap.hu\/utazas\/wp-json\/wp\/v2\/posts\/101787","targetHints":{"allow":["GET"]}}],"collection":[{"href":"https:\/\/www.startlap.hu\/utazas\/wp-json\/wp\/v2\/posts"}],"about":[{"href":"https:\/\/www.startlap.hu\/utazas\/wp-json\/wp\/v2\/types\/post"}],"author":[{"embeddable":true,"href":"https:\/\/www.startlap.hu\/utazas\/wp-json\/wp\/v2\/users\/45"}],"replies":[{"embeddable":true,"href":"https:\/\/www.startlap.hu\/utazas\/wp-json\/wp\/v2\/comments?post=101787"}],"version-history":[{"count":5,"href":"https:\/\/www.startlap.hu\/utazas\/wp-json\/wp\/v2\/posts\/101787\/revisions"}],"predecessor-version":[{"id":101793,"href":"https:\/\/www.startlap.hu\/utazas\/wp-json\/wp\/v2\/posts\/101787\/revisions\/101793"}],"wp:featuredmedia":[{"embeddable":true,"href":"https:\/\/www.startlap.hu\/utazas\/wp-json\/wp\/v2\/media\/101791"}],"wp:attachment":[{"href":"https:\/\/www.startlap.hu\/utazas\/wp-json\/wp\/v2\/media?parent=101787"}],"wp:term":[{"taxonomy":"category","embeddable":true,"href":"https:\/\/www.startlap.hu\/utazas\/wp-json\/wp\/v2\/categories?post=101787"},{"taxonomy":"post_tag","embeddable":true,"href":"https:\/\/www.startlap.hu\/utazas\/wp-json\/wp\/v2\/tags?post=101787"}],"curies":[{"name":"wp","href":"https:\/\/api.w.org\/{rel}","templated":true}]}}