{"id":101771,"date":"2026-01-23T18:03:42","date_gmt":"2026-01-23T17:03:42","guid":{"rendered":"https:\/\/www.startlap.hu\/utazas\/?p=101771"},"modified":"2026-01-23T17:34:21","modified_gmt":"2026-01-23T16:34:21","slug":"disznotor-orszagos-programajanlo-falusi-disznovagas-2026","status":"publish","type":"post","link":"https:\/\/www.startlap.hu\/utazas\/disznotor-orszagos-programajanlo-falusi-disznovagas-2026\/","title":{"rendered":"Diszn\u00f3torok orsz\u00e1gszerte 2026: itt v\u00e1rnak a t\u00e9li gasztroprogramok"},"content":{"rendered":"<p>Egykor a sert\u00e9sh\u00edzlal\u00e1s befejez\u00e9s\u00e9t \u00e9s a t\u00e9l cs\u00facspontj\u00e1t jelentette a diszn\u00f3tor: ilyenkor a csal\u00e1dok \u00e9s bar\u00e1tok \u00f6sszegy\u0171ltek a falvakban, hogy egy\u00fctt dolgozzanak, azt\u00e1n \u00fcnnepeljenek. A h\u00fasfeldolgoz\u00e1s (<a href=\"https:\/\/www.nosalty.hu\/recept\/majas-veres-hurka\" target=\"_blank\" target=\"_blank\" rel=\"noopener\">v\u00e9res hurka<\/a>, kolb\u00e1sz, toros k\u00e1poszta, s\u00fclt v\u00e9r) nem csup\u00e1n gasztron\u00f3miai, hanem k\u00f6z\u00f6ss\u00e9gi esem\u00e9ny is volt, amely a t\u00e9li h\u00f3napok leghangosabb, leg\u00edzletesebb id\u0151szak\u00e1t jel\u00f6lte.<strong> Ma m\u00e1r fesztiv\u00e1lok, v\u00e1rosi rendezv\u00e9nyek \u00e9s tematikus programok is form\u00e1lj\u00e1k ezt az \u00e9lm\u00e9nyt<\/strong>, mik\u00f6zben a tradicion\u00e1lis folyamatok, k\u00f3stol\u00f3k \u00e9s \u00e9l\u0151 bemutat\u00f3k tov\u00e1bb \u0151rzik a hagyom\u00e1nyt.<\/p>\n<figure id=\"attachment_101775\" aria-describedby=\"caption-attachment-101775\" style=\"width: 755px\" class=\"wp-caption alignnone\"><a href=\"https:\/\/www.startlap.hu\/utazas\/uploads\/sites\/3\/2026\/01\/GettyImages-2190377236_11zon.jpg\"><img loading=\"lazy\" decoding=\"async\" class=\"size-article-size-large-image wp-image-101775\" src=\"https:\/\/www.startlap.hu\/utazas\/uploads\/sites\/3\/2026\/01\/GettyImages-2190377236_11zon-755x503.jpg\" alt=\"T\u00f6p\u00f6rty\u0171 Keny\u00e9rrel\" width=\"755\" height=\"503\" srcset=\"https:\/\/www.startlap.hu\/utazas\/uploads\/sites\/3\/2026\/01\/GettyImages-2190377236_11zon-755x503.jpg 755w, https:\/\/www.startlap.hu\/utazas\/uploads\/sites\/3\/2026\/01\/GettyImages-2190377236_11zon-1536x1024.jpg 1536w, https:\/\/www.startlap.hu\/utazas\/uploads\/sites\/3\/2026\/01\/GettyImages-2190377236_11zon-525x350.jpg 525w, https:\/\/www.startlap.hu\/utazas\/uploads\/sites\/3\/2026\/01\/GettyImages-2190377236_11zon.jpg 1696w\" sizes=\"auto, (max-width: 755px) 100vw, 755px\" \/><\/a><figcaption id=\"caption-attachment-101775\" class=\"wp-caption-text\">Fot\u00f3: Getty Images<\/figcaption><\/figure>\n<p><strong>Mutatjuk a szerint\u00fcnk legjobb diszn\u00f3toros programokat 2026-ban!<\/strong><\/p>\n<h2>01.24. P\u00f6rc \u00e9s Pecsenye \u2013 G\u00e9berj\u00e9n<\/h2>\n<p>Id\u00e9n is megrendezik a \u201eP\u00f6rc \u00e9s Pecsenye\u201d diszn\u00f3toros gasztrofesztiv\u00e1lt <strong>G\u00e9berj\u00e9nben<\/strong>, imm\u00e1r harmadik alkalommal. Az esem\u00e9nyen a versenyz\u0151 csapatok hagyom\u00e1nyos diszn\u00f3toros \u00e9telekkel \u2013 p\u00f6rc, pecsenye, kolb\u00e1sz \u00e9s m\u00e1s falusi \u00edzek \u2013 m\u00e9rik \u00f6ssze tud\u00e1sukat, a l\u00e1togat\u00f3k pedig megk\u00f3stolhatj\u00e1k az eredm\u00e9nyeket. A rendezv\u00e9ny c\u00e9lja, hogy meg\u0151rizze \u00e9s bemutassa a vid\u00e9ki gasztron\u00f3miai hagyom\u00e1nyokat, emellett kultur\u00e1lis programok, k\u00f3stol\u00f3k \u00e9s k\u00f6z\u00f6ss\u00e9gi hangulat is v\u00e1rja a vend\u00e9geket.<\/p>\n<h2>01.24. K\u00f6zs\u00e9gi Diszn\u00f3tor \u2013 Als\u00f3n\u00e9medi<\/h2>\n<p>Als\u00f3n\u00e9mediben a Faluh\u00e1z udvar\u00e1n tartj\u00e1k a k\u00f6zs\u00e9gi diszn\u00f3toros programot, ahol a r\u00e9sztvev\u0151k hagyom\u00e1nyos falusi diszn\u00f3toros eb\u00e9det fogyaszthatnak. A rendezv\u00e9ny a helyi k\u00f6z\u00f6ss\u00e9gre \u00e9s a gasztron\u00f3mi\u00e1ra f\u00f3kusz\u00e1l, <strong>ide\u00e1lis v\u00e1laszt\u00e1s azoknak, akik <a href=\"https:\/\/www.startlap.hu\/utazas\/budapest-rejtely-kviz\/\" target=\"_blank\" rel=\"noopener\">Budapesthez<\/a> k\u00f6zel keresnek autentikus vid\u00e9ki \u00edzeket egy t\u00e9li h\u00e9tv\u00e9g\u00e9n.<\/strong><\/p>\n<h2>01.30\u201302.01. Diszn\u00f3toros h\u00e9tv\u00e9ge \u2013 Kiskunmajsa<\/h2>\n<p>A Jonatherm\u00e1l Motel 2026 elej\u00e9n <strong>h\u00e1rom alkalommal is diszn\u00f3toros h\u00e9tv\u00e9g\u00e9vel v\u00e1rja a vend\u00e9geket Kiskunmajs\u00e1n.<\/strong> A csomagaj\u00e1nlat k\u00e9t \u00e9jszaka sz\u00e1ll\u00e1st, h\u00e1rom napos korl\u00e1tlan f\u00fcrd\u0151bel\u00e9p\u0151t, \u00e9jszakai f\u00fcrd\u0151z\u00e9st \u00e9s a diszn\u00f3toros programon val\u00f3 r\u00e9szv\u00e9telt tartalmaz k\u00e9t f\u0151 r\u00e9sz\u00e9re. A p\u00e9ntek esti bemeleg\u00edt\u0151 vacsora ut\u00e1n szombaton reggeli p\u00e1link\u00e1z\u00e1s, forralt bor, kemenc\u00e9ben s\u00fclt pog\u00e1csa, majd hagyom\u00e1nyos diszn\u00f3toros reggeli \u00e9s a diszn\u00f3 feldolgoz\u00e1s\u00e1nak bemutat\u00f3ja v\u00e1rja a r\u00e9sztvev\u0151ket. Az est\u00e9t zen\u00e9s esteb\u00e9d z\u00e1rja orjalevessel, t\u00f6lt\u00f6tt k\u00e1poszt\u00e1val, hurk\u00e1val \u00e9s kolb\u00e1sszal, vas\u00e1rnap pedig k\u00f6nny\u00edtett reggeli \u00e9s hazavihet\u0151 k\u00f3stol\u00f3 teszi teljess\u00e9 a h\u00e9tv\u00e9g\u00e9t.<\/p>\n<h2>01.31. B\u00f6ll\u00e9rverseny \u2013 V\u00e9rtessz\u0151l\u0151s<\/h2>\n<p>Janu\u00e1r utols\u00f3 napj\u00e1n V\u00e9rtessz\u0151l\u0151s\u00f6n igazi t\u00e9li diszn\u00f3toros hangulat v\u00e1rja azokat, akik szeretik a hagyom\u00e1nyos magyar \u00edzeket \u00e9s a falusi gasztroprogramokat. <strong>Az eg\u00e9sz napos b\u00f6ll\u00e9rversenyen f\u0151z\u0151csapatok m\u00e9rik \u00f6ssze tud\u00e1sukat, mik\u00f6zben a l\u00e1togat\u00f3k testk\u00f6zelb\u0151l k\u00f6vethetik a diszn\u00f3feldolgoz\u00e1s folyamat\u00e1t, \u00e9s megk\u00f3stolhatj\u00e1k a frissen k\u00e9sz\u00fclt hurk\u00e1t, kolb\u00e1szt, pecseny\u00e9t \u00e9s tepert\u0151t.<\/strong> Forralt bor, tea, hagyom\u00e1ny\u0151rz\u0151 m\u0171sorok, zen\u00e9s programok \u00e9s v\u00e1s\u00e1ri hangulat gondoskodik a j\u00f3kedvr\u0151l, a csal\u00e1dias l\u00e9gk\u00f6r pedig gyerekekkel \u00e9rkez\u0151knek is ide\u00e1lis. A verseny k\u00fcl\u00f6nlegess\u00e9ge, hogy minden csapat saj\u00e1t receptjeivel \u00e9s fort\u00e9lyaival dolgozik, \u00edgy<\/p>\n<blockquote class=\"article__extraTxt\"><p>standr\u00f3l standra j\u00e1rva \u00fajabb \u00e9s \u00fajabb \u00edzeket fedezhet fel a k\u00f6z\u00f6ns\u00e9g.<\/p><\/blockquote>\n<h2>01.31. Falusi diszn\u00f3torok \u2013 Annav\u00f6lgy &amp; \u00c1brah\u00e1mhegy<\/h2>\n<p>Janu\u00e1r 31-\u00e9n \u00c1brah\u00e1mhegyen ism\u00e9t megrendezik a hagyom\u00e1nyos Diszn\u00f3 Tour programot, ahol m\u00e1r kora reggelt\u0151l igazi diszn\u00f3toros hangulat v\u00e1rja a l\u00e1togat\u00f3kat a M\u0171vel\u0151d\u00e9si H\u00e1zban. A reggel 7 \u00f3rakor indul\u00f3 rendezv\u00e9nyen kolb\u00e1szt\u00f6lt\u0151 verseny, n\u00e9pt\u00e1ncos m\u0171sorok, koncertek \u00e9s DJ \u00e1ltal biztos\u00edtott zene gondoskodik a j\u00f3kedvr\u0151l, mik\u00f6zben eg\u00e9sz nap frissen k\u00e9sz\u00fclt diszn\u00f3toros \u00e9telek ker\u00fclnek az asztalra. <strong>S\u00fclt v\u00e9r, s\u00fclt m\u00e1j, ropog\u00f3s kolb\u00e1sz \u00e9s \u00edzletes vacsora v\u00e1rja az \u00e9rkez\u0151ket, akik nemcsak a gasztron\u00f3mia, hanem a hagyom\u00e1ny\u0151rz\u0151 k\u00f6z\u00f6ss\u00e9gi \u00e9lm\u00e9ny miatt is k\u00fcl\u00f6nleges napra sz\u00e1m\u00edthatnak.<\/strong> Az esem\u00e9ny ide\u00e1lis v\u00e1laszt\u00e1s mindazoknak, akik egy vid\u00e1m, zen\u00e9s, falusi diszn\u00f3toros programmal ind\u00edtan\u00e1k a febru\u00e1rba fordul\u00f3 h\u00e9tv\u00e9g\u00e9t a Balaton-felvid\u00e9ken.<\/p>\n<h2>02.01. Budai Diszn\u00f3tor \u2013 Budapest<\/h2>\n<p>Febru\u00e1r els\u0151 vas\u00e1rnapj\u00e1n ism\u00e9t diszn\u00f3toros hangulat k\u00f6lt\u00f6zik Buda sz\u00edv\u00e9be:<strong> a F\u00e9ny Utcai Piacon harmadik alkalommal rendezik meg a Budai Diszn\u00f3tort \u00e9s kolb\u00e1szt\u00f6lt\u0151 versenyt.<\/strong> A 10 \u00e9s 18 \u00f3ra k\u00f6z\u00f6tt zajl\u00f3 programon a hurka \u00e9s kolb\u00e1sz mellett sz\u00e1mos m\u00e1s diszn\u00f3toros finoms\u00e1g ker\u00fcl ter\u00edt\u00e9kre, mik\u00f6zben a l\u00e1togat\u00f3k nemcsak k\u00f3stolhatnak, hanem a hagyom\u00e1nyos feldolgoz\u00e1si folyamatokba is bepillanthatnak.<\/p>\n<blockquote class=\"article__extraTxt\"><p>A j\u00f3 hangulatr\u00f3l \u00e9l\u0151zene, t\u00e1nc \u00e9s mulat\u00e1s gondoskodik, a bel\u00e9p\u00e9s pedig ingyenes, \u00edgy b\u00e1rki k\u00f6nnyed\u00e9n csatlakozhat egy k\u00fcl\u00f6nleges v\u00e1rosi diszn\u00f3torhoz.<\/p><\/blockquote>\n<p>A kolb\u00e1szt\u00f6lt\u0151 csapatversenyre el\u0151zetes nevez\u00e9ssel lehet jelentkezni, a rendezv\u00e9ny ide\u00e1lis v\u00e1laszt\u00e1s mindazoknak, akik a klasszikus falusi hagyom\u00e1nyokat egy v\u00e1rosi k\u00f6rnyezetben szeretn\u00e9k \u00e1t\u00e9lni.<\/p>\n<h2>02.06\u201308. Kocsonya \u00e9s Diszn\u00f3toros Fesztiv\u00e1l \u2013 Balatonalm\u00e1di<\/h2>\n<p>Febru\u00e1r els\u0151 teljes h\u00e9tv\u00e9g\u00e9j\u00e9n Balatonalm\u00e1di ism\u00e9t a diszn\u00f3toros \u00edzek f\u0151v\u00e1ros\u00e1v\u00e1 v\u00e1lik: a Wessel\u00e9nyi Strand f\u0151bej\u00e1rat\u00e1n\u00e1l h\u00e1rom napon \u00e1t v\u00e1rja a l\u00e1togat\u00f3kat a Kocsonya- \u00e9s Diszn\u00f3toros Fesztiv\u00e1l. <strong>A rendezv\u00e9nyen friss kocsonya, s\u00fclt v\u00e9r, hurka, kolb\u00e1sz, t\u00f6lt\u00f6tt k\u00e1poszta \u00e9s sz\u00e1mos magyaros finoms\u00e1g ker\u00fcl ter\u00edt\u00e9kre, mik\u00f6zben hazai bor\u00e1szatok, p\u00e1linkaf\u0151zd\u00e9k \u00e9s s\u00f6rf\u0151zd\u00e9k k\u00edn\u00e1lata teszi teljess\u00e9 a gasztron\u00f3miai \u00e9lm\u00e9nyt.<\/strong> A h\u00e9tv\u00e9ge sor\u00e1n \u00e9l\u0151 kolb\u00e1szt\u00f6lt\u00e9s, k\u00e9zm\u0171ves v\u00e1s\u00e1r, gyerekprogramok \u00e9s koncertek gondoskodnak a j\u00f3 hangulatr\u00f3l, \u00edgy a fesztiv\u00e1l nemcsak az \u00edzek szerelmeseinek, hanem csal\u00e1doknak \u00e9s bar\u00e1ti t\u00e1rsas\u00e1goknak is ide\u00e1lis v\u00e1laszt\u00e1s. A hamis\u00edtatlan t\u00e9li fesztiv\u00e1lhangulat garant\u00e1lt, ahol a hagyom\u00e1ny, a zene \u00e9s a magyar konyha egyszerre kap f\u0151szerepet.<\/p>\n<h2>02.07. Derecskei Diszn\u00f3tor \u00e9s Hajd\u00fa-Bihari T\u00e9li V\u00e1s\u00e1r \u2013 Derecske<\/h2>\n<p>Febru\u00e1r 7-\u00e9n Derecske f\u0151ter\u00e9n, a Makkay J\u00e1nos t\u00e9ren imm\u00e1r tizenhetedik alkalommal rendezik meg a Derecskei Diszn\u00f3tort \u00e9s a Hajd\u00fa-Bihar V\u00e1rmegyei T\u00e9li V\u00e1s\u00e1rt. A rendezv\u00e9ny a hagyom\u00e1ny\u00e1pol\u00e1sr\u00f3l, a k\u00f6z\u00f6ss\u00e9gi \u00e9lm\u00e9nyr\u0151l \u00e9s a t\u00e9l legjobb \u00edzeir\u0151l sz\u00f3l: <strong>friss diszn\u00f3toros falatok, forr\u00f3 italok \u00e9s v\u00e1s\u00e1ri hangulat v\u00e1rja a l\u00e1togat\u00f3kat eg\u00e9sz nap.<\/strong> A szervez\u0151k c\u00e9lja, hogy bemutass\u00e1k \u00e9s tov\u00e1bbadj\u00e1k a diszn\u00f3v\u00e1g\u00e1shoz kapcsol\u00f3d\u00f3 tud\u00e1st \u00e9s hagyom\u00e1nyokat, mik\u00f6zben j\u00f3kedv\u0171, bar\u00e1ts\u00e1gos k\u00f6rnyezetben t\u00f6lthet egy\u00fctt id\u0151t a csal\u00e1d \u00e9s a bar\u00e1ti t\u00e1rsas\u00e1g. Ez a program ide\u00e1lis v\u00e1laszt\u00e1s mindazoknak, akik egy klasszikus vid\u00e9ki diszn\u00f3toros fesztiv\u00e1lon szeretn\u00e9k meg\u00e9lni a t\u00e9l hangulat\u00e1t Hajd\u00fa-Biharban.<\/p>\n<figure id=\"attachment_101773\" aria-describedby=\"caption-attachment-101773\" style=\"width: 755px\" class=\"wp-caption alignnone\"><a href=\"https:\/\/www.startlap.hu\/utazas\/uploads\/sites\/3\/2026\/01\/GettyImages-1130548357_11zon.jpg\"><img loading=\"lazy\" decoding=\"async\" class=\"size-article-size-large-image wp-image-101773\" src=\"https:\/\/www.startlap.hu\/utazas\/uploads\/sites\/3\/2026\/01\/GettyImages-1130548357_11zon-755x503.jpg\" alt=\"S\u00fclt kolb\u00e1szok fa t\u00e1lc\u00e1n\" width=\"755\" height=\"503\" srcset=\"https:\/\/www.startlap.hu\/utazas\/uploads\/sites\/3\/2026\/01\/GettyImages-1130548357_11zon-755x503.jpg 755w, https:\/\/www.startlap.hu\/utazas\/uploads\/sites\/3\/2026\/01\/GettyImages-1130548357_11zon-1536x1024.jpg 1536w, https:\/\/www.startlap.hu\/utazas\/uploads\/sites\/3\/2026\/01\/GettyImages-1130548357_11zon-525x350.jpg 525w, https:\/\/www.startlap.hu\/utazas\/uploads\/sites\/3\/2026\/01\/GettyImages-1130548357_11zon.jpg 1696w\" sizes=\"auto, (max-width: 755px) 100vw, 755px\" \/><\/a><figcaption id=\"caption-attachment-101773\" class=\"wp-caption-text\">Fot\u00f3: Getty Images<\/figcaption><\/figure>\n<h2>02.07. V\u00e1ci Diszn\u00f3toros Fesztiv\u00e1l \u2013 V\u00e1c<\/h2>\n<p>Febru\u00e1r 7-\u00e9n V\u00e1c belv\u00e1ros\u00e1ban, a V\u00f6r\u00f6sh\u00e1z udvar\u00e1ban negyedik alkalommal rendezik meg a Diszn\u00f3toros Fesztiv\u00e1lt, ahol eg\u00e9sz napos programkavalk\u00e1d \u00e9s igazi diszn\u00f3toros hangulat v\u00e1rja a l\u00e1togat\u00f3kat.<\/p>\n<blockquote class=\"article__extraTxt\"><p>A reggel fog\u00f3p\u00e1link\u00e1val indul, majd diszn\u00f3perzsel\u00e9s, feldolgoz\u00e1s \u00e9s hagym\u00e1s v\u00e9r reggeli vezeti fel a napot, mik\u00f6zben folyamatosan k\u00e9sz\u00fclnek a friss toros \u00e9telek.<\/p><\/blockquote>\n<p>A sz\u00ednpadon b\u00e1bsz\u00ednh\u00e1z, n\u00e9pzene, n\u00e9pt\u00e1nc \u00e9s ismert el\u0151ad\u00f3k v\u00e1ltj\u00e1k egym\u00e1st, az est\u00e9t pedig koncert \u00e9s retro party z\u00e1rja. Bogr\u00e1cs\u00e9telek, p\u00e1link\u00e1k, k\u00e9zm\u0171ves s\u00f6r\u00f6k, forralt borok, hurka- \u00e9s kolb\u00e1szt\u00f6lt\u00e9s, \u00e1llatsimogat\u00f3 \u00e9s csal\u00e1di programok teszik teljess\u00e9 az \u00e9lm\u00e9nyt, r\u00e1ad\u00e1sul a rendezv\u00e9ny ingyenesen l\u00e1togathat\u00f3, \u00edgy ide\u00e1lis v\u00e1laszt\u00e1s egy tartalmas t\u00e9li szombati programhoz a Dunakanyarban.<\/p>\n<h2>02.07. Bakonyb\u00e9l diszn\u00f3v\u00e1g\u00e1s \u2013 Bakonyb\u00e9l<\/h2>\n<p>Febru\u00e1r 7-\u00e9n <a href=\"https:\/\/www.startlap.hu\/utazas\/hubertlaki-to-bakony-gyilkos-to-latnivalo-tura\/\" target=\"_blank\" rel=\"noopener\">Bakonyb\u00e9l<\/a> Faluh\u00e1za el\u0151tti t\u00e9ren ism\u00e9t beavat\u00e1st nyerhet\u00fcnk a hagyom\u00e1nyos diszn\u00f3v\u00e1g\u00e1s rejtelmeibe. M\u00e1r reggel 8 \u00f3r\u00e1t\u00f3l zs\u00edros keny\u00e9r lilahagym\u00e1val, pog\u00e1csa, forralt bor \u00e9s tea v\u00e1rja a kor\u00e1n \u00e9rkez\u0151ket, majd <strong>a nap sor\u00e1n vad\u00e1szk\u00fcrt\u00f6s megnyit\u00f3, h\u00e1zi p\u00e1linka- \u00e9s forralt borverseny, valamint frissen s\u00fclt m\u00e1j, tarja \u00e9s toros \u00e9telek sz\u00ednes\u00edtik a programot.<\/strong> A fesztiv\u00e1lon k\u00e9zm\u0171ves foglalkoz\u00e1sok, zen\u00e9s produkci\u00f3k, valamint a helyi k\u00f6z\u00f6ss\u00e9g \u00e1ltal k\u00e9sz\u00edtett h\u00e1zi s\u00fctem\u00e9nyek is gazdag\u00edtj\u00e1k az \u00e9lm\u00e9nyt. A rendezv\u00e9nyen testk\u00f6zelb\u0151l lehet k\u00f6vetni a diszn\u00f3feldolgoz\u00e1s folyamat\u00e1t, megk\u00f3stolni a s\u00fclt hurk\u00e1t, kolb\u00e1szt, t\u00f6lt\u00f6tt k\u00e1poszt\u00e1t \u00e9s vadp\u00f6rk\u00f6ltet, mik\u00f6zben bar\u00e1ts\u00e1gos, k\u00f6z\u00f6ss\u00e9gi l\u00e9gk\u00f6rben t\u00f6lthetj\u00fck a t\u00e9li napot.&nbsp;<\/p>\n<h2>02.07. Szank \u2013 \u00cdzig-v\u00e9rig diszn\u00f3tor<\/h2>\n<p>Febru\u00e1r 7-\u00e9n Szankon ism\u00e9t megrendezik az \u00cdzig-v\u00e9rig diszn\u00f3tor programot, ahol t\u00edz telep\u00fcl\u00e9s b\u00f6ll\u00e9rcsapatai m\u00e9rik \u00f6ssze tud\u00e1sukat. A majsai kist\u00e9rs\u00e9g telep\u00fcl\u00e9sei \u2013 Cs\u00f3lyosp\u00e1los, J\u00e1szszentl\u00e1szl\u00f3, Kiskunmajsa, K\u00f6mp\u00f6c, M\u00f3ricg\u00e1t \u00e9s Szank \u2013 mellett Zsana, az erd\u00e9lyi Nagygalambfalva, a vajdas\u00e1gi B\u00e1csfeketehegy \u00e9s Sz\u00e9kelykeve csapatai is bemutatj\u00e1k, hogyan zajlik a hagyom\u00e1nyos diszn\u00f3v\u00e1g\u00e1s, milyen finoms\u00e1gok k\u00e9sz\u00fclnek. A rendezv\u00e9ny reggel 6 \u00f3rakor kezd\u0151dik a szanki piact\u00e9ren, 9 \u00f3r\u00e1t\u00f3l pedig a J\u00f3bar\u00e1t Band gondoskodik a j\u00f3 hangulatr\u00f3l. <strong>Az elk\u00e9sz\u00fclt \u00e9teleket Vikid\u00e1l Gyula, Liszt Ferenc- \u00e9s eMeRTon-d\u00edjas m\u0171v\u00e9sz zs\u0171rizi, az eredm\u00e9nyhirdet\u00e9s pedig d\u00e9lut\u00e1n 16 \u00f3rakor v\u00e1rhat\u00f3.<\/strong> Ez a rendezv\u00e9ny ide\u00e1lis azoknak, akik szeretn\u00e9k testk\u00f6zelb\u0151l megtapasztalni a vid\u00e9ki diszn\u00f3tor hagyom\u00e1nyait, mik\u00f6zben bar\u00e1ti, k\u00f6z\u00f6ss\u00e9gi hangulatban \u00e9lvezhetik a t\u00e9li gasztron\u00f3miai \u00e9lm\u00e9nyeket.<\/p>\n<h2>02.14. Csepeli Diszn\u00f3tor \u2013 Budapest<\/h2>\n<p>Febru\u00e1r 14-\u00e9n tizennegyedik alkalommal t\u00e9r vissza a Csepeli Diszn\u00f3tor, amely a v\u00e1rosr\u00e9szben igazi falusi hangulatot var\u00e1zsol. A Csepeli Napk\u00f6zis T\u00e1borban eg\u00e9sz nap a hagyom\u00e1nyos diszn\u00f3toros munkafolyamatok\u00e9 a f\u0151szerep: a l\u00e1togat\u00f3k bepillanthatnak a kolb\u00e1szt\u00f6lt\u00e9s, hurka- \u00e9s pecsenyek\u00e9sz\u00edt\u00e9s fort\u00e9lyaiba, mik\u00f6zben a frissen s\u00fclt finoms\u00e1gok illata j\u00e1rja be a teret. <strong>A gasztron\u00f3miai \u00e9lm\u00e9nyt zen\u00e9s-t\u00e1ncos programok, n\u00e9pi hagyom\u00e1ny\u0151rz\u0151 elemek \u00e9s csal\u00e1dbar\u00e1t k\u00eds\u00e9r\u0151programok eg\u00e9sz\u00edtik ki<\/strong>, \u00edgy a rendezv\u00e9ny egyszerre k\u00edn\u00e1l tartalmas h\u00e9tv\u00e9gi kikapcsol\u00f3d\u00e1st, bar\u00e1ti tal\u00e1lkoz\u00f3t \u00e9s t\u00e9li gasztron\u00f3miai \u00e9lm\u00e9nyt. A j\u00f3kedv \u00e9s a k\u00f6z\u00f6ss\u00e9gi hangulat garant\u00e1lt, mik\u00f6zben a hagyom\u00e1nyos magyar \u00edzek\u00e9 a f\u0151szerep.<\/p>\n<h2>02.14. Kevi B\u00f6ll\u00e9rtal\u00e1lkoz\u00f3 \u2013 T\u00farkeve<\/h2>\n<p>Febru\u00e1r 14-\u00e9n T\u00farkev\u00e9n ism\u00e9t megrendezik a Nemzetk\u00f6zi Kevi B\u00f6ll\u00e9rtal\u00e1lkoz\u00f3t, amely eg\u00e9sz napos diszn\u00f3toros \u00e9lm\u00e9nyt, k\u00e9zm\u0171ves v\u00e1s\u00e1rt \u00e9s csal\u00e1dbar\u00e1t programokat k\u00edn\u00e1l. M\u00e1r reggel 6:30-t\u00f3l r\u00e1hangol\u00f3d\u00e1s kezd\u0151dik az Abonyi Mulat\u00f3ssal, majd 7 \u00f3r\u00e1t\u00f3l indul a sert\u00e9sfeldolgoz\u00e1s, mik\u00f6zben a l\u00e1togat\u00f3k megismerkedhetnek a hagyom\u00e1nyos diszn\u00f3v\u00e1g\u00e1s fort\u00e9lyaival. <strong>A nap folyam\u00e1n fut\u00f3verseny, hagyom\u00e1ny\u0151rz\u0151 csik\u00f3sbemutat\u00f3, n\u00e9pt\u00e1nc \u00e9s n\u00e9pzenei programok is lesznek, de fell\u00e9pnek zenekarok, el\u0151ad\u00f3k \u00e9s hagyom\u00e1ny\u0151rz\u0151 m\u0171v\u00e9szek is.<\/strong> Az eredm\u00e9nyhirdet\u00e9s d\u00e9lut\u00e1n 14:30-kor k\u00f6vetkezik, a napot pedig \u00e9l\u0151 koncert \u00e9s B\u00f6ll\u00e9r B\u00e1l z\u00e1rja.&nbsp;<\/p>\n<h2>03.07. Tiszator B\u00f6ll\u00e9rfesztiv\u00e1l \u2013 Ab\u00e1dszal\u00f3k<\/h2>\n<p>M\u00e1rcius 7-\u00e9n Ab\u00e1dszal\u00f3kon ism\u00e9t megnyitja kapuit B\u00f6ll\u00e9rfalva: a Tiszator B\u00f6ll\u00e9rfesztiv\u00e1l <strong>hagyom\u00e1nyos diszn\u00f3v\u00e1g\u00e1ssal, b\u00f6ll\u00e9rversennyel, vid\u00e9ki \u00edzekkel \u00e9s eg\u00e9sz napos gasztron\u00f3miai programokkal v\u00e1rja az \u00e9rdekl\u0151d\u0151ket.<\/strong> A fesztiv\u00e1l f\u00e9nypontja id\u00e9n a 257 m\u00e9teres kolb\u00e1sz s\u00fct\u00e9se, de a l\u00e1togat\u00f3k k\u00f3stol\u00f3jeggyel belek\u00f3stolhatnak a csapatok \u00e1ltal k\u00e9sz\u00edtett toros finoms\u00e1gokba is. A rendezv\u00e9nyen n\u00e9pzene, n\u00e9pt\u00e1nc, t\u00e1nch\u00e1z, k\u00e9zm\u0171ves v\u00e1s\u00e1r \u00e9s gyerekprogramok gondoskodnak r\u00f3la, hogy minden koroszt\u00e1ly megtal\u00e1lja a sz\u00e1m\u00e1ra izgalmas \u00e9lm\u00e9nyt.&nbsp;<\/p>\n<p>A diszn\u00f3tor nem csup\u00e1n \u00e9tel \u2014 \u00e9lm\u00e9ny, k\u00f6z\u00f6ss\u00e9g \u00e9s hagyom\u00e1ny. Ak\u00e1r gasztro-turistak\u00e9nt, ak\u00e1r a magyar kult\u00fara m\u00e9lyebb megismer\u00e9se c\u00e9lj\u00e1b\u00f3l l\u00e1togatsz el, ezek az esem\u00e9nyek autentikus \u00edzt adnak a t\u00e9lnek. Ha bev\u00e1llaln\u00e1l egy t\u00f6bb \u00e1llom\u00e1sos gasztro-kalandot az idei toros id\u0151szakban, itt tal\u00e1lod meg t\u00e9rk\u00e9pen a helysz\u00edneket:<\/p>\n<p><iframe loading=\"lazy\" src=\"https:\/\/www.google.com\/maps\/d\/embed?mid=1erq4h1EVU-euNBaqsBcaUSe93BKJLDk&ehbc=2E312F\" width=\"640\" height=\"480\"><\/iframe><\/p>\n<p>Ha pedig meg is sz\u00e1lln\u00e1l k\u00f6zben, itt \u00e9rdemes k\u00f6rben\u00e9zned:<\/p>\n<section class=\"m-ratingRecommendation rating-recommendation\">\n            <div class=\"m-ratingRecommendation__wrap -imageWrap panel image\">\n            <img decoding=\"async\" class=\"m-ratingRecommendation__img\" src=\"https:\/\/www.startlap.hu\/utazas\/uploads\/sites\/3\/2025\/09\/gettyhotel2-350x350.png\">\n        <\/div>\n        <div class=\"m-ratingRecommendation__wrap -infoWrap panel info\">\n        <h3 class=\"m-ratingRecommendation__title title\">Hotelek \u00e9s sz\u00e1llod\u00e1k<\/h3>\n        \n                    <p class=\"m-ratingRecommendation__description description\">Sz\u00e1ll\u00e1slehet\u0151s\u00e9gek a programok k\u00f6rny\u00e9k\u00e9n.<\/p>\n        \n                    <div class=\"m-ratingRecommendation__linkWrap links\">\n                <p class=\"m-ratingRecommendation__subTitle\">Itt is kaphatod:<\/p>\n                                            <a class=\"m-ratingRecommendation__btn recommendation-button\" href=\"https:\/\/www.szallasguru.hu\/tt\/?tt=38293_12_356366_&amp;r=\" target=\"_blank\">Szallasguru<\/a>\n                                            <a class=\"m-ratingRecommendation__btn recommendation-button\" href=\"https:\/\/www.maiutazas.hu\/tt\/?tt=5941_12_356366_&amp;r=\" target=\"_blank\">Maiutazas<\/a>\n                                            <a class=\"m-ratingRecommendation__btn recommendation-button\" href=\"https:\/\/www.kqzyfj.com\/click-101130796-15603515\" target=\"_blank\">Agoda<\/a>\n                                <\/div>\n            <\/div>\n    <span class=\"m-ratingRecommendation__advTxt adv\">Hirdet\u00e9s<\/span>\n<\/section>\n\n<div class=\"o-widget m-readMoreWidget -readMore u-shortDecorLineAfter row widget-container _ce_measure_widget bigdata-widget read-more\" data-ce-measure-widget=\"olvass tov\u00e1bb\">\n\t<div class=\"m-readMoreWidget__imgWrapper image-wrapper col-12 col-md-4 no-p\">\n\t\t<a class=\"m-readMoreWidget__imgLink\" href=\"https:\/\/www.startlap.hu\/utazas\/tenerife-europa-tel-hideg-fagy-meleg\/\" >\n\t\t\t<img decoding=\"async\" src=\"https:\/\/www.startlap.hu\/utazas\/uploads\/sites\/3\/2026\/01\/GettyImages-601162583_11zon-350x285.jpg\" class=\"m-readMoreWidget__img\">\n\t\t<\/a>\n\t<\/div>\n\t<div class=\"m-readMoreWidget__titleWrapper title-wrapper col-12 col-md-8\">\n\t\t<span class=\"m-readMoreWidget__titleLabel u-shortDecorLineBefore label hidden-sm-up\">Ez is \u00e9rdekelhet:<\/span>\n\t\t<h3 class=\"m-readMoreWidget__title title\">\n\t\t\t<a class=\"m-readMoreWidget__titleLink -secondFont u-bold u-upperCase\" href=\"https:\/\/www.startlap.hu\/utazas\/tenerife-europa-tel-hideg-fagy-meleg\/\" >Febru\u00e1rban is 21 fok, egy f\u0151\u00e9tel 12\u201318 eur\u00f3: ez Eur\u00f3pa legnaposabb t\u00e9li \u00fati c\u00e9lja<\/a>\n\t\t<\/h3>\n\t\t<a class=\"m-readMoreWidget__btn -coloredBack u-tC link\" href=\"https:\/\/www.startlap.hu\/utazas\/tenerife-europa-tel-hideg-fagy-meleg\/\" >Elolvasom<\/a>\n\t<\/div>\n<\/div>\n","protected":false},"excerpt":{"rendered":"<p>A diszn\u00f3v\u00e1g\u00e1s \u00e9s az azt k\u00f6vet\u0151 diszn\u00f3tor az egyik leggazdagabb \u00e9s leghangulatosabb r\u00e9sze a magyar vid\u00e9ki kult\u00far\u00e1nak. Mutatjuk, id\u00e9n hol \u00e9s mikor tal\u00e1lsz torokat.<\/p>\n","protected":false},"author":64,"featured_media":101773,"comment_status":"closed","ping_status":"closed","sticky":false,"template":"","format":"standard","meta":{"footnotes":""},"categories":[6],"tags":[23,5403,542],"class_list":["post-101771","post","type-post","status-publish","format-standard","has-post-thumbnail","hentry","category-tippek","tag-budapest","tag-diszno","tag-programajanlo"],"aioseo_notices":[],"_links":{"self":[{"href":"https:\/\/www.startlap.hu\/utazas\/wp-json\/wp\/v2\/posts\/101771","targetHints":{"allow":["GET"]}}],"collection":[{"href":"https:\/\/www.startlap.hu\/utazas\/wp-json\/wp\/v2\/posts"}],"about":[{"href":"https:\/\/www.startlap.hu\/utazas\/wp-json\/wp\/v2\/types\/post"}],"author":[{"embeddable":true,"href":"https:\/\/www.startlap.hu\/utazas\/wp-json\/wp\/v2\/users\/64"}],"replies":[{"embeddable":true,"href":"https:\/\/www.startlap.hu\/utazas\/wp-json\/wp\/v2\/comments?post=101771"}],"version-history":[{"count":11,"href":"https:\/\/www.startlap.hu\/utazas\/wp-json\/wp\/v2\/posts\/101771\/revisions"}],"predecessor-version":[{"id":101786,"href":"https:\/\/www.startlap.hu\/utazas\/wp-json\/wp\/v2\/posts\/101771\/revisions\/101786"}],"wp:featuredmedia":[{"embeddable":true,"href":"https:\/\/www.startlap.hu\/utazas\/wp-json\/wp\/v2\/media\/101773"}],"wp:attachment":[{"href":"https:\/\/www.startlap.hu\/utazas\/wp-json\/wp\/v2\/media?parent=101771"}],"wp:term":[{"taxonomy":"category","embeddable":true,"href":"https:\/\/www.startlap.hu\/utazas\/wp-json\/wp\/v2\/categories?post=101771"},{"taxonomy":"post_tag","embeddable":true,"href":"https:\/\/www.startlap.hu\/utazas\/wp-json\/wp\/v2\/tags?post=101771"}],"curies":[{"name":"wp","href":"https:\/\/api.w.org\/{rel}","templated":true}]}}