{"id":101728,"date":"2026-01-26T07:03:01","date_gmt":"2026-01-26T06:03:01","guid":{"rendered":"https:\/\/www.startlap.hu\/utazas\/?p=101728"},"modified":"2026-01-23T13:47:19","modified_gmt":"2026-01-23T12:47:19","slug":"borond-poggyasz-folia-repter-betiltas-muanyag","status":"publish","type":"post","link":"https:\/\/www.startlap.hu\/utazas\/borond-poggyasz-folia-repter-betiltas-muanyag\/","title":{"rendered":"A rep\u00fcl\u0151terek tilt\u00e1st vezetnek be, ami minden poggy\u00e1sszal utaz\u00f3 utasra vonatkozik. Nem engednek \u00e1t az utasfelv\u00e9telen ezzel a b\u0151r\u00f6nddel!"},"content":{"rendered":"<p>Egyre t\u00f6bb eur\u00f3pai rep\u00fcl\u0151t\u00e9r vezet be \u00faj korl\u00e1toz\u00e1sokat a poggy\u00e1szokkal kapcsolatban: sok helyen nem adhatunk fel f\u00f3li\u00e1zott <a href=\"https:\/\/www.startlap.hu\/utazas\/svedorszag-arlanda-repter-tomeg\/\" target=\"_blank\" rel=\"noopener\">b\u0151r\u00f6nd\u00f6ket<\/a>. A szab\u00e1lyoz\u00e1s h\u00e1tter\u00e9ben r\u00e9szben uni\u00f3s tervek \u00e1llnak, \u00edgy a tilt\u00e1s id\u0151vel sz\u00e9les k\u00f6rben elterjedhet Eur\u00f3p\u00e1ban.<\/p>\n<div class=\"o-widget m-readMoreWidget -readMore u-shortDecorLineAfter row widget-container _ce_measure_widget bigdata-widget read-more\" data-ce-measure-widget=\"olvass tov\u00e1bb\">\n\t<div class=\"m-readMoreWidget__imgWrapper image-wrapper col-12 col-md-4 no-p\">\n\t\t<a class=\"m-readMoreWidget__imgLink\" href=\"https:\/\/www.startlap.hu\/utazas\/leghavasabb-orszag-ho-havazas-rekord\/\" >\n\t\t\t<img decoding=\"async\" src=\"https:\/\/www.startlap.hu\/utazas\/uploads\/sites\/3\/2026\/01\/toyama-hoeses3-350x285.jpg\" class=\"m-readMoreWidget__img\">\n\t\t<\/a>\n\t<\/div>\n\t<div class=\"m-readMoreWidget__titleWrapper title-wrapper col-12 col-md-8\">\n\t\t<span class=\"m-readMoreWidget__titleLabel u-shortDecorLineBefore label hidden-sm-up\">Ez is \u00e9rdekelhet:<\/span>\n\t\t<h3 class=\"m-readMoreWidget__title title\">\n\t\t\t<a class=\"m-readMoreWidget__titleLink -secondFont u-bold u-upperCase\" href=\"https:\/\/www.startlap.hu\/utazas\/leghavasabb-orszag-ho-havazas-rekord\/\" >A vil\u00e1g leghavasabb orsz\u00e1ga, ahol magasabbak a h\u00f3torlaszok, mint a h\u00e1zak<\/a>\n\t\t<\/h3>\n\t\t<a class=\"m-readMoreWidget__btn -coloredBack u-tC link\" href=\"https:\/\/www.startlap.hu\/utazas\/leghavasabb-orszag-ho-havazas-rekord\/\" >Elolvasom<\/a>\n\t<\/div>\n<\/div>\n<h2>Egyre t\u00f6bb helyen tiltott a f\u00f3li\u00e1z\u00e1s<\/h2>\n<p>A b\u0151r\u00f6nd\u00f6k f\u00f3li\u00e1z\u00e1sa eddig sok utas k\u00f6r\u00e9ben n\u00e9pszer\u0171 volt, mert r\u00e9szleges v\u00e9delmet ny\u00fajtott a s\u00e9r\u00fcl\u00e9sek, karcol\u00e1sok \u00e9s a cipz\u00e1r vagy kerekek rong\u00e1l\u00f3d\u00e1sa ellen, valamint megakad\u00e1lyozta, hogy a poggy\u00e1sz tartalma kisz\u00f3r\u00f3djon. Egyes reptereken erre k\u00fcl\u00f6n szolg\u00e1ltat\u00e1s is m\u0171k\u00f6d\u00f6tt, amely n\u00e9h\u00e1ny m\u00e1sodperc alatt becsomagolta a b\u0151r\u00f6nd\u00f6t.<\/p>\n<blockquote class=\"article__extraTxt\"><p>Az ut\u00f3bbi id\u0151ben azonban egyre t\u00f6bb kritika \u00e9rte a m\u0171anyag f\u00f3li\u00e1kat k\u00f6rnyezetv\u00e9delmi okokb\u00f3l.<\/p><\/blockquote>\n<p>T\u00f6bb rep\u00fcl\u0151t\u00e9r m\u00e1r most igyekszik visszaszor\u00edtani haszn\u00e1latukat: a <strong>br\u00fcsszeli rept\u00e9r<\/strong> p\u00e9ld\u00e1ul csak <strong>hivatalosan elfogadott csomagol\u00f3anyagokat enged\u00e9lyez<\/strong>, \u00e9s nem biztos, hogy felengedik a g\u00e9pre a m\u00e1r indul\u00e1s el\u0151tt lef\u00f3li\u00e1zott csomagokat. Hasonl\u00f3 t\u00f6rekv\u00e9sek jelentek meg a <strong>hannoveri rept\u00e9ren<\/strong> is, ahol m\u00e1r nem aj\u00e1nlj\u00e1k a <a href=\"https:\/\/www.startlap.hu\/utazas\/borond-ryanair-fekete\/\" target=\"_blank\" rel=\"noopener\">b\u0151r\u00f6nd\u00f6k<\/a> ilyen csomagol\u00e1s\u00e1t.<\/p>\n<figure id=\"attachment_101747\" aria-describedby=\"caption-attachment-101747\" style=\"width: 755px\" class=\"wp-caption alignnone\"><a href=\"https:\/\/www.startlap.hu\/utazas\/uploads\/sites\/3\/2026\/01\/borondjere-konyokolo-ferfi-repuloteren.jpg\"><img loading=\"lazy\" decoding=\"async\" class=\"size-article-size-large-image wp-image-101747\" src=\"https:\/\/www.startlap.hu\/utazas\/uploads\/sites\/3\/2026\/01\/borondjere-konyokolo-ferfi-repuloteren-755x472.jpg\" alt=\"\" width=\"755\" height=\"472\" srcset=\"https:\/\/www.startlap.hu\/utazas\/uploads\/sites\/3\/2026\/01\/borondjere-konyokolo-ferfi-repuloteren-755x472.jpg 755w, https:\/\/www.startlap.hu\/utazas\/uploads\/sites\/3\/2026\/01\/borondjere-konyokolo-ferfi-repuloteren-1536x961.jpg 1536w, https:\/\/www.startlap.hu\/utazas\/uploads\/sites\/3\/2026\/01\/borondjere-konyokolo-ferfi-repuloteren-559x350.jpg 559w, https:\/\/www.startlap.hu\/utazas\/uploads\/sites\/3\/2026\/01\/borondjere-konyokolo-ferfi-repuloteren.jpg 1600w\" sizes=\"auto, (max-width: 755px) 100vw, 755px\" \/><\/a><figcaption id=\"caption-attachment-101747\" class=\"wp-caption-text\">Getty Images<\/figcaption><\/figure>\n<h2>Kevesebb f\u00f3lia, kevesebb hullad\u00e9k<\/h2>\n<p>M\u00e1s orsz\u00e1gokban egyel\u0151re enyh\u00e9bb a szab\u00e1lyoz\u00e1s, \u00e9s a f\u00f3li\u00e1z\u00e1s tov\u00e1bbra is megengedett. Ugyanakkor itt is v\u00e1rhat\u00f3, hogy<\/p>\n<blockquote class=\"article__extraTxt\"><p>a k\u00f6zelj\u00f6v\u0151ben szigor\u00edt\u00e1sok l\u00e9pnek \u00e9letbe, f\u0151k\u00e9nt az Eur\u00f3pai Uni\u00f3 \u00e1ltal el\u0151k\u00e9sz\u00edtett jogszab\u00e1lyok miatt,<\/p><\/blockquote>\n<p>amelyek c\u00e9lja az egyszer haszn\u00e1latos m\u0171anyagok visszaszor\u00edt\u00e1sa. Az EU az\u00e9rt szorgalmazza a tilt\u00e1st, mert <strong>az ilyen f\u00f3li\u00e1k egyszer haszn\u00e1latos m\u0171anyagoknak sz\u00e1m\u00edtanak, amelyek \u00fajrahasznos\u00edt\u00e1sa neh\u00e9z vagy szinte lehetetlen<\/strong>, \u00e9s jelent\u0151s m\u00e9rt\u00e9kben n\u00f6velik a m\u0171anyaghullad\u00e9k mennyis\u00e9g\u00e9t. A tervek szerint 2030-t\u00f3l jelent\u0151sen korl\u00e1tozn\u00e1k az <a href=\"https:\/\/www.startlap.hu\/vasarlas\/muanyag-zacsko-eu-tiltas-2030-kornyezet-vedelem\/\" target=\"_blank\" rel=\"noopener\">egyszer haszn\u00e1latos m\u0171anyagok<\/a> alkalmaz\u00e1s\u00e1t, nemcsak a rep\u00fcl\u00e9sben, hanem a kereskedelemben \u00e9s vend\u00e9gl\u00e1t\u00e1sban is.<\/p>\n<p>Az int\u00e9zked\u00e9sek c\u00e9lja, hogy 2040-ig mintegy 15 sz\u00e1zal\u00e9kkal cs\u00f6kkenjen a csomagol\u00e1si m\u0171anyag hullad\u00e9k mennyis\u00e9ge. Ez \u00e9vente ak\u00e1r <strong>t\u00f6bb sz\u00e1zezer vagy milli\u00f3 tonn\u00e1val kevesebb m\u0171anyaghaszn\u00e1latot jelenthet<\/strong>, mik\u00f6zben az utasoknak egyre ink\u00e1bb alkalmazkodniuk kell az \u00faj poggy\u00e1szkezel\u00e9si szab\u00e1lyokhoz.<\/p>\n<p><a href=\"https:\/\/energozrouti.cz\/clanek\/letiste-zavazadlo-plastova-folie-omezeni\" target=\"_blank\" target=\"_blank\" rel=\"noopener\">via<\/a><\/p>\n<div class=\"o-widget m-readMoreWidget -readMore u-shortDecorLineAfter row widget-container _ce_measure_widget bigdata-widget read-more\" data-ce-measure-widget=\"olvass tov\u00e1bb\">\n\t<div class=\"m-readMoreWidget__imgWrapper image-wrapper col-12 col-md-4 no-p\">\n\t\t<a class=\"m-readMoreWidget__imgLink\" href=\"https:\/\/www.startlap.hu\/utazas\/tel-nyaralas-kanari-szigetek-el-hierro-fotok\/\" >\n\t\t\t<img decoding=\"async\" src=\"https:\/\/www.startlap.hu\/utazas\/uploads\/sites\/3\/2026\/01\/elhierro-04-350x285.jpg\" class=\"m-readMoreWidget__img\">\n\t\t<\/a>\n\t<\/div>\n\t<div class=\"m-readMoreWidget__titleWrapper title-wrapper col-12 col-md-8\">\n\t\t<span class=\"m-readMoreWidget__titleLabel u-shortDecorLineBefore label hidden-sm-up\">Ez is \u00e9rdekelhet:<\/span>\n\t\t<h3 class=\"m-readMoreWidget__title title\">\n\t\t\t<a class=\"m-readMoreWidget__titleLink -secondFont u-bold u-upperCase\" href=\"https:\/\/www.startlap.hu\/utazas\/tel-nyaralas-kanari-szigetek-el-hierro-fotok\/\" >T\u00e9len is 20 fok, nyugalom &#8211; a &#8222;titkos&#8221; eur\u00f3pai sziget, ahol alig van turista<\/a>\n\t\t<\/h3>\n\t\t<a class=\"m-readMoreWidget__btn -coloredBack u-tC link\" href=\"https:\/\/www.startlap.hu\/utazas\/tel-nyaralas-kanari-szigetek-el-hierro-fotok\/\" >Elolvasom<\/a>\n\t<\/div>\n<\/div>\n","protected":false},"excerpt":{"rendered":"<p>Sok utas sz\u00e1m\u00e1ra csomaguk lef\u00f3li\u00e1z\u00e1sa jelentette a biztons\u00e1got; hamarosan EU-szerte betilthatj\u00e1k ezt a gyakorlatot a reptereken.<\/p>\n","protected":false},"author":63,"featured_media":101747,"comment_status":"closed","ping_status":"closed","sticky":false,"template":"","format":"standard","meta":{"footnotes":""},"categories":[70],"tags":[56,57,59,204],"class_list":["post-101728","post","type-post","status-publish","format-standard","has-post-thumbnail","hentry","category-vilag","tag-borond","tag-csomag","tag-poggyasz","tag-repules"],"aioseo_notices":[],"_links":{"self":[{"href":"https:\/\/www.startlap.hu\/utazas\/wp-json\/wp\/v2\/posts\/101728","targetHints":{"allow":["GET"]}}],"collection":[{"href":"https:\/\/www.startlap.hu\/utazas\/wp-json\/wp\/v2\/posts"}],"about":[{"href":"https:\/\/www.startlap.hu\/utazas\/wp-json\/wp\/v2\/types\/post"}],"author":[{"embeddable":true,"href":"https:\/\/www.startlap.hu\/utazas\/wp-json\/wp\/v2\/users\/63"}],"replies":[{"embeddable":true,"href":"https:\/\/www.startlap.hu\/utazas\/wp-json\/wp\/v2\/comments?post=101728"}],"version-history":[{"count":4,"href":"https:\/\/www.startlap.hu\/utazas\/wp-json\/wp\/v2\/posts\/101728\/revisions"}],"predecessor-version":[{"id":101748,"href":"https:\/\/www.startlap.hu\/utazas\/wp-json\/wp\/v2\/posts\/101728\/revisions\/101748"}],"wp:featuredmedia":[{"embeddable":true,"href":"https:\/\/www.startlap.hu\/utazas\/wp-json\/wp\/v2\/media\/101747"}],"wp:attachment":[{"href":"https:\/\/www.startlap.hu\/utazas\/wp-json\/wp\/v2\/media?parent=101728"}],"wp:term":[{"taxonomy":"category","embeddable":true,"href":"https:\/\/www.startlap.hu\/utazas\/wp-json\/wp\/v2\/categories?post=101728"},{"taxonomy":"post_tag","embeddable":true,"href":"https:\/\/www.startlap.hu\/utazas\/wp-json\/wp\/v2\/tags?post=101728"}],"curies":[{"name":"wp","href":"https:\/\/api.w.org\/{rel}","templated":true}]}}