{"id":101713,"date":"2026-01-22T18:07:42","date_gmt":"2026-01-22T17:07:42","guid":{"rendered":"https:\/\/www.startlap.hu\/utazas\/?p=101713"},"modified":"2026-01-22T18:07:42","modified_gmt":"2026-01-22T17:07:42","slug":"davos-svajc-vilaggazdasagi-forum-siparadicsom-turizmus","status":"publish","type":"post","link":"https:\/\/www.startlap.hu\/utazas\/davos-svajc-vilaggazdasagi-forum-siparadicsom-turizmus\/","title":{"rendered":"Kor\u00e1bban s\u00edparadicsom, szanat\u00f3rium volt &#8211; ma a Vil\u00e1ggazdas\u00e1gi F\u00f3rum helysz\u00edne"},"content":{"rendered":"<p>Ma a sv\u00e1jci <strong>Davos<\/strong> nev\u00e9t a legt\u00f6bben az \u00e9vr\u0151l \u00e9vre megrendezett <strong>Vil\u00e1ggazdas\u00e1gi F\u00f3rum<\/strong> miatt ismerik: a <a href=\"https:\/\/www.startlap.hu\/utazas\/svajc-ovarosok-tortenelem-kultura\/\" target=\"_blank\" rel=\"noopener\">sv\u00e1jci<\/a> kisv\u00e1ros azonban m\u00e1r kor\u00e1bban is vonzotta a l\u00e1togat\u00f3kat k\u00fcl\u00f6nleges adotts\u00e1gaival, \u00edrja a <a href=\"https:\/\/www.hirstart.hu\/site\/relocate.php?rssid=1654&amp;rsspid=3&amp;ctype=rss&amp;id=43307543&amp;chk=8d81a2106510761dbcb9536c75e4f0e7&amp;url=https%3A%2F%2Froadster.hu%2Fezt-tudja-az-a-csodas-kisvaros-amirol-most-az-egesz-vilag-beszel%3Futm_source%3Dhirstart%26utm_medium%3Dreferral%26utm_campaign%3Dct\" target=\"_blank\" target=\"_blank\" rel=\"noopener\">Roadster<\/a>.<\/p>\n<div class=\"o-widget m-readMoreWidget -readMore u-shortDecorLineAfter row widget-container _ce_measure_widget bigdata-widget read-more\" data-ce-measure-widget=\"olvass tov\u00e1bb\">\n\t<div class=\"m-readMoreWidget__imgWrapper image-wrapper col-12 col-md-4 no-p\">\n\t\t<a class=\"m-readMoreWidget__imgLink\" href=\"https:\/\/www.startlap.hu\/utazas\/leghavasabb-orszag-ho-havazas-rekord\/\" >\n\t\t\t<img decoding=\"async\" src=\"https:\/\/www.startlap.hu\/utazas\/uploads\/sites\/3\/2026\/01\/toyama-hoeses3-350x285.jpg\" class=\"m-readMoreWidget__img\">\n\t\t<\/a>\n\t<\/div>\n\t<div class=\"m-readMoreWidget__titleWrapper title-wrapper col-12 col-md-8\">\n\t\t<span class=\"m-readMoreWidget__titleLabel u-shortDecorLineBefore label hidden-sm-up\">Ez is \u00e9rdekelhet:<\/span>\n\t\t<h3 class=\"m-readMoreWidget__title title\">\n\t\t\t<a class=\"m-readMoreWidget__titleLink -secondFont u-bold u-upperCase\" href=\"https:\/\/www.startlap.hu\/utazas\/leghavasabb-orszag-ho-havazas-rekord\/\" >A vil\u00e1g leghavasabb orsz\u00e1ga, ahol magasabbak a h\u00f3torlaszok, mint a h\u00e1zak<\/a>\n\t\t<\/h3>\n\t\t<a class=\"m-readMoreWidget__btn -coloredBack u-tC link\" href=\"https:\/\/www.startlap.hu\/utazas\/leghavasabb-orszag-ho-havazas-rekord\/\" >Elolvasom<\/a>\n\t<\/div>\n<\/div>\n<h2>Gy\u00f3gyhat\u00e1s\u00fa leveg\u0151, hossz\u00fa s\u00edp\u00e1ly\u00e1k<\/h2>\n<p>Davos t\u00f6rt\u00e9nete j\u00f3val azel\u0151tt kezd\u0151d\u00f6tt, hogy a vil\u00e1g politikai \u00e9s gazdas\u00e1gi elitje felfedezte volna mag\u00e1nak. A 19. sz\u00e1zad v\u00e9g\u00e9n a sv\u00e1jci alpesi v\u00e1ros els\u0151sorban <a href=\"https:\/\/www.startlap.hu\/utazas\/gyogyviz-eros-bukfurdo-szent-kelemen-forras\/\" target=\"_blank\" rel=\"noopener\">gy\u00f3gyhat\u00e1s\u00fa<\/a> \u00fati c\u00e9lk\u00e9nt v\u00e1lt ismertt\u00e9:<\/p>\n<blockquote class=\"article__extraTxt\"><p>a tuberkul\u00f3zisban szenved\u0151k a tiszta hegyi leveg\u0151t\u0151l rem\u00e9ltek enyh\u00fcl\u00e9st \u00e9s gy\u00f3gyul\u00e1st.<\/p><\/blockquote>\n<p>A telep\u00fcl\u00e9s sorsa 1865-ben fordult \u00faj ir\u00e1nyba, amikor meg\u00e9rkeztek az els\u0151 t\u00e9li vend\u00e9gek. B\u00e1r eredetileg nem sportolni j\u00f6ttek, l\u00e1togat\u00e1suk elind\u00edtotta Davos \u00e1talakul\u00e1s\u00e1t, \u00e9s hamarosan rohamosan fejl\u0151dni kezdett a turizmus \u00e9s az infrastrukt\u00fara.<\/p>\n<figure id=\"attachment_101714\" aria-describedby=\"caption-attachment-101714\" style=\"width: 755px\" class=\"wp-caption alignnone\"><a href=\"https:\/\/www.startlap.hu\/utazas\/uploads\/sites\/3\/2026\/01\/davos.jpg\"><img loading=\"lazy\" decoding=\"async\" class=\"size-article-size-large-image wp-image-101714\" src=\"https:\/\/www.startlap.hu\/utazas\/uploads\/sites\/3\/2026\/01\/davos-755x503.jpg\" alt=\"\" width=\"755\" height=\"503\" srcset=\"https:\/\/www.startlap.hu\/utazas\/uploads\/sites\/3\/2026\/01\/davos-755x503.jpg 755w, https:\/\/www.startlap.hu\/utazas\/uploads\/sites\/3\/2026\/01\/davos-1536x1024.jpg 1536w, https:\/\/www.startlap.hu\/utazas\/uploads\/sites\/3\/2026\/01\/davos-525x350.jpg 525w, https:\/\/www.startlap.hu\/utazas\/uploads\/sites\/3\/2026\/01\/davos.jpg 2000w\" sizes=\"auto, (max-width: 755px) 100vw, 755px\" \/><\/a><figcaption id=\"caption-attachment-101714\" class=\"wp-caption-text\">Fot\u00f3: Getty Images<\/figcaption><\/figure>\n<blockquote class=\"article__extraTxt\"><p>Ma Davos 1550 m\u00e9teres magass\u00e1g\u00e1val Eur\u00f3pa egyik legmagasabban fekv\u0151 hegyi \u00fcd\u00fcl\u0151helye,<\/p><\/blockquote>\n<p>ahol a r\u00e9gi szanat\u00f3riumokb\u00f3l modern sz\u00e1llod\u00e1k lettek. A v\u00e1ros els\u0151sorban a <strong>t\u00e9li sportok rajong\u00f3it vonzza<\/strong>, hiszen hatalmas p\u00e1lyarendszere miatt a kontinens legjobb s\u00edterepei k\u00f6z\u00e9 tartozik.<\/p>\n<p>A s\u00edel\u00e9s mellett Davos a h\u00edress\u00e9gek \u00e9s az elit kedvelt c\u00e9lpontja is: <strong>kir\u00e1lyi csal\u00e1dok tagjai \u00e9s vil\u00e1gszt\u00e1rok is rendszeresen megfordulnak itt. <\/strong>A telep\u00fcl\u00e9s az esti \u00f3r\u00e1kban sem csendesedik el: k\u00e1v\u00e9z\u00f3k, \u00e9ttermek \u00e9s sz\u00f3rakoz\u00f3helyek v\u00e1rj\u00e1k a l\u00e1togat\u00f3kat. Emellett kultur\u00e1lis \u00e9s szabadid\u0151s programok is sz\u00ednes\u00edtik a k\u00edn\u00e1latot: a <strong>Kirchner M\u00fazeum<\/strong>, Eur\u00f3pa legnagyobb term\u00e9szetes j\u00e9gp\u00e1ly\u00e1ja \u00e9s egy, a t\u00e9li sportok t\u00f6rt\u00e9net\u00e9t bemutat\u00f3 m\u00fazeum is hozz\u00e1j\u00e1rul ahhoz, hogy Davos ma m\u00e1r nemcsak s\u00edparadicsom, hanem komplex alpesi \u00e9lm\u00e9nyk\u00f6zpontnak sz\u00e1m\u00edt.<\/p>\n<div class=\"o-widget m-readMoreWidget -readMore u-shortDecorLineAfter row widget-container _ce_measure_widget bigdata-widget read-more\" data-ce-measure-widget=\"olvass tov\u00e1bb\">\n\t<div class=\"m-readMoreWidget__imgWrapper image-wrapper col-12 col-md-4 no-p\">\n\t\t<a class=\"m-readMoreWidget__imgLink\" href=\"https:\/\/www.startlap.hu\/utazas\/afrika-biztonsag-mauritius-januar-31-fok-fotok\/\" >\n\t\t\t<img decoding=\"async\" src=\"https:\/\/www.startlap.hu\/utazas\/uploads\/sites\/3\/2025\/12\/mauritius3-350x285.jpg\" class=\"m-readMoreWidget__img\">\n\t\t<\/a>\n\t<\/div>\n\t<div class=\"m-readMoreWidget__titleWrapper title-wrapper col-12 col-md-8\">\n\t\t<span class=\"m-readMoreWidget__titleLabel u-shortDecorLineBefore label hidden-sm-up\">Ez is \u00e9rdekelhet:<\/span>\n\t\t<h3 class=\"m-readMoreWidget__title title\">\n\t\t\t<a class=\"m-readMoreWidget__titleLink -secondFont u-bold u-upperCase\" href=\"https:\/\/www.startlap.hu\/utazas\/afrika-biztonsag-mauritius-januar-31-fok-fotok\/\" >Ahol janu\u00e1rban is 31 fok v\u00e1r &#8211; k\u00e9peken Afrika legbiztons\u00e1gosabb orsz\u00e1ga<\/a>\n\t\t<\/h3>\n\t\t<a class=\"m-readMoreWidget__btn -coloredBack u-tC link\" href=\"https:\/\/www.startlap.hu\/utazas\/afrika-biztonsag-mauritius-januar-31-fok-fotok\/\" >Elolvasom<\/a>\n\t<\/div>\n<\/div>\n","protected":false},"excerpt":{"rendered":"<p>A sv\u00e1jci kisv\u00e1ros m\u00e1r \u00e9vsz\u00e1zadok \u00f3ta vonzza a turist\u00e1kat k\u00fcl\u00f6nleges adotts\u00e1gaival, gy\u00f3gy\u00edt\u00f3 leveg\u0151j\u00e9vel \u00e9s sokr\u00e9t\u0171 k\u00edn\u00e1lat\u00e1val.<\/p>\n","protected":false},"author":63,"featured_media":101714,"comment_status":"closed","ping_status":"closed","sticky":false,"template":"","format":"standard","meta":{"footnotes":""},"categories":[70],"tags":[496,430,3230,309],"class_list":["post-101713","post","type-post","status-publish","format-standard","has-post-thumbnail","hentry","category-vilag","tag-alpok","tag-luxus","tag-siparadicsom","tag-svajc"],"aioseo_notices":[],"_links":{"self":[{"href":"https:\/\/www.startlap.hu\/utazas\/wp-json\/wp\/v2\/posts\/101713","targetHints":{"allow":["GET"]}}],"collection":[{"href":"https:\/\/www.startlap.hu\/utazas\/wp-json\/wp\/v2\/posts"}],"about":[{"href":"https:\/\/www.startlap.hu\/utazas\/wp-json\/wp\/v2\/types\/post"}],"author":[{"embeddable":true,"href":"https:\/\/www.startlap.hu\/utazas\/wp-json\/wp\/v2\/users\/63"}],"replies":[{"embeddable":true,"href":"https:\/\/www.startlap.hu\/utazas\/wp-json\/wp\/v2\/comments?post=101713"}],"version-history":[{"count":3,"href":"https:\/\/www.startlap.hu\/utazas\/wp-json\/wp\/v2\/posts\/101713\/revisions"}],"predecessor-version":[{"id":101717,"href":"https:\/\/www.startlap.hu\/utazas\/wp-json\/wp\/v2\/posts\/101713\/revisions\/101717"}],"wp:featuredmedia":[{"embeddable":true,"href":"https:\/\/www.startlap.hu\/utazas\/wp-json\/wp\/v2\/media\/101714"}],"wp:attachment":[{"href":"https:\/\/www.startlap.hu\/utazas\/wp-json\/wp\/v2\/media?parent=101713"}],"wp:term":[{"taxonomy":"category","embeddable":true,"href":"https:\/\/www.startlap.hu\/utazas\/wp-json\/wp\/v2\/categories?post=101713"},{"taxonomy":"post_tag","embeddable":true,"href":"https:\/\/www.startlap.hu\/utazas\/wp-json\/wp\/v2\/tags?post=101713"}],"curies":[{"name":"wp","href":"https:\/\/api.w.org\/{rel}","templated":true}]}}