{"id":101710,"date":"2026-01-22T19:12:52","date_gmt":"2026-01-22T18:12:52","guid":{"rendered":"https:\/\/www.startlap.hu\/utazas\/?p=101710"},"modified":"2026-01-22T19:19:22","modified_gmt":"2026-01-22T18:19:22","slug":"wizz-air-dubrovnik-uj-repulo-jarat","status":"publish","type":"post","link":"https:\/\/www.startlap.hu\/utazas\/wizz-air-dubrovnik-uj-repulo-jarat\/","title":{"rendered":"A magyarok kedvenc adriai v\u00e1ros\u00e1ba rep\u00fclhet\u00fcnk ezzel az \u00faj j\u00e1rattal"},"content":{"rendered":"<p>Nagy dob\u00e1sra k\u00e9sz\u00fcl a ny\u00e1ri szezon el\u0151tt a <a href=\"https:\/\/www.startlap.hu\/utazas\/wizz_air_jegyar_olcso_akcio\/\" target=\"_blank\" rel=\"noopener\">Wizz Air<\/a>: 2026. j\u00fanius 8-t\u00f3l k\u00f6zvetlen j\u00e1rat indul Budapestr\u0151l a horv\u00e1t tengerpart egyik legn\u00e9pszer\u0171bb \u00fati c\u00e9lj\u00e1ra, <a href=\"https:\/\/www.startlap.hu\/utazas\/horvatorszag-bolt-arak-osszehasonlitas-dubrovnik\/\" target=\"_blank\" rel=\"noopener\">Dubrovnikba<\/a>. Az \u00faj \u00fatvonal k\u00fcl\u00f6n\u00f6sen vonz\u00f3 lehet a magyar utaz\u00f3knak, hiszen a jegyek m\u00e1r <strong>11 990 forintos indul\u00f3 \u00e1rt\u00f3l el\u00e9rhet\u0151k<\/strong>, r\u00e1ad\u00e1sul a j\u00e1ratok kora reggel indulnak, \u00edgy a nyaral\u00e1s els\u0151 napja m\u00e1r a tengerparton kezd\u0151dhet, ad h\u00edrt a <a href=\"https:\/\/www.hirstart.hu\/site\/relocate.php?rssid=1279&amp;rsspid=3&amp;ctype=rss&amp;id=43308548&amp;chk=a025242f5c047fe2566f87e5e112ad75&amp;url=https%3A%2F%2Fwww.szeretlekmagyarorszag.hu%2Futazz%2Fwizz-air-kozvetlen-jarat-dubrovnik-nyaralas-2026%2F\" target=\"_blank\" target=\"_blank\" rel=\"noopener\">Szeretlek Magyarorsz\u00e1g<\/a>.<\/p>\n<div class=\"o-widget m-readMoreWidget -readMore u-shortDecorLineAfter row widget-container _ce_measure_widget bigdata-widget read-more\" data-ce-measure-widget=\"olvass tov\u00e1bb\">\n\t<div class=\"m-readMoreWidget__imgWrapper image-wrapper col-12 col-md-4 no-p\">\n\t\t<a class=\"m-readMoreWidget__imgLink\" href=\"https:\/\/www.startlap.hu\/utazas\/tel-nyaralas-kanari-szigetek-el-hierro-fotok\/\" >\n\t\t\t<img decoding=\"async\" src=\"https:\/\/www.startlap.hu\/utazas\/uploads\/sites\/3\/2026\/01\/elhierro-04-350x285.jpg\" class=\"m-readMoreWidget__img\">\n\t\t<\/a>\n\t<\/div>\n\t<div class=\"m-readMoreWidget__titleWrapper title-wrapper col-12 col-md-8\">\n\t\t<span class=\"m-readMoreWidget__titleLabel u-shortDecorLineBefore label hidden-sm-up\">Ez is \u00e9rdekelhet:<\/span>\n\t\t<h3 class=\"m-readMoreWidget__title title\">\n\t\t\t<a class=\"m-readMoreWidget__titleLink -secondFont u-bold u-upperCase\" href=\"https:\/\/www.startlap.hu\/utazas\/tel-nyaralas-kanari-szigetek-el-hierro-fotok\/\" >T\u00e9len is 20 fok, nyugalom &#8211; a &#8222;titkos&#8221; eur\u00f3pai sziget, ahol alig van turista<\/a>\n\t\t<\/h3>\n\t\t<a class=\"m-readMoreWidget__btn -coloredBack u-tC link\" href=\"https:\/\/www.startlap.hu\/utazas\/tel-nyaralas-kanari-szigetek-el-hierro-fotok\/\" >Elolvasom<\/a>\n\t<\/div>\n<\/div>\n<h2>Heti h\u00e1rom j\u00e1rat, kora reggeli indul\u00e1ssal<\/h2>\n<p>A l\u00e9git\u00e1rsas\u00e1g tervei szerint a dubrovniki j\u00e1ratok hetente h\u00e1rom alkalommal k\u00f6zlekednek majd: h\u00e9tf\u0151n, szerd\u00e1n \u00e9s p\u00e9nteken. A g\u00e9pek a <strong>Liszt Ferenc Nemzetk\u00f6zi Rep\u00fcl\u0151t\u00e9rr\u0151l<\/strong> indulnak majd, <strong>h\u00e9tf\u0151n \u00e9s p\u00e9nteken 6:20-kor, szerd\u00e1n pedig m\u00e1r 6:00-kor.<\/strong> A rep\u00fcl\u00e9si id\u0151 r\u00f6vid:<\/p>\n<blockquote class=\"article__extraTxt\"><p>a j\u00e1ratok k\u00f6r\u00fclbel\u00fcl 7:15\u20137:35 k\u00f6z\u00f6tt \u00e9rkeznek meg a dalm\u00e1t tengerpartra,<\/p><\/blockquote>\n<p>\u00edgy a korai indul\u00e1s\u00e9rt cser\u00e9be szinte egy teljes plusz napot nyerhetnek az utaz\u00f3k.<\/p>\n<figure id=\"attachment_101711\" aria-describedby=\"caption-attachment-101711\" style=\"width: 755px\" class=\"wp-caption alignnone\"><a href=\"https:\/\/www.startlap.hu\/utazas\/uploads\/sites\/3\/2026\/01\/dubrovnik.jpg\"><img loading=\"lazy\" decoding=\"async\" class=\"size-article-size-large-image wp-image-101711\" src=\"https:\/\/www.startlap.hu\/utazas\/uploads\/sites\/3\/2026\/01\/dubrovnik-755x504.jpg\" alt=\"\" width=\"755\" height=\"504\" srcset=\"https:\/\/www.startlap.hu\/utazas\/uploads\/sites\/3\/2026\/01\/dubrovnik-755x504.jpg 755w, https:\/\/www.startlap.hu\/utazas\/uploads\/sites\/3\/2026\/01\/dubrovnik-1536x1025.jpg 1536w, https:\/\/www.startlap.hu\/utazas\/uploads\/sites\/3\/2026\/01\/dubrovnik-2048x1367.jpg 2048w, https:\/\/www.startlap.hu\/utazas\/uploads\/sites\/3\/2026\/01\/dubrovnik-524x350.jpg 524w\" sizes=\"auto, (max-width: 755px) 100vw, 755px\" \/><\/a><figcaption id=\"caption-attachment-101711\" class=\"wp-caption-text\">Fot\u00f3: Getty Images<\/figcaption><\/figure>\n<h2>Modern g\u00e9pek \u00e9s b\u0151v\u00fcl\u0151 kapacit\u00e1s<\/h2>\n<p>Az \u00fatvonalon <strong>Airbus A321neo<\/strong> t\u00edpus\u00fa rep\u00fcl\u0151g\u00e9pek k\u00f6zlekednek majd, amelyek a Wizz Air flott\u00e1j\u00e1nak legmodernebb tagjai k\u00f6z\u00e9 tartoznak. A dubrovniki j\u00e1rat nem \u00f6n\u00e1ll\u00f3 fejleszt\u00e9s:<\/p>\n<blockquote class=\"article__extraTxt\"><p>a l\u00e9git\u00e1rsas\u00e1g jelent\u0151s budapesti kapacit\u00e1sb\u0151v\u00edt\u00e9st hajt v\u00e9gre, m\u00e1just\u00f3l m\u00e1r 19 rep\u00fcl\u0151g\u00e9pet \u00e1llom\u00e1soztat a f\u0151v\u00e1rosi b\u00e1zison.<\/p><\/blockquote>\n<h2>\u00daj nyaral\u00f3helyek Budapestr\u0151l<\/h2>\n<p>A dubrovniki \u00fatvonal mellett t\u00f6bb \u00faj c\u00e9l\u00e1llom\u00e1s is el\u00e9rhet\u0151v\u00e9 v\u00e1lik Budapestr\u0151l: a Wizz Air k\u00edn\u00e1lat\u00e1ban megjelenik <a href=\"https:\/\/www.startlap.hu\/utazas\/gorogorszag-tengerpart-homokos-top10\/\" target=\"_blank\" rel=\"noopener\"><strong>Kefal\u00f3nia<\/strong><\/a>, <strong>Kalamata<\/strong>, <strong>Menorca<\/strong>, <strong>V\u00e1rna<\/strong> \u00e9s <strong>Krakk\u00f3<\/strong> is, ami azt jelzi, hogy a l\u00e9git\u00e1rsas\u00e1g tov\u00e1bb er\u0151s\u00edti jelenl\u00e9t\u00e9t a magyar piacon, \u00e9s a ny\u00e1ri turizmusra \u00e9p\u00edt.<\/p>\n<p>A dubrovniki j\u00e1ratra a jegyek a Wizz Air hivatalos honlapj\u00e1n \u00e9s mobilalkalmaz\u00e1s\u00e1ban v\u00e1s\u00e1rolhat\u00f3k meg. Az alacsony indul\u00f3 \u00e1rak miatt v\u00e1rhat\u00f3an nagy lesz az \u00e9rdekl\u0151d\u00e9s, ez\u00e9rt \u00e9rdemes id\u0151ben lefoglalni az utaz\u00e1st \u2013 k\u00fcl\u00f6n\u00f6sen azoknak, akik olcs\u00f3n szeretn\u00e9nek eljutni a horv\u00e1t tengerpart egyik legszebb v\u00e1ros\u00e1ba.<\/p>\n<div class=\"o-widget m-readMoreWidget -readMore u-shortDecorLineAfter row widget-container _ce_measure_widget bigdata-widget read-more\" data-ce-measure-widget=\"olvass tov\u00e1bb\">\n\t<div class=\"m-readMoreWidget__imgWrapper image-wrapper col-12 col-md-4 no-p\">\n\t\t<a class=\"m-readMoreWidget__imgLink\" href=\"https:\/\/www.startlap.hu\/utazas\/afrika-biztonsag-mauritius-januar-31-fok-fotok\/\" >\n\t\t\t<img decoding=\"async\" src=\"https:\/\/www.startlap.hu\/utazas\/uploads\/sites\/3\/2025\/12\/mauritius3-350x285.jpg\" class=\"m-readMoreWidget__img\">\n\t\t<\/a>\n\t<\/div>\n\t<div class=\"m-readMoreWidget__titleWrapper title-wrapper col-12 col-md-8\">\n\t\t<span class=\"m-readMoreWidget__titleLabel u-shortDecorLineBefore label hidden-sm-up\">Ez is \u00e9rdekelhet:<\/span>\n\t\t<h3 class=\"m-readMoreWidget__title title\">\n\t\t\t<a class=\"m-readMoreWidget__titleLink -secondFont u-bold u-upperCase\" href=\"https:\/\/www.startlap.hu\/utazas\/afrika-biztonsag-mauritius-januar-31-fok-fotok\/\" >Ahol janu\u00e1rban is 31 fok v\u00e1r &#8211; k\u00e9peken Afrika legbiztons\u00e1gosabb orsz\u00e1ga<\/a>\n\t\t<\/h3>\n\t\t<a class=\"m-readMoreWidget__btn -coloredBack u-tC link\" href=\"https:\/\/www.startlap.hu\/utazas\/afrika-biztonsag-mauritius-januar-31-fok-fotok\/\" >Elolvasom<\/a>\n\t<\/div>\n<\/div>\n","protected":false},"excerpt":{"rendered":"<p>Egyszer\u0171bb\u00e9 v\u00e1lik az utaz\u00e1s a horv\u00e1t tengerpart egyik legn\u00e9pszer\u0171bb v\u00e1ros\u00e1ba: ny\u00e1rt\u00f3l kora reggeli rep\u00fcl\u0151j\u00e1rattal is indulhatunk.<\/p>\n","protected":false},"author":63,"featured_media":101711,"comment_status":"closed","ping_status":"closed","sticky":false,"template":"","format":"standard","meta":{"footnotes":""},"categories":[70],"tags":[580,112,7013,447],"class_list":["post-101710","post","type-post","status-publish","format-standard","has-post-thumbnail","hentry","category-vilag","tag-dubrovnik","tag-horvatorszag","tag-uj-repulojarat","tag-wizz-air"],"aioseo_notices":[],"_links":{"self":[{"href":"https:\/\/www.startlap.hu\/utazas\/wp-json\/wp\/v2\/posts\/101710","targetHints":{"allow":["GET"]}}],"collection":[{"href":"https:\/\/www.startlap.hu\/utazas\/wp-json\/wp\/v2\/posts"}],"about":[{"href":"https:\/\/www.startlap.hu\/utazas\/wp-json\/wp\/v2\/types\/post"}],"author":[{"embeddable":true,"href":"https:\/\/www.startlap.hu\/utazas\/wp-json\/wp\/v2\/users\/63"}],"replies":[{"embeddable":true,"href":"https:\/\/www.startlap.hu\/utazas\/wp-json\/wp\/v2\/comments?post=101710"}],"version-history":[{"count":1,"href":"https:\/\/www.startlap.hu\/utazas\/wp-json\/wp\/v2\/posts\/101710\/revisions"}],"predecessor-version":[{"id":101712,"href":"https:\/\/www.startlap.hu\/utazas\/wp-json\/wp\/v2\/posts\/101710\/revisions\/101712"}],"wp:featuredmedia":[{"embeddable":true,"href":"https:\/\/www.startlap.hu\/utazas\/wp-json\/wp\/v2\/media\/101711"}],"wp:attachment":[{"href":"https:\/\/www.startlap.hu\/utazas\/wp-json\/wp\/v2\/media?parent=101710"}],"wp:term":[{"taxonomy":"category","embeddable":true,"href":"https:\/\/www.startlap.hu\/utazas\/wp-json\/wp\/v2\/categories?post=101710"},{"taxonomy":"post_tag","embeddable":true,"href":"https:\/\/www.startlap.hu\/utazas\/wp-json\/wp\/v2\/tags?post=101710"}],"curies":[{"name":"wp","href":"https:\/\/api.w.org\/{rel}","templated":true}]}}