{"id":101686,"date":"2026-01-22T15:24:49","date_gmt":"2026-01-22T14:24:49","guid":{"rendered":"https:\/\/www.startlap.hu\/utazas\/?p=101686"},"modified":"2026-01-22T15:24:49","modified_gmt":"2026-01-22T14:24:49","slug":"mezokovacshaza-gyogyfurdo-bezaras-hatosagi-ellenorzes-vendeg","status":"publish","type":"post","link":"https:\/\/www.startlap.hu\/utazas\/mezokovacshaza-gyogyfurdo-bezaras-hatosagi-ellenorzes-vendeg\/","title":{"rendered":"V\u00e1ratlanul bez\u00e1rt az olcs\u00f3 term\u00e1lf\u00fcrd\u0151: vend\u00e9gek fordultak a hat\u00f3s\u00e1gokhoz"},"content":{"rendered":"<p>A <strong>Mez\u0151kov\u00e1csh\u00e1zi Borosty\u00e1n Camping \u00e9s Strandf\u00fcrd\u0151<\/strong> az orsz\u00e1g egyik legolcs\u00f3bb <a href=\"https:\/\/www.startlap.hu\/utazas\/gyogyviz-eros-bukfurdo-szent-kelemen-forras\/\" target=\"_blank\" rel=\"noopener\">gy\u00f3gyvizes<\/a> f\u00fcrd\u0151jek\u00e9nt v\u00e1rta vend\u00e9geit eg\u00e9szen m\u00falt h\u00e9tv\u00e9g\u00e9ig, amikor z\u00e1rva maradt, sz\u00e1molt be a <a href=\"https:\/\/termalonline.hu\/termal-hirek\/valakik-felnyomtak-a-hatosagoknal-az-orszag-legolcsobb-gyogyvizes-furdojet\" target=\"_blank\" target=\"_blank\" rel=\"noopener\">Term\u00e1l Online<\/a>. A v\u00e1ratlan bez\u00e1r\u00e1s oka hat\u00f3s\u00e1gi ellen\u0151rz\u00e9s volt, melyet egyes vend\u00e9gek bejelent\u00e9sei indokolhattak: n\u00e9zz\u00fck, mi \u00e1ll a h\u00e1tt\u00e9rben!<\/p>\n<div class=\"o-widget m-readMoreWidget -readMore u-shortDecorLineAfter row widget-container _ce_measure_widget bigdata-widget read-more\" data-ce-measure-widget=\"olvass tov\u00e1bb\">\n\t<div class=\"m-readMoreWidget__imgWrapper image-wrapper col-12 col-md-4 no-p\">\n\t\t<a class=\"m-readMoreWidget__imgLink\" href=\"https:\/\/www.startlap.hu\/utazas\/tel-nyaralas-kanari-szigetek-el-hierro-fotok\/\" >\n\t\t\t<img decoding=\"async\" src=\"https:\/\/www.startlap.hu\/utazas\/uploads\/sites\/3\/2026\/01\/elhierro-04-350x285.jpg\" class=\"m-readMoreWidget__img\">\n\t\t<\/a>\n\t<\/div>\n\t<div class=\"m-readMoreWidget__titleWrapper title-wrapper col-12 col-md-8\">\n\t\t<span class=\"m-readMoreWidget__titleLabel u-shortDecorLineBefore label hidden-sm-up\">Ez is \u00e9rdekelhet:<\/span>\n\t\t<h3 class=\"m-readMoreWidget__title title\">\n\t\t\t<a class=\"m-readMoreWidget__titleLink -secondFont u-bold u-upperCase\" href=\"https:\/\/www.startlap.hu\/utazas\/tel-nyaralas-kanari-szigetek-el-hierro-fotok\/\" >T\u00e9len is 20 fok, nyugalom &#8211; a &#8222;titkos&#8221; eur\u00f3pai sziget, ahol alig van turista<\/a>\n\t\t<\/h3>\n\t\t<a class=\"m-readMoreWidget__btn -coloredBack u-tC link\" href=\"https:\/\/www.startlap.hu\/utazas\/tel-nyaralas-kanari-szigetek-el-hierro-fotok\/\" >Elolvasom<\/a>\n\t<\/div>\n<\/div>\n<h2>Kisebb hi\u00e1nyoss\u00e1gok miatt z\u00e1rt be<\/h2>\n<p>A mez\u0151kov\u00e1csh\u00e1zi gy\u00f3gyf\u00fcrd\u0151 <a href=\"https:\/\/www.startlap.hu\/utazas\/miskolctapolca-barlangfurdo-ujranyitas\/\" target=\"_blank\" rel=\"noopener\">\u00fajranyit\u00e1s\u00e1t<\/a> k\u00f6vet\u0151en kezdetben csak h\u00e9tv\u00e9gi napokon tartott nyitva, azonban a n\u00f6vekv\u0151 \u00e9rdekl\u0151d\u00e9s miatt k\u00e9s\u0151bb p\u00e9nteki nyitvatart\u00e1st is bevezettek. M\u00falt h\u00e9tv\u00e9g\u00e9n azonban v\u00e1ratlanul z\u00e1rva maradt a strand, amit el\u0151sz\u00f6r technikai probl\u00e9m\u00e1kkal indokoltak. Farkas Norbert polg\u00e1rmester arr\u00f3l \u00edrt, hogy szombaton hat\u00f3s\u00e1gi ellen\u0151rz\u00e9s zajlott a strandf\u00fcrd\u0151 ter\u00fclet\u00e9n, sz\u00e1mol be a Term\u00e1l Online.<\/p>\n<blockquote><p>Az ellen\u0151rz\u00e9s sor\u00e1n felt\u00e1rt hi\u00e1nyoss\u00e1gok megsz\u00fcntet\u00e9s\u00e9n a strandf\u00fcrd\u0151 munkat\u00e1rsai jelenleg is dolgoznak annak \u00e9rdek\u00e9ben, hogy a l\u00e9tes\u00edtm\u00e9ny a lehet\u0151 leghamarabb ism\u00e9t megnyithassa kapuit a pihenni \u00e9s gy\u00f3gyulni v\u00e1gy\u00f3 vend\u00e9gek el\u0151tt<\/p><\/blockquote>\n<p>\u2013 k\u00f6z\u00f6lte a polg\u00e1rmester.<\/p>\n<figure id=\"attachment_100049\" aria-describedby=\"caption-attachment-100049\" style=\"width: 755px\" class=\"wp-caption alignnone\"><a href=\"https:\/\/www.startlap.hu\/utazas\/uploads\/sites\/3\/2025\/12\/termalfurdo.jpg\"><img loading=\"lazy\" decoding=\"async\" class=\"size-article-size-large-image wp-image-100049\" src=\"https:\/\/www.startlap.hu\/utazas\/uploads\/sites\/3\/2025\/12\/termalfurdo-755x503.jpg\" alt=\"\" width=\"755\" height=\"503\" srcset=\"https:\/\/www.startlap.hu\/utazas\/uploads\/sites\/3\/2025\/12\/termalfurdo-755x503.jpg 755w, https:\/\/www.startlap.hu\/utazas\/uploads\/sites\/3\/2025\/12\/termalfurdo-1536x1024.jpg 1536w, https:\/\/www.startlap.hu\/utazas\/uploads\/sites\/3\/2025\/12\/termalfurdo-2048x1365.jpg 2048w, https:\/\/www.startlap.hu\/utazas\/uploads\/sites\/3\/2025\/12\/termalfurdo-525x350.jpg 525w\" sizes=\"auto, (max-width: 755px) 100vw, 755px\" \/><\/a><figcaption id=\"caption-attachment-100049\" class=\"wp-caption-text\">K\u00e9p\u00fcnk illusztr\u00e1ci\u00f3. Fot\u00f3: Getty Images<\/figcaption><\/figure>\n<p>K\u00e9s\u0151bb kider\u00fclt, hogy a h\u00e1tt\u00e9rben hivatalos ellen\u0151rz\u00e9s \u00e1llt: <strong>t\u00f6bb hat\u00f3s\u00e1g egyszerre vizsg\u00e1lta a f\u00fcrd\u0151 m\u0171k\u00f6d\u00e9s\u00e9t.<\/strong> A telep\u00fcl\u00e9s polg\u00e1rmestere \u00e9s a f\u00fcrd\u0151 vezet\u00e9se is hangs\u00falyozta, hogy nem t\u00f6rt\u00e9nt olyan s\u00falyos szab\u00e1lytalans\u00e1g, amely indokolta volna a hat\u00f3s\u00e1gi bez\u00e1r\u00e1st. A pletyk\u00e1kkal ellent\u00e9tben p\u00e9ld\u00e1ul<\/p>\n<blockquote class=\"article__extraTxt\"><p>r\u00e1gcs\u00e1l\u00f3k jelenl\u00e9t\u00e9re nem tal\u00e1ltak bizony\u00edt\u00e9kot, \u00e9s a vend\u00e9gek biztons\u00e1g\u00e1t sem \u00e9rintette semmilyen probl\u00e9ma.<\/p><\/blockquote>\n<p>Az ellen\u0151rz\u00e9sek sor\u00e1n mind\u00f6ssze <strong>kisebb hi\u00e1nyoss\u00e1gokat t\u00e1rtak fel, p\u00e9ld\u00e1ul jel\u00f6l\u00e9sek p\u00f3tl\u00e1s\u00e1t \u00e9s dokumentumok megfelel\u0151 elhelyez\u00e9s\u00e9t.<\/strong> A f\u00fcrd\u0151 vezet\u00e9se m\u00e9gis \u00fagy d\u00f6nt\u00f6tt, hogy a <strong>hib\u00e1k kijav\u00edt\u00e1s\u00e1nak idej\u00e9re \u00f6nk\u00e9ntesen bez\u00e1r<\/strong>, hogy a sz\u00fcks\u00e9ges int\u00e9zked\u00e9seket gyorsan \u00e9s alaposan el tudj\u00e1k v\u00e9gezni. Az id\u0151szakot arra is kihaszn\u00e1lt\u00e1k, hogy \u00faj, korszer\u0171bb \u00f6lt\u00f6z\u0151ket alak\u00edtsanak ki.<\/p>\n<p>A jelenlegi tervek szerint <strong>a f\u00fcrd\u0151 p\u00e9nteken \u00fajra megnyitja kapuit<\/strong>, meg\u00fajult k\u00f6rnyezetben \u00e9s v\u00e1ltozatlanul kedvez\u0151 \u00e1rakkal. A mez\u0151kov\u00e1csh\u00e1zi term\u00e1lv\u00edz m\u00e1r 1997 \u00f3ta hivatalosan is gy\u00f3gyv\u00edznek sz\u00e1m\u00edt: \u00f6sszet\u00e9tele miatt f\u0151k\u00e9nt mozg\u00e1sszervi \u00e9s n\u0151gy\u00f3gy\u00e1szati panaszok enyh\u00edt\u00e9s\u00e9re aj\u00e1nlj\u00e1k, emellett stresszold\u00f3 hat\u00e1sa is ismert. A f\u00fcrd\u0151 teh\u00e1t r\u00f6vid k\u00e9nyszersz\u00fcnet ut\u00e1n ism\u00e9t fogadja a vend\u00e9geket, \u00e9s tov\u00e1bbra is az egyik legolcs\u00f3bb gy\u00f3gyf\u00fcrd\u0151z\u00e9si lehet\u0151s\u00e9get k\u00edn\u00e1lja az orsz\u00e1gban.<\/p>\n<div class=\"o-widget m-readMoreWidget -readMore u-shortDecorLineAfter row widget-container _ce_measure_widget bigdata-widget read-more\" data-ce-measure-widget=\"olvass tov\u00e1bb\">\n\t<div class=\"m-readMoreWidget__imgWrapper image-wrapper col-12 col-md-4 no-p\">\n\t\t<a class=\"m-readMoreWidget__imgLink\" href=\"https:\/\/www.startlap.hu\/utazas\/afrika-biztonsag-mauritius-januar-31-fok-fotok\/\" >\n\t\t\t<img decoding=\"async\" src=\"https:\/\/www.startlap.hu\/utazas\/uploads\/sites\/3\/2025\/12\/mauritius3-350x285.jpg\" class=\"m-readMoreWidget__img\">\n\t\t<\/a>\n\t<\/div>\n\t<div class=\"m-readMoreWidget__titleWrapper title-wrapper col-12 col-md-8\">\n\t\t<span class=\"m-readMoreWidget__titleLabel u-shortDecorLineBefore label hidden-sm-up\">Ez is \u00e9rdekelhet:<\/span>\n\t\t<h3 class=\"m-readMoreWidget__title title\">\n\t\t\t<a class=\"m-readMoreWidget__titleLink -secondFont u-bold u-upperCase\" href=\"https:\/\/www.startlap.hu\/utazas\/afrika-biztonsag-mauritius-januar-31-fok-fotok\/\" >Ahol janu\u00e1rban is 31 fok v\u00e1r &#8211; k\u00e9peken Afrika legbiztons\u00e1gosabb orsz\u00e1ga<\/a>\n\t\t<\/h3>\n\t\t<a class=\"m-readMoreWidget__btn -coloredBack u-tC link\" href=\"https:\/\/www.startlap.hu\/utazas\/afrika-biztonsag-mauritius-januar-31-fok-fotok\/\" >Elolvasom<\/a>\n\t<\/div>\n<\/div>\n","protected":false},"excerpt":{"rendered":"<p>M\u00falt h\u00e9tv\u00e9g\u00e9n v\u00e1ratlanul z\u00e1rva maradt az orsz\u00e1g egyik legolcs\u00f3bb gy\u00f3gyf\u00fcrd\u0151je, ahol 1000 forint alatt van a bel\u00e9p\u0151: n\u00e9zz\u00fck, mi \u00e1ll a furcsa eset h\u00e1tter\u00e9ben!<\/p>\n","protected":false},"author":63,"featured_media":95881,"comment_status":"closed","ping_status":"closed","sticky":false,"template":"","format":"standard","meta":{"footnotes":""},"categories":[7],"tags":[1112,3721,6207,1812],"class_list":["post-101686","post","type-post","status-publish","format-standard","has-post-thumbnail","hentry","category-belfold-utazas","tag-gyogyviz","tag-hatosag","tag-mezokovacshaza","tag-termalviz"],"aioseo_notices":[],"_links":{"self":[{"href":"https:\/\/www.startlap.hu\/utazas\/wp-json\/wp\/v2\/posts\/101686","targetHints":{"allow":["GET"]}}],"collection":[{"href":"https:\/\/www.startlap.hu\/utazas\/wp-json\/wp\/v2\/posts"}],"about":[{"href":"https:\/\/www.startlap.hu\/utazas\/wp-json\/wp\/v2\/types\/post"}],"author":[{"embeddable":true,"href":"https:\/\/www.startlap.hu\/utazas\/wp-json\/wp\/v2\/users\/63"}],"replies":[{"embeddable":true,"href":"https:\/\/www.startlap.hu\/utazas\/wp-json\/wp\/v2\/comments?post=101686"}],"version-history":[{"count":3,"href":"https:\/\/www.startlap.hu\/utazas\/wp-json\/wp\/v2\/posts\/101686\/revisions"}],"predecessor-version":[{"id":101704,"href":"https:\/\/www.startlap.hu\/utazas\/wp-json\/wp\/v2\/posts\/101686\/revisions\/101704"}],"wp:featuredmedia":[{"embeddable":true,"href":"https:\/\/www.startlap.hu\/utazas\/wp-json\/wp\/v2\/media\/95881"}],"wp:attachment":[{"href":"https:\/\/www.startlap.hu\/utazas\/wp-json\/wp\/v2\/media?parent=101686"}],"wp:term":[{"taxonomy":"category","embeddable":true,"href":"https:\/\/www.startlap.hu\/utazas\/wp-json\/wp\/v2\/categories?post=101686"},{"taxonomy":"post_tag","embeddable":true,"href":"https:\/\/www.startlap.hu\/utazas\/wp-json\/wp\/v2\/tags?post=101686"}],"curies":[{"name":"wp","href":"https:\/\/api.w.org\/{rel}","templated":true}]}}