{"id":101649,"date":"2026-01-23T10:52:14","date_gmt":"2026-01-23T09:52:14","guid":{"rendered":"https:\/\/www.startlap.hu\/utazas\/?p=101649"},"modified":"2026-01-23T10:52:14","modified_gmt":"2026-01-23T09:52:14","slug":"tenerife-europa-tel-hideg-fagy-meleg","status":"publish","type":"post","link":"https:\/\/www.startlap.hu\/utazas\/tenerife-europa-tel-hideg-fagy-meleg\/","title":{"rendered":"Febru\u00e1rban is 21 fok, egy f\u0151\u00e9tel 12\u201318 eur\u00f3: ez Eur\u00f3pa legnaposabb t\u00e9li \u00fati c\u00e9lja"},"content":{"rendered":"<p>J\u00f3 h\u00edr\u00fcnk van: a kellemes, napos id\u0151\u00e9rt nem kell egzotikus, t\u00f6bb \u00e1tsz\u00e1ll\u00e1sos utaz\u00e1sba kezdeni: itt van nek\u00fcnk Tenerife, a <a href=\"https:\/\/www.startlap.hu\/utazas\/tel-nyaralas-kanari-szigetek-el-hierro-fotok\/\" target=\"_blank\" rel=\"noopener\">Kan\u00e1ri-szigetek<\/a> legnagyobbika Eur\u00f3pa egyik legnaposabb t\u00e9li \u00fati c\u00e9lja.<\/p>\n<div class=\"o-widget m-readMoreWidget -readMore u-shortDecorLineAfter row widget-container _ce_measure_widget bigdata-widget read-more\" data-ce-measure-widget=\"olvass tov\u00e1bb\">\n\t<div class=\"m-readMoreWidget__imgWrapper image-wrapper col-12 col-md-4 no-p\">\n\t\t<a class=\"m-readMoreWidget__imgLink\" href=\"https:\/\/www.startlap.hu\/utazas\/legitarsasag-oltozkodesi-szabalyzat-mezitlab-ruha\/\" >\n\t\t\t<img decoding=\"async\" src=\"https:\/\/www.startlap.hu\/utazas\/uploads\/sites\/3\/2024\/12\/repulout-350x285.jpg\" class=\"m-readMoreWidget__img\">\n\t\t<\/a>\n\t<\/div>\n\t<div class=\"m-readMoreWidget__titleWrapper title-wrapper col-12 col-md-8\">\n\t\t<span class=\"m-readMoreWidget__titleLabel u-shortDecorLineBefore label hidden-sm-up\">Ez is \u00e9rdekelhet:<\/span>\n\t\t<h3 class=\"m-readMoreWidget__title title\">\n\t\t\t<a class=\"m-readMoreWidget__titleLink -secondFont u-bold u-upperCase\" href=\"https:\/\/www.startlap.hu\/utazas\/legitarsasag-oltozkodesi-szabalyzat-mezitlab-ruha\/\" >Tilt\u00f3list\u00e1ra tett\u00e9k a l\u00e9git\u00e1rsas\u00e1gok ezeket a ruh\u00e1kat: ne vedd fel, mert lesz\u00e1ll\u00edtanak<\/a>\n\t\t<\/h3>\n\t\t<a class=\"m-readMoreWidget__btn -coloredBack u-tC link\" href=\"https:\/\/www.startlap.hu\/utazas\/legitarsasag-oltozkodesi-szabalyzat-mezitlab-ruha\/\" >Elolvasom<\/a>\n\t<\/div>\n<\/div>\n<p><a href=\"https:\/\/www.startlap.hu\/utazas\/tenerife-vihar-pincer-mentes\/\" target=\"_blank\" rel=\"noopener\">Tenerife<\/a> a t\u00e9li h\u00f3napokban 850 \u00f3r\u00e1t is meghalad\u00f3 naps\u00fct\u00e9ssel b\u00fcszk\u00e9lkedhet, ami messze kiemeli az eur\u00f3pai mez\u0151nyb\u0151l. Janu\u00e1rban \u00e9s febru\u00e1rban a nappali h\u0151m\u00e9rs\u00e9klet jellemz\u0151en 20\u201321 Celsius-fok, az est\u00e9k pedig enyh\u00e9k \u2013 ide\u00e1lis azoknak, akik nem a tikkaszt\u00f3 h\u0151s\u00e9gre, hanem a kellemes tavaszias id\u0151re v\u00e1gynak.<\/p>\n<h2>Magyarorsz\u00e1gr\u00f3l is k\u00f6nnyen el\u00e9rhet\u0151<\/h2>\n<p>Tenerif\u00e9re Budapestr\u0151l k\u00f6zvetlen j\u00e1ratok is indulnak a t\u00e9li szezonban. Fapados l\u00e9git\u00e1rsas\u00e1gokkal az oda-vissza rep\u00fcl\u0151jegy 30\u201360 ezer forint k\u00f6z\u00f6tt el\u00e9rhet\u0151, m\u00edg magasabb kateg\u00f3ri\u00e1s l\u00e9git\u00e1rsas\u00e1gokn\u00e1l jellemz\u0151en 70\u2013120 ezer forint k\u00f6z\u00f6tti \u00e1rakkal \u00e9rdemes sz\u00e1molni \u2013 poggy\u00e1szt\u00f3l \u00e9s id\u0151pontt\u00f3l f\u00fcgg\u0151en.<\/p>\n<p>A rep\u00fcl\u00e9si id\u0151 \u00e1tlagosan 5\u20135,5 \u00f3ra, \u00edgy ak\u00e1r egy hosszabb h\u00e9tv\u00e9g\u00e9re is ide\u00e1lis v\u00e1laszt\u00e1s lehet.<\/p>\n<p>B\u00e1r az Atlanti-\u00f3ce\u00e1n vize t\u00e9len h\u0171v\u00f6sebb, \u00fasz\u00e1sra kevesen v\u00e1llalkoznak, a kellemes h\u0151m\u00e9rs\u00e9klet t\u00f6k\u00e9letes hossz\u00fa tengerparti s\u00e9t\u00e1khoz. A n\u00e9pszer\u0171 Playa de las Vistas \u00e9s Playa de las Teresitas ny\u00e1ron zs\u00fafolt strandjai t\u00e9len sokkal nyugodtabbak, \u00edgy zavartalanul \u00e9lvezhet\u0151k a kil\u00e1t\u00e1sok \u00e9s az aranysz\u00edn\u0171 homok.<\/p>\n<blockquote class=\"article__extraTxt\"><p>K\u00fcl\u00f6nleges l\u00e1tv\u00e1nyt ny\u00fajt a Playa Jard\u00edn, ahol a fekete vulkanikus homok eg\u00e9szen egyedi fot\u00f3kat \u00edg\u00e9r.<\/p><\/blockquote>\n<p>A t\u00e9li enyhe id\u0151 nemcsak pihen\u00e9sre, hanem akt\u00edv kikapcsol\u00f3d\u00e1sra is t\u00f6k\u00e9letes. A Teide Nemzeti Park t\u00fara\u00fatvonalai ilyenkor a legn\u00e9pszer\u0171bbek, hiszen nincs extr\u00e9m h\u0151s\u00e9g, ami megnehez\u00edten\u00e9 a kir\u00e1ndul\u00e1st. A botanikus kertek \u00e9s hegyi panor\u00e1m\u00e1k szint\u00e9n ilyenkor mutatj\u00e1k meg igaz\u00e1n bar\u00e1ts\u00e1gos arcukat.<\/p>\n<figure id=\"attachment_101654\" aria-describedby=\"caption-attachment-101654\" style=\"width: 755px\" class=\"wp-caption alignnone\"><img loading=\"lazy\" decoding=\"async\" class=\"size-article-size-large-image wp-image-101654\" src=\"https:\/\/www.startlap.hu\/utazas\/uploads\/sites\/3\/2026\/01\/GettyImages-601162583_11zon-755x503.jpg\" alt=\"Tenerife tengerpart\" width=\"755\" height=\"503\" srcset=\"https:\/\/www.startlap.hu\/utazas\/uploads\/sites\/3\/2026\/01\/GettyImages-601162583_11zon-755x503.jpg 755w, https:\/\/www.startlap.hu\/utazas\/uploads\/sites\/3\/2026\/01\/GettyImages-601162583_11zon-1536x1024.jpg 1536w, https:\/\/www.startlap.hu\/utazas\/uploads\/sites\/3\/2026\/01\/GettyImages-601162583_11zon-525x350.jpg 525w, https:\/\/www.startlap.hu\/utazas\/uploads\/sites\/3\/2026\/01\/GettyImages-601162583_11zon.jpg 1696w\" sizes=\"auto, (max-width: 755px) 100vw, 755px\" \/><figcaption id=\"caption-attachment-101654\" class=\"wp-caption-text\">Fot\u00f3: Getty Images<\/figcaption><\/figure>\n<h2>B\u00e1lnales a f\u0151szezonban<\/h2>\n<p>Kevesen tudj\u00e1k, de a t\u00e9l az egyik legjobb id\u0151szak a b\u00e1lnaleshez Tenerif\u00e9n. Novembert\u0151l eg\u00e9szen m\u00e1jusig gyakoriak a delfin- \u00e9s b\u00e1lna\u00e9szlel\u00e9sek, a szervezett haj\u00f3s t\u00far\u00e1k \u00e1ra pedig \u00e1ltal\u00e1ban 40\u201360 eur\u00f3 (kb. 16\u201324 ezer forint) k\u00f6z\u00f6tt mozog.<\/p>\n<h2>Nyugodt hangulat, kevesebb t\u00f6meg<\/h2>\n<p>B\u00e1r a t\u00e9li id\u0151szak hivatalosan f\u0151szezonon k\u00edv\u00fclinek sz\u00e1m\u00edt, sz\u00e1llod\u00e1k \u00e9s \u00e9ttermek t\u00f6bbs\u00e9ge nyitva tart. <strong>A ny\u00e1ri buliturizmus elmarad, sok nagy klub z\u00e1rva van, \u00edgy a hangulat sokkal nyugodtabb, pihentet\u0151bb \u2013 ide\u00e1lis p\u00e1roknak, id\u0151sebb utaz\u00f3knak \u00e9s term\u00e9szetkedvel\u0151knek.<\/strong><\/p>\n<h2>\u00c1rak t\u00e9len: bar\u00e1ts\u00e1gosabb, mint ny\u00e1ron<\/h2>\n<p>Egy k\u00f6z\u00e9pkateg\u00f3ri\u00e1s sz\u00e1llod\u00e1ban vagy apartmanban \u00e9jszak\u00e1nk\u00e9nt 30\u201360 ezer forint\u00e9rt m\u00e1r k\u00e9nyelmes sz\u00e1ll\u00e1st lehet tal\u00e1lni k\u00e9t f\u0151 r\u00e9sz\u00e9re. \u00c9ttermekben egy f\u0151\u00e9tel \u00e1ra jellemz\u0151en 12\u201318 eur\u00f3, m\u00edg egy k\u00e1v\u00e9 2\u20133 eur\u00f3 k\u00f6r\u00fcl mozog.<\/p>\n<p><a href=\"https:\/\/www.express.co.uk\/travel\/europe\/2153832\/europes-sunniest-winter-destination-21c\" target=\"_blank\" target=\"_blank\" rel=\"noopener\">via<\/a><\/p>\n<div class=\"o-widget m-readMoreWidget -readMore u-shortDecorLineAfter row widget-container _ce_measure_widget bigdata-widget read-more\" data-ce-measure-widget=\"olvass tov\u00e1bb\">\n\t<div class=\"m-readMoreWidget__imgWrapper image-wrapper col-12 col-md-4 no-p\">\n\t\t<a class=\"m-readMoreWidget__imgLink\" href=\"https:\/\/www.startlap.hu\/utazas\/la-rinconada-peru-aranybanya-5100-meter-magassag-legmagasabb-varos\/\" >\n\t\t\t<img decoding=\"async\" src=\"https:\/\/www.startlap.hu\/utazas\/uploads\/sites\/3\/2026\/01\/la-rinconada-350x285.jpg\" class=\"m-readMoreWidget__img\">\n\t\t<\/a>\n\t<\/div>\n\t<div class=\"m-readMoreWidget__titleWrapper title-wrapper col-12 col-md-8\">\n\t\t<span class=\"m-readMoreWidget__titleLabel u-shortDecorLineBefore label hidden-sm-up\">Ez is \u00e9rdekelhet:<\/span>\n\t\t<h3 class=\"m-readMoreWidget__title title\">\n\t\t\t<a class=\"m-readMoreWidget__titleLink -secondFont u-bold u-upperCase\" href=\"https:\/\/www.startlap.hu\/utazas\/la-rinconada-peru-aranybanya-5100-meter-magassag-legmagasabb-varos\/\" >Ez a vil\u00e1g legmagasabban fekv\u0151 v\u00e1rosa, ahol az \u00e9let szinte lehetetlen<\/a>\n\t\t<\/h3>\n\t\t<a class=\"m-readMoreWidget__btn -coloredBack u-tC link\" href=\"https:\/\/www.startlap.hu\/utazas\/la-rinconada-peru-aranybanya-5100-meter-magassag-legmagasabb-varos\/\" >Elolvasom<\/a>\n\t<\/div>\n<\/div>\n","protected":false},"excerpt":{"rendered":"<p>Ha h\u00e1trahagyn\u00e1d a hideget, Tenerif\u00e9n t\u00e9len is 20 fok naps\u00fct\u00e9ses tengerpartok \u00e9s nyugodt kir\u00e1ndul\u00e1sok v\u00e1rj\u00e1k az utaz\u00f3t.<\/p>\n","protected":false},"author":64,"featured_media":101654,"comment_status":"closed","ping_status":"closed","sticky":false,"template":"","format":"standard","meta":{"footnotes":""},"categories":[70],"tags":[38,7627,7936,2752,393],"class_list":["post-101649","post","type-post","status-publish","format-standard","has-post-thumbnail","hentry","category-vilag","tag-europa","tag-hideg","tag-meleg","tag-teli-szezon","tag-tenerife"],"aioseo_notices":[],"_links":{"self":[{"href":"https:\/\/www.startlap.hu\/utazas\/wp-json\/wp\/v2\/posts\/101649","targetHints":{"allow":["GET"]}}],"collection":[{"href":"https:\/\/www.startlap.hu\/utazas\/wp-json\/wp\/v2\/posts"}],"about":[{"href":"https:\/\/www.startlap.hu\/utazas\/wp-json\/wp\/v2\/types\/post"}],"author":[{"embeddable":true,"href":"https:\/\/www.startlap.hu\/utazas\/wp-json\/wp\/v2\/users\/64"}],"replies":[{"embeddable":true,"href":"https:\/\/www.startlap.hu\/utazas\/wp-json\/wp\/v2\/comments?post=101649"}],"version-history":[{"count":9,"href":"https:\/\/www.startlap.hu\/utazas\/wp-json\/wp\/v2\/posts\/101649\/revisions"}],"predecessor-version":[{"id":101726,"href":"https:\/\/www.startlap.hu\/utazas\/wp-json\/wp\/v2\/posts\/101649\/revisions\/101726"}],"wp:featuredmedia":[{"embeddable":true,"href":"https:\/\/www.startlap.hu\/utazas\/wp-json\/wp\/v2\/media\/101654"}],"wp:attachment":[{"href":"https:\/\/www.startlap.hu\/utazas\/wp-json\/wp\/v2\/media?parent=101649"}],"wp:term":[{"taxonomy":"category","embeddable":true,"href":"https:\/\/www.startlap.hu\/utazas\/wp-json\/wp\/v2\/categories?post=101649"},{"taxonomy":"post_tag","embeddable":true,"href":"https:\/\/www.startlap.hu\/utazas\/wp-json\/wp\/v2\/tags?post=101649"}],"curies":[{"name":"wp","href":"https:\/\/api.w.org\/{rel}","templated":true}]}}