{"id":101553,"date":"2026-01-19T20:53:56","date_gmt":"2026-01-19T19:53:56","guid":{"rendered":"https:\/\/www.startlap.hu\/utazas\/?p=101553"},"modified":"2026-01-19T20:53:56","modified_gmt":"2026-01-19T19:53:56","slug":"petrus-etterem-michelin-csillag-etterem","status":"publish","type":"post","link":"https:\/\/www.startlap.hu\/utazas\/petrus-etterem-michelin-csillag-etterem\/","title":{"rendered":"Csoda Budapesten: felt\u00e1mad egy legend\u00e1s \u00e9tterem"},"content":{"rendered":"<p>Igazi gasztron\u00f3miai ritkas\u00e1g t\u00f6rt\u00e9nik Budapesten: visszat\u00e9r egy legend\u00e1s \u00e9tterem,&nbsp; igaz nem mindennapi form\u00e1ban &#8211; <a href=\"https:\/\/www.hirstart.hu\/site\/relocate.php?rssid=33&amp;rsspid=3&amp;ctype=rss&amp;id=43240514&amp;chk=d1d3fe70fce82fe8c9e71033b0664552&amp;url=https%3A%2F%2Fwww.penzcentrum.hu%2Fszorakozas%2F20260119%2Fujranyit-a-legendas-michelincsillagos-etterem-budapesten-ilyen-nem-gyakran-tortenik-1192163\" target=\"_blank\" target=\"_blank\" rel=\"noopener\">P\u00e9nzcentrum<\/a>.<\/p>\n<div class=\"o-widget m-readMoreWidget -readMore u-shortDecorLineAfter row widget-container _ce_measure_widget bigdata-widget read-more\" data-ce-measure-widget=\"olvass tov\u00e1bb\">\n\t<div class=\"m-readMoreWidget__imgWrapper image-wrapper col-12 col-md-4 no-p\">\n\t\t<a class=\"m-readMoreWidget__imgLink\" href=\"https:\/\/www.startlap.hu\/utazas\/vietnam-hanoi-legjobb-uti-cel-egyedul-utazoknak-olcso\/\" >\n\t\t\t<img decoding=\"async\" src=\"https:\/\/www.startlap.hu\/utazas\/uploads\/sites\/3\/2025\/11\/hanoi4-350x285.jpg\" class=\"m-readMoreWidget__img\">\n\t\t<\/a>\n\t<\/div>\n\t<div class=\"m-readMoreWidget__titleWrapper title-wrapper col-12 col-md-8\">\n\t\t<span class=\"m-readMoreWidget__titleLabel u-shortDecorLineBefore label hidden-sm-up\">Ez is \u00e9rdekelhet:<\/span>\n\t\t<h3 class=\"m-readMoreWidget__title title\">\n\t\t\t<a class=\"m-readMoreWidget__titleLink -secondFont u-bold u-upperCase\" href=\"https:\/\/www.startlap.hu\/utazas\/vietnam-hanoi-legjobb-uti-cel-egyedul-utazoknak-olcso\/\" >300 forint egy kors\u00f3 s\u00f6r, t\u00e9len 23 fok: a turistaparadicsom, ahol magyark\u00e9nt gazdagnak \u00e9rezheted magad<\/a>\n\t\t<\/h3>\n\t\t<a class=\"m-readMoreWidget__btn -coloredBack u-tC link\" href=\"https:\/\/www.startlap.hu\/utazas\/vietnam-hanoi-legjobb-uti-cel-egyedul-utazoknak-olcso\/\" >Elolvasom<\/a>\n\t<\/div>\n<\/div>\n<p>Feke Zolt\u00e1n Valentin-naphoz kapcsol\u00f3dva <strong>h\u00e1rom est\u00e9re megnyitja a Petrus.2-t, egy bens\u0151s\u00e9ges lak\u00e1s\u00e9ttermet<\/strong>. A febru\u00e1r 14-i vacsor\u00e1ra m\u00e1r elfogytak a helyek, a tov\u00e1bbi id\u0151pontokra csak n\u00e9h\u00e1ny szabad f\u00e9r\u0151hely maradt.<\/p>\n<figure id=\"attachment_101559\" aria-describedby=\"caption-attachment-101559\" style=\"width: 755px\" class=\"wp-caption alignnone\"><img loading=\"lazy\" decoding=\"async\" class=\"size-article-size-large-image wp-image-101559\" src=\"https:\/\/www.startlap.hu\/utazas\/uploads\/sites\/3\/2026\/01\/pincer_tanyer_etterem_-755x503.jpg\" alt=\"Egy pinc\u00e9r viszi ki az \u00e9telt\" width=\"755\" height=\"503\" srcset=\"https:\/\/www.startlap.hu\/utazas\/uploads\/sites\/3\/2026\/01\/pincer_tanyer_etterem_-755x503.jpg 755w, https:\/\/www.startlap.hu\/utazas\/uploads\/sites\/3\/2026\/01\/pincer_tanyer_etterem_-525x350.jpg 525w, https:\/\/www.startlap.hu\/utazas\/uploads\/sites\/3\/2026\/01\/pincer_tanyer_etterem_.jpg 1200w\" sizes=\"auto, (max-width: 755px) 100vw, 755px\" \/><figcaption id=\"caption-attachment-101559\" class=\"wp-caption-text\">Fot\u00f3: Getty Images<\/figcaption><\/figure>\n<p>Az eredeti vend\u00e9gl\u00e1t\u00f3hely, a Petrus neve a budapesti konyham\u0171v\u00e9szet ir\u00e1nt \u00e9rdekl\u0151d\u0151k sz\u00e1m\u00e1ra j\u00f3l ismert. Az \u00e9tterem \u00e9veken \u00e1t meghat\u00e1roz\u00f3 szerepet t\u00f6lt\u00f6tt be a f\u0151v\u00e1ros gasztron\u00f3miai \u00e9let\u00e9ben. A <strong>2023-as bez\u00e1r\u00e1s ut\u00e1n<\/strong> sokan v\u00e9glegesnek tekintett\u00e9k a t\u00f6rt\u00e9netet, amit m\u00e1r nem lehet folytatni.&nbsp;<\/p>\n<blockquote class=\"tiktok-embed\" style=\"max-width: 605px;min-width: 325px\">\n<section><a title=\"@petrus.2gourmetclub\" href=\"https:\/\/www.tiktok.com\/@petrus.2gourmetclub?refer=embed\" target=\"_blank\" target=\"_blank\" rel=\"noopener\">@petrus.2gourmetclub<\/a> Akkor most nekifutunk kicsiben ! A Petrus nem veszett el, csak \u00e1talakult \ud83d\ude09Na gyer\u00fcnk !!!! <a title=\"frenchrestaurant\" href=\"https:\/\/www.tiktok.com\/tag\/frenchrestaurant?refer=embed\" target=\"_blank\" target=\"_blank\" rel=\"noopener\">#frenchrestaurant<\/a> <a title=\"francia\u00e9tterem\" href=\"https:\/\/www.tiktok.com\/tag\/francia%C3%A9tterem?refer=embed\" target=\"_blank\" target=\"_blank\" rel=\"noopener\">#francia\u00e9tterem<\/a> <a title=\"lak\u00e1s\u00e9tterem\" href=\"https:\/\/www.tiktok.com\/tag\/lak%C3%A1s%C3%A9tterem?refer=embed\" target=\"_blank\" target=\"_blank\" rel=\"noopener\">#lak\u00e1s\u00e9tterem<\/a> <a title=\"petrus\" href=\"https:\/\/www.tiktok.com\/tag\/petrus?refer=embed\" target=\"_blank\" target=\"_blank\" rel=\"noopener\">#petrus<\/a> <a title=\"\u266c La vie en rose - Zaz\" href=\"https:\/\/www.tiktok.com\/music\/La-vie-en-rose-6705026404670507009?refer=embed\" target=\"_blank\" target=\"_blank\" rel=\"noopener\">\u266c La vie en rose &#8211; Zaz<\/a><\/section>\n<\/blockquote>\n<p><script async=\"\" src=\"https:\/\/www.tiktok.com\/embed.js\"><\/script>&nbsp;<\/p>\n<p>A h\u00e1rom est\u00e9t a szakmai m\u00falt, \u00e9s a franci\u00e1s inspir\u00e1ci\u00f3 hat\u00e1rozza majd meg. A szervez\u0151k szerint az \u00e9lm\u00e9ny egy p\u00e1rizsi utaz\u00e1ssal \u00e9r fel. Autentikus bisztr\u00f3hangulat \u00e9s gondosan \u00f6ssze\u00e1ll\u00edtott men\u00fcsor v\u00e1rja majd a vend\u00e9geket.<\/p>\n<p>Az eredeti Petrus \u00e9tterem szellemis\u00e9ge most ha kisebb l\u00e9pt\u00e9kben is, de <strong>ism\u00e9t \u00fajra \u00e9letre kel.&nbsp;<\/strong><\/p>\n<p>Feke Zolt\u00e1n a vide\u00f3ban szem\u00e9lyesen mes\u00e9lt az \u00faj kezdem\u00e9nyez\u00e9sr\u0151l, de sz\u00f3lt a kor\u00e1bbi legend\u00e1s vend\u00e9gl\u00e1t\u00f3hely\u00e9r\u0151l, melyet 2023-ban volt k\u00e9nytelen bez\u00e1rni.&nbsp;<\/p>\n<p>A Petrus Budapest IX. ker\u00fcletben, a Ferenc t\u00e9ren m\u0171k\u00f6d\u00f6tt. Feke Zolt\u00e1n \u00e9tterme <strong>t\u00f6bbsz\u00f6r is Michelin Bib Gourmand-elismer\u00e9st kapott<\/strong>. Bez\u00e1r\u00e1s\u00e1ra Feke szerint az\u00e9rt ker\u00fclt sor, mert az infl\u00e1ci\u00f3val, a gazdas\u00e1gi neh\u00e9zs\u00e9gekkel m\u00e1r nem tudott megbirk\u00f3zni.<\/p>\n<div class=\"o-widget m-readMoreWidget -readMore u-shortDecorLineAfter row widget-container _ce_measure_widget bigdata-widget read-more\" data-ce-measure-widget=\"olvass tov\u00e1bb\">\n\t<div class=\"m-readMoreWidget__imgWrapper image-wrapper col-12 col-md-4 no-p\">\n\t\t<a class=\"m-readMoreWidget__imgLink\" href=\"https:\/\/www.startlap.hu\/utazas\/menyasszony-ruha-repulo-eskuvo-ryanair\/\" >\n\t\t\t<img decoding=\"async\" src=\"https:\/\/www.startlap.hu\/utazas\/uploads\/sites\/3\/2026\/01\/GettyImages-912234788-350x285.jpg\" class=\"m-readMoreWidget__img\">\n\t\t<\/a>\n\t<\/div>\n\t<div class=\"m-readMoreWidget__titleWrapper title-wrapper col-12 col-md-8\">\n\t\t<span class=\"m-readMoreWidget__titleLabel u-shortDecorLineBefore label hidden-sm-up\">Ez is \u00e9rdekelhet:<\/span>\n\t\t<h3 class=\"m-readMoreWidget__title title\">\n\t\t\t<a class=\"m-readMoreWidget__titleLink -secondFont u-bold u-upperCase\" href=\"https:\/\/www.startlap.hu\/utazas\/menyasszony-ruha-repulo-eskuvo-ryanair\/\" >Nem akarta poggy\u00e1szba gy\u00f6m\u00f6sz\u00f6lni a menyasszonyi ruh\u00e1j\u00e1t &#8211; meglep\u0151 megold\u00e1st v\u00e1lasztott az ara<\/a>\n\t\t<\/h3>\n\t\t<a class=\"m-readMoreWidget__btn -coloredBack u-tC link\" href=\"https:\/\/www.startlap.hu\/utazas\/menyasszony-ruha-repulo-eskuvo-ryanair\/\" >Elolvasom<\/a>\n\t<\/div>\n<\/div>\n","protected":false},"excerpt":{"rendered":"<p>Ilyen nem igaz\u00e1n fordult m\u00e9g el\u0151 idehaza: egy legend\u00e1s f\u0151v\u00e1rosi \u00e9tterem felt\u00e1mad, igaz csak h\u00e1rom napig v\u00e1rja majd a vend\u00e9geket. <\/p>\n","protected":false},"author":8,"featured_media":101559,"comment_status":"closed","ping_status":"closed","sticky":false,"template":"","format":"standard","meta":{"footnotes":""},"categories":[7],"tags":[1884,1521],"class_list":["post-101553","post","type-post","status-publish","format-standard","has-post-thumbnail","hentry","category-belfold-utazas","tag-etterem","tag-michelin-csillag"],"aioseo_notices":[],"_links":{"self":[{"href":"https:\/\/www.startlap.hu\/utazas\/wp-json\/wp\/v2\/posts\/101553","targetHints":{"allow":["GET"]}}],"collection":[{"href":"https:\/\/www.startlap.hu\/utazas\/wp-json\/wp\/v2\/posts"}],"about":[{"href":"https:\/\/www.startlap.hu\/utazas\/wp-json\/wp\/v2\/types\/post"}],"author":[{"embeddable":true,"href":"https:\/\/www.startlap.hu\/utazas\/wp-json\/wp\/v2\/users\/8"}],"replies":[{"embeddable":true,"href":"https:\/\/www.startlap.hu\/utazas\/wp-json\/wp\/v2\/comments?post=101553"}],"version-history":[{"count":7,"href":"https:\/\/www.startlap.hu\/utazas\/wp-json\/wp\/v2\/posts\/101553\/revisions"}],"predecessor-version":[{"id":101561,"href":"https:\/\/www.startlap.hu\/utazas\/wp-json\/wp\/v2\/posts\/101553\/revisions\/101561"}],"wp:featuredmedia":[{"embeddable":true,"href":"https:\/\/www.startlap.hu\/utazas\/wp-json\/wp\/v2\/media\/101559"}],"wp:attachment":[{"href":"https:\/\/www.startlap.hu\/utazas\/wp-json\/wp\/v2\/media?parent=101553"}],"wp:term":[{"taxonomy":"category","embeddable":true,"href":"https:\/\/www.startlap.hu\/utazas\/wp-json\/wp\/v2\/categories?post=101553"},{"taxonomy":"post_tag","embeddable":true,"href":"https:\/\/www.startlap.hu\/utazas\/wp-json\/wp\/v2\/tags?post=101553"}],"curies":[{"name":"wp","href":"https:\/\/api.w.org\/{rel}","templated":true}]}}