{"id":101529,"date":"2026-01-19T15:34:31","date_gmt":"2026-01-19T14:34:31","guid":{"rendered":"https:\/\/www.startlap.hu\/utazas\/?p=101529"},"modified":"2026-01-19T15:56:10","modified_gmt":"2026-01-19T14:56:10","slug":"sziget-fesztival-berlet-felar","status":"publish","type":"post","link":"https:\/\/www.startlap.hu\/utazas\/sziget-fesztival-berlet-felar\/","title":{"rendered":"Hivatalos bejelent\u00e9s: \u00edgy mehetsz f\u00e9l\u00e1ron a Sziget Fesztiv\u00e1lra"},"content":{"rendered":"<p>Avicii p\u00f6rg\u0151s sl\u00e1ger\u00e9re, napszem\u00fcvegben jelent meg <strong><a href=\"https:\/\/www.facebook.com\/share\/r\/1WCZiERZPc\/\" target=\"_blank\" target=\"_blank\" rel=\"noopener\">egy r\u00f6vid vide\u00f3ban<\/a><\/strong> Kar\u00e1csony Gergely \u00e9s Gerendai K\u00e1roly, hogy egy l\u00e1tv\u00e1nyos bejelent\u00e9st tegyenek: a di\u00e1kok id\u00e9n f\u00e9l\u00e1ron v\u00e1lthatnak Sziget-b\u00e9rletet, amennyiben BudapestGo-b\u00e9rlettel rendelkeznek.<\/p>\n<div class=\"o-widget m-readMoreWidget -readMore u-shortDecorLineAfter row widget-container _ce_measure_widget bigdata-widget read-more\" data-ce-measure-widget=\"olvass tov\u00e1bb\">\n\t<div class=\"m-readMoreWidget__imgWrapper image-wrapper col-12 col-md-4 no-p\">\n\t\t<a class=\"m-readMoreWidget__imgLink\" href=\"https:\/\/www.startlap.hu\/utazas\/zold-foki-szigetek-mediterran-uti-cel-ajanlo\/\" >\n\t\t\t<img decoding=\"async\" src=\"https:\/\/www.startlap.hu\/utazas\/uploads\/sites\/3\/2025\/11\/GettyImages-179589885_11zon-350x285.jpg\" class=\"m-readMoreWidget__img\">\n\t\t<\/a>\n\t<\/div>\n\t<div class=\"m-readMoreWidget__titleWrapper title-wrapper col-12 col-md-8\">\n\t\t<span class=\"m-readMoreWidget__titleLabel u-shortDecorLineBefore label hidden-sm-up\">Ez is \u00e9rdekelhet:<\/span>\n\t\t<h3 class=\"m-readMoreWidget__title title\">\n\t\t\t<a class=\"m-readMoreWidget__titleLink -secondFont u-bold u-upperCase\" href=\"https:\/\/www.startlap.hu\/utazas\/zold-foki-szigetek-mediterran-uti-cel-ajanlo\/\" >Kev\u00e9s turista, 27 fok decemberben: ez a rejtett gy\u00f6ngyszem lehet a kedvenc t\u00e9li \u00fati c\u00e9l<\/a>\n\t\t<\/h3>\n\t\t<a class=\"m-readMoreWidget__btn -coloredBack u-tC link\" href=\"https:\/\/www.startlap.hu\/utazas\/zold-foki-szigetek-mediterran-uti-cel-ajanlo\/\" >Elolvasom<\/a>\n\t<\/div>\n<\/div>\n<p>A k\u00f6z\u00f6s vide\u00f3 nemcsak a kedvezm\u00e9nyr\u0151l sz\u00f3lt, hanem egy\u00e9rtelm\u0171 \u00fczenetet is hordozott: a <strong><a href=\"https:\/\/www.startlap.hu\/utazas\/sziget-2026-fesztival-fellepok-nevek-lineup\/\" target=\"_blank\" rel=\"noopener\">Sziget Fesztiv\u00e1l<\/a><\/strong> a k\u00f6vetkez\u0151 \u00e9vekben m\u00e9g szorosabban kapcsol\u00f3dik Budapesthez.<\/p>\n<h2>Rengeteg di\u00e1k bulizhat majd f\u00e9l\u00e1ron Eur\u00f3pa egyik legnagyobb fesztiv\u00e1lj\u00e1n<\/h2>\n<p>A \u201eSziget Di\u00e1kb\u00e9rlet by BudapestGO\u201d elnevez\u00e9s\u0171 akci\u00f3 2026. janu\u00e1r 19-\u00e9n indult, \u00e9s eg\u00e9szen j\u00falius 31-ig tart. A kedvezm\u00e9nyes <strong>b\u00e9rlet \u00e1ra 78 500 forint<\/strong>, amelyhez 5 103 forint kezel\u00e9si k\u00f6lts\u00e9g t\u00e1rsul.<\/p>\n<p>&nbsp;Azok a di\u00e1kok v\u00e1s\u00e1rolhatj\u00e1k meg, akik a BudapestGo alkalmaz\u00e1sban havi di\u00e1k Budapest-b\u00e9rlettel, k\u00f6z- vagy fels\u0151oktat\u00e1si di\u00e1kb\u00e9rlettel, illetve kedvezm\u00e9nyes orsz\u00e1g- vagy Pest v\u00e1rmegyeb\u00e9rlettel rendelkeznek.<\/p>\n<p>A kedvezm\u00e9ny ig\u00e9nybev\u00e9tel\u00e9hez azonban nem el\u00e9g puszt\u00e1n a b\u00e9rlet megl\u00e9te. A di\u00e1koknak regisztr\u00e1lniuk kell a Budapesti K\u00f6zleked\u00e9si K\u00f6zpont fel\u00fclet\u00e9n, a jogosults\u00e1got pedig a szervez\u0151k a fesztiv\u00e1lra t\u00f6rt\u00e9n\u0151 bel\u00e9ptet\u00e9skor ellen\u0151rzik majd. A konstrukci\u00f3 c\u00e9lja egy\u00e9rtelm\u0171: a f\u0151v\u00e1rosi k\u00f6z\u00f6ss\u00e9gi k\u00f6zleked\u00e9st haszn\u00e1l\u00f3 fiatalokat szeretn\u00e9k bevonni <strong>Eur\u00f3pa egyik legnagyobb zenei fesztiv\u00e1lj\u00e1ba.<\/strong><\/p>\n<p><img loading=\"lazy\" decoding=\"async\" class=\"size-article-size-large-image wp-image-101539\" src=\"https:\/\/www.startlap.hu\/utazas\/uploads\/sites\/3\/2026\/01\/sziget_feszt-755x503.jpg\" alt=\"Sziget Music Festival Budapest Hungary\" width=\"755\" height=\"503\" srcset=\"https:\/\/www.startlap.hu\/utazas\/uploads\/sites\/3\/2026\/01\/sziget_feszt-755x503.jpg 755w, https:\/\/www.startlap.hu\/utazas\/uploads\/sites\/3\/2026\/01\/sziget_feszt-525x350.jpg 525w, https:\/\/www.startlap.hu\/utazas\/uploads\/sites\/3\/2026\/01\/sziget_feszt.jpg 1200w\" sizes=\"auto, (max-width: 755px) 100vw, 755px\" \/><\/p>\n<p>Fot\u00f3: Getty Images<\/p>\n<p><strong>A Sziget Fesztiv\u00e1l id\u0151 pontja id\u00e9n augusztus 11. \u00e9s 15. k\u00f6z\u00e9 esik<\/strong>, de a rendezv\u00e9ny j\u00f6v\u0151je kor\u00e1ntsem volt mag\u00e1t\u00f3l \u00e9rtet\u0151d\u0151 az elm\u00falt h\u00f3napokban. Tavaly okt\u00f3berben v\u00e1lt bizonytalann\u00e1 a fesztiv\u00e1l sorsa, miut\u00e1n a k\u00fclf\u00f6ldi tulajdonos, a Superstruct, bejelentette, hogy nem k\u00edv\u00e1n tov\u00e1bbi kock\u00e1zatot v\u00e1llalni Magyarorsz\u00e1gon.<\/p>\n<p>\u00cdgy visszat\u00e9rt a Sziget alap\u00edt\u00f3ja, Gerenda K\u00e1roly, akinek a f\u0151v\u00e1rossal siker\u00fclt megegyeznie a fesztiv\u00e1l sors\u00e1t illet\u0151en.&nbsp;<\/p>\n<div class=\"o-widget m-readMoreWidget -readMore u-shortDecorLineAfter row widget-container _ce_measure_widget bigdata-widget read-more\" data-ce-measure-widget=\"olvass tov\u00e1bb\">\n\t<div class=\"m-readMoreWidget__imgWrapper image-wrapper col-12 col-md-4 no-p\">\n\t\t<a class=\"m-readMoreWidget__imgLink\" href=\"https:\/\/www.startlap.hu\/utazas\/sziget-2026-fesztival-fellepok-nevek-lineup\/\" >\n\t\t\t<img decoding=\"async\" src=\"https:\/\/www.startlap.hu\/utazas\/uploads\/sites\/3\/2025\/07\/sziget-2-350x285.jpg\" class=\"m-readMoreWidget__img\">\n\t\t<\/a>\n\t<\/div>\n\t<div class=\"m-readMoreWidget__titleWrapper title-wrapper col-12 col-md-8\">\n\t\t<span class=\"m-readMoreWidget__titleLabel u-shortDecorLineBefore label hidden-sm-up\">Ez is \u00e9rdekelhet:<\/span>\n\t\t<h3 class=\"m-readMoreWidget__title title\">\n\t\t\t<a class=\"m-readMoreWidget__titleLink -secondFont u-bold u-upperCase\" href=\"https:\/\/www.startlap.hu\/utazas\/sziget-2026-fesztival-fellepok-nevek-lineup\/\" >Itt vannak a 2026-os Sziget els\u0151 nagy nevei &#8211; k\u00e9t nagy meglepet\u00e9s a list\u00e1n!<\/a>\n\t\t<\/h3>\n\t\t<a class=\"m-readMoreWidget__btn -coloredBack u-tC link\" href=\"https:\/\/www.startlap.hu\/utazas\/sziget-2026-fesztival-fellepok-nevek-lineup\/\" >Elolvasom<\/a>\n\t<\/div>\n<\/div>\n","protected":false},"excerpt":{"rendered":"<p>P\u00e1r h\u00f3napja m\u00e9g \u00fagy n\u00e9zett ki, hogy 2026-ban el is maradhat a Sziget, erre h\u00e9tf\u0151n \u00e9rkezik a t\u00f6megeket \u00e9rint\u0151 fantasztikus bejelent\u00e9s. <\/p>\n","protected":false},"author":8,"featured_media":101539,"comment_status":"closed","ping_status":"closed","sticky":false,"template":"","format":"standard","meta":{"footnotes":""},"categories":[7],"tags":[7915,3483,1851],"class_list":["post-101529","post","type-post","status-publish","format-standard","has-post-thumbnail","hentry","category-belfold-utazas","tag-budapest-berlet","tag-diakberlet","tag-sziget-fesztival"],"aioseo_notices":[],"_links":{"self":[{"href":"https:\/\/www.startlap.hu\/utazas\/wp-json\/wp\/v2\/posts\/101529","targetHints":{"allow":["GET"]}}],"collection":[{"href":"https:\/\/www.startlap.hu\/utazas\/wp-json\/wp\/v2\/posts"}],"about":[{"href":"https:\/\/www.startlap.hu\/utazas\/wp-json\/wp\/v2\/types\/post"}],"author":[{"embeddable":true,"href":"https:\/\/www.startlap.hu\/utazas\/wp-json\/wp\/v2\/users\/8"}],"replies":[{"embeddable":true,"href":"https:\/\/www.startlap.hu\/utazas\/wp-json\/wp\/v2\/comments?post=101529"}],"version-history":[{"count":6,"href":"https:\/\/www.startlap.hu\/utazas\/wp-json\/wp\/v2\/posts\/101529\/revisions"}],"predecessor-version":[{"id":101543,"href":"https:\/\/www.startlap.hu\/utazas\/wp-json\/wp\/v2\/posts\/101529\/revisions\/101543"}],"wp:featuredmedia":[{"embeddable":true,"href":"https:\/\/www.startlap.hu\/utazas\/wp-json\/wp\/v2\/media\/101539"}],"wp:attachment":[{"href":"https:\/\/www.startlap.hu\/utazas\/wp-json\/wp\/v2\/media?parent=101529"}],"wp:term":[{"taxonomy":"category","embeddable":true,"href":"https:\/\/www.startlap.hu\/utazas\/wp-json\/wp\/v2\/categories?post=101529"},{"taxonomy":"post_tag","embeddable":true,"href":"https:\/\/www.startlap.hu\/utazas\/wp-json\/wp\/v2\/tags?post=101529"}],"curies":[{"name":"wp","href":"https:\/\/api.w.org\/{rel}","templated":true}]}}