{"id":101374,"date":"2026-01-17T19:33:04","date_gmt":"2026-01-17T18:33:04","guid":{"rendered":"https:\/\/www.startlap.hu\/utazas\/?p=101374"},"modified":"2026-01-16T22:22:41","modified_gmt":"2026-01-16T21:22:41","slug":"sarki-feny-izland-ingyen-trukk-2026","status":"publish","type":"post","link":"https:\/\/www.startlap.hu\/utazas\/sarki-feny-izland-ingyen-trukk-2026\/","title":{"rendered":"Utaz\u00e1sszervez\u0151k el\u00e1rult\u00e1k: \u00edgy n\u00e9zheted meg ingyen a sarki f\u00e9nyt"},"content":{"rendered":"<p>\u00c9vente turist\u00e1k milli\u00f3i utaznak <strong>Izlandra<\/strong> abban a rem\u00e9nyben, hogy l\u00e1thatj\u00e1k az <a href=\"https:\/\/www.startlap.hu\/utazas\/eszaki-feny-kod-salgotarjan-balaton-fotok-video\/\" target=\"_blank\" rel=\"noopener\">\u00e9szaki f\u00e9nyt<\/a>: az <em>aurora borealis<\/em> sokak sz\u00e1m\u00e1ra kihagyhatatlan \u00e9lm\u00e9ny, ez\u00e9rt rengetegen hajland\u00f3k komoly \u00f6sszegeket kifizetni szervezett t\u00far\u00e1kra. Egy kis furfangoss\u00e1ggal azonban nem is ker\u00fcl olyan sokba, hogy megpillanthassuk a k\u00fcl\u00f6nleges f\u00e9nyeket, \u00edrja a <a href=\"https:\/\/www.dailymail.co.uk\/travel\/article-15405723\/travel-hack-Northern-Lights-free.html\" target=\"_blank\" target=\"_blank\" rel=\"noopener\">Daily Mail<\/a>.<\/p>\n<div class=\"o-widget m-readMoreWidget -readMore u-shortDecorLineAfter row widget-container _ce_measure_widget bigdata-widget read-more\" data-ce-measure-widget=\"olvass tov\u00e1bb\">\n\t<div class=\"m-readMoreWidget__imgWrapper image-wrapper col-12 col-md-4 no-p\">\n\t\t<a class=\"m-readMoreWidget__imgLink\" href=\"https:\/\/www.startlap.hu\/utazas\/afrika-biztonsag-mauritius-januar-31-fok-fotok\/\" >\n\t\t\t<img decoding=\"async\" src=\"https:\/\/www.startlap.hu\/utazas\/uploads\/sites\/3\/2025\/12\/mauritius3-350x285.jpg\" class=\"m-readMoreWidget__img\">\n\t\t<\/a>\n\t<\/div>\n\t<div class=\"m-readMoreWidget__titleWrapper title-wrapper col-12 col-md-8\">\n\t\t<span class=\"m-readMoreWidget__titleLabel u-shortDecorLineBefore label hidden-sm-up\">Ez is \u00e9rdekelhet:<\/span>\n\t\t<h3 class=\"m-readMoreWidget__title title\">\n\t\t\t<a class=\"m-readMoreWidget__titleLink -secondFont u-bold u-upperCase\" href=\"https:\/\/www.startlap.hu\/utazas\/afrika-biztonsag-mauritius-januar-31-fok-fotok\/\" >Ahol janu\u00e1rban is 31 fok v\u00e1r &#8211; k\u00e9peken Afrika legbiztons\u00e1gosabb orsz\u00e1ga<\/a>\n\t\t<\/h3>\n\t\t<a class=\"m-readMoreWidget__btn -coloredBack u-tC link\" href=\"https:\/\/www.startlap.hu\/utazas\/afrika-biztonsag-mauritius-januar-31-fok-fotok\/\" >Elolvasom<\/a>\n\t<\/div>\n<\/div>\n<h2>2026 a sarki f\u00e9ny \u00e9ve<\/h2>\n<p>A jelens\u00e9g \u00e1ltal\u00e1ban este 10 \u00e9s hajnali 2 \u00f3ra k\u00f6z\u00f6tt figyelhet\u0151 meg, szeptembert\u0151l eg\u00e9szen \u00e1prilis elej\u00e9ig. A legjobb id\u0151szak az \u00e9szaki f\u00e9ny megfigyel\u00e9s\u00e9re november \u00e9s janu\u00e1r k\u00f6z\u00f6tt van, amikor az \u00e9jszak\u00e1k hosszabbak \u00e9s s\u00f6t\u00e9tebbek.<\/p>\n<blockquote class=\"article__extraTxt\"><p>A szak\u00e9rt\u0151k szerint az idei \u00e9v k\u00fcl\u00f6n\u00f6sen kedvez\u0151 lesz, mivel a Nap 11 \u00e9ves aktivit\u00e1si ciklusa a cs\u00facspontj\u00e1hoz \u00e9r,<\/p><\/blockquote>\n<p>ami az elm\u00falt t\u00f6bb mint egy \u00e9vtized legl\u00e1tv\u00e1nyosabb f\u00e9nyjelens\u00e9geit \u00edg\u00e9ri.<\/p>\n<figure id=\"attachment_98414\" aria-describedby=\"caption-attachment-98414\" style=\"width: 755px\" class=\"wp-caption alignnone\"><a href=\"https:\/\/www.startlap.hu\/utazas\/uploads\/sites\/3\/2025\/11\/sarki_feny_.jpg\"><img loading=\"lazy\" decoding=\"async\" class=\"size-article-size-large-image wp-image-98414\" src=\"https:\/\/www.startlap.hu\/utazas\/uploads\/sites\/3\/2025\/11\/sarki_feny_-755x504.jpg\" alt=\"Sarki f\u00e9ny\" width=\"755\" height=\"504\" srcset=\"https:\/\/www.startlap.hu\/utazas\/uploads\/sites\/3\/2025\/11\/sarki_feny_-755x504.jpg 755w, https:\/\/www.startlap.hu\/utazas\/uploads\/sites\/3\/2025\/11\/sarki_feny_-524x350.jpg 524w, https:\/\/www.startlap.hu\/utazas\/uploads\/sites\/3\/2025\/11\/sarki_feny_.jpg 1200w\" sizes=\"auto, (max-width: 755px) 100vw, 755px\" \/><\/a><figcaption id=\"caption-attachment-98414\" class=\"wp-caption-text\">Fot\u00f3: Getty Images<\/figcaption><\/figure>\n<p>Ezt kihaszn\u00e1lva a t\u00faraszervez\u0151k garant\u00e1lt \u00e9szaki f\u00e9nyes t\u00far\u00e1kat k\u00edn\u00e1lnak, gyakran p\u00e9nzvisszafizet\u00e9si \u00edg\u00e9rettel. <strong>Az \u00e1rak egy egyszer\u0171 esti kir\u00e1ndul\u00e1sn\u00e1l is t\u00f6bb t\u00edzezer forintra r\u00faghatnak, m\u00edg az exkluz\u00edv, szem\u00e9lyre szabott programok ak\u00e1r sz\u00e1zezrekbe is ker\u00fclhetnek.<\/strong><\/p>\n<h2>\u00cdgy n\u00e9zheted ingyen<\/h2>\n<p>Egy utaz\u00f3 egy szokatlan, k\u00f6lts\u00e9gk\u00edm\u00e9l\u0151 tr\u00fckk\u00f6t osztott meg a k\u00f6z\u00f6ss\u00e9gi m\u00e9di\u00e1ban. Egy <strong>TikTok<\/strong>-vide\u00f3ban bemutatta, hogyan<\/p>\n<blockquote class=\"article__extraTxt\"><p>k\u00f6vettek aut\u00f3val egy \u00e9szaki f\u00e9nyes t\u00farabuszt, \u00e9s v\u00e9g\u00fcl ugyanott l\u00e1tt\u00e1k meg a jelens\u00e9get, ahol a fizet\u0151s csoport is meg\u00e1llt.<\/p><\/blockquote>\n<p>A vide\u00f3 hatalmas visszhangot v\u00e1ltott ki, sokan sz\u00e1moltak be hasonl\u00f3 \u00e9lm\u00e9nyekr\u0151l, amikor t\u00far\u00e1k nyom\u00e1ba szeg\u0151dve jutottak a k\u00fcl\u00f6nleges l\u00e1tnival\u00f3hoz.<\/p>\n<p>Az \u00e9szaki f\u00e9ny megfigyel\u00e9s\u00e9t t\u00f6bb <strong>mobilalkalmaz\u00e1s<\/strong> is seg\u00edti, amelyek el\u0151rejelzik a legjobb id\u0151pontokat, b\u00e1r ezek nagyban f\u00fcggenek a felh\u0151zett\u0151l \u00e9s az <a href=\"https:\/\/www.startlap.hu\/utazas\/extrem-hideg-idojaras-sivatagi-eso-tropusi-havazas-kina-fagy-2026-tel\/\" target=\"_blank\" rel=\"noopener\">id\u0151j\u00e1r\u00e1st\u00f3l<\/a>. A meteorol\u00f3gusok szerint fontos a megfelel\u0151 helysz\u00edn kiv\u00e1laszt\u00e1sa: <strong>a f\u00e9nyszennyez\u00e9st\u0151l mentes ter\u00fcleteken, p\u00e9ld\u00e1ul nemzeti parkokban, fjordvid\u00e9keken sokkal tiszt\u00e1bban l\u00e1that\u00f3 a jelens\u00e9g<\/strong>, de er\u0151sebb aktivit\u00e1sn\u00e1l v\u00e1rosokb\u00f3l is megfigyelhet\u0151.<\/p>\n<p>A szak\u00e9rt\u0151k hangs\u00falyozz\u00e1k, hogy szervezett t\u00fara n\u00e9lk\u00fcl is lehets\u00e9ges az \u00e9szaki f\u00e9ny megpillant\u00e1sa, ha valaki hajland\u00f3 ut\u00e1naj\u00e1rni a helysz\u00edneknek, \u00e9s ak\u00e1r \u00f3r\u00e1kig v\u00e1rakozni a hideg \u00e9jszak\u00e1ban. B\u00e1r egy idegenvezet\u0151 leveszi ezt a terhet az ember v\u00e1ll\u00e1r\u00f3l, sokak szerint az \u00f6n\u00e1ll\u00f3 t\u00fara is felejthetetlen \u00e9lm\u00e9ny.<\/p>\n<div class=\"o-widget m-readMoreWidget -readMore u-shortDecorLineAfter row widget-container _ce_measure_widget bigdata-widget read-more\" data-ce-measure-widget=\"olvass tov\u00e1bb\">\n\t<div class=\"m-readMoreWidget__imgWrapper image-wrapper col-12 col-md-4 no-p\">\n\t\t<a class=\"m-readMoreWidget__imgLink\" href=\"https:\/\/www.startlap.hu\/utazas\/leghavasabb-orszag-ho-havazas-rekord\/\" >\n\t\t\t<img decoding=\"async\" src=\"https:\/\/www.startlap.hu\/utazas\/uploads\/sites\/3\/2026\/01\/toyama-hoeses3-350x285.jpg\" class=\"m-readMoreWidget__img\">\n\t\t<\/a>\n\t<\/div>\n\t<div class=\"m-readMoreWidget__titleWrapper title-wrapper col-12 col-md-8\">\n\t\t<span class=\"m-readMoreWidget__titleLabel u-shortDecorLineBefore label hidden-sm-up\">Ez is \u00e9rdekelhet:<\/span>\n\t\t<h3 class=\"m-readMoreWidget__title title\">\n\t\t\t<a class=\"m-readMoreWidget__titleLink -secondFont u-bold u-upperCase\" href=\"https:\/\/www.startlap.hu\/utazas\/leghavasabb-orszag-ho-havazas-rekord\/\" >A vil\u00e1g leghavasabb orsz\u00e1ga, ahol magasabbak a h\u00f3torlaszok, mint a h\u00e1zak<\/a>\n\t\t<\/h3>\n\t\t<a class=\"m-readMoreWidget__btn -coloredBack u-tC link\" href=\"https:\/\/www.startlap.hu\/utazas\/leghavasabb-orszag-ho-havazas-rekord\/\" >Elolvasom<\/a>\n\t<\/div>\n<\/div>\n","protected":false},"excerpt":{"rendered":"<p>Id\u00e9n k\u00fcl\u00f6n\u00f6sen term\u00e9keny \u00e9vet \u00edg\u00e9rnek a meteorol\u00f3gusok a sarki f\u00e9nyek szempontj\u00e1b\u00f3l: egy furfangos tr\u00fckkel egyre t\u00f6bben ingyen n\u00e9zik meg \u0151ket.<\/p>\n","protected":false},"author":63,"featured_media":98414,"comment_status":"closed","ping_status":"closed","sticky":false,"template":"","format":"standard","meta":{"footnotes":""},"categories":[70],"tags":[9987,306,669,62],"class_list":["post-101374","post","type-post","status-publish","format-standard","has-post-thumbnail","hentry","category-vilag","tag-9987","tag-izland","tag-sarki-feny","tag-trukkok"],"aioseo_notices":[],"_links":{"self":[{"href":"https:\/\/www.startlap.hu\/utazas\/wp-json\/wp\/v2\/posts\/101374","targetHints":{"allow":["GET"]}}],"collection":[{"href":"https:\/\/www.startlap.hu\/utazas\/wp-json\/wp\/v2\/posts"}],"about":[{"href":"https:\/\/www.startlap.hu\/utazas\/wp-json\/wp\/v2\/types\/post"}],"author":[{"embeddable":true,"href":"https:\/\/www.startlap.hu\/utazas\/wp-json\/wp\/v2\/users\/63"}],"replies":[{"embeddable":true,"href":"https:\/\/www.startlap.hu\/utazas\/wp-json\/wp\/v2\/comments?post=101374"}],"version-history":[{"count":3,"href":"https:\/\/www.startlap.hu\/utazas\/wp-json\/wp\/v2\/posts\/101374\/revisions"}],"predecessor-version":[{"id":101424,"href":"https:\/\/www.startlap.hu\/utazas\/wp-json\/wp\/v2\/posts\/101374\/revisions\/101424"}],"wp:featuredmedia":[{"embeddable":true,"href":"https:\/\/www.startlap.hu\/utazas\/wp-json\/wp\/v2\/media\/98414"}],"wp:attachment":[{"href":"https:\/\/www.startlap.hu\/utazas\/wp-json\/wp\/v2\/media?parent=101374"}],"wp:term":[{"taxonomy":"category","embeddable":true,"href":"https:\/\/www.startlap.hu\/utazas\/wp-json\/wp\/v2\/categories?post=101374"},{"taxonomy":"post_tag","embeddable":true,"href":"https:\/\/www.startlap.hu\/utazas\/wp-json\/wp\/v2\/tags?post=101374"}],"curies":[{"name":"wp","href":"https:\/\/api.w.org\/{rel}","templated":true}]}}