{"id":101352,"date":"2026-01-15T20:37:34","date_gmt":"2026-01-15T19:37:34","guid":{"rendered":"https:\/\/www.startlap.hu\/utazas\/?p=101352"},"modified":"2026-01-15T20:45:10","modified_gmt":"2026-01-15T19:45:10","slug":"lufthansa-powerbank-tiltas","status":"publish","type":"post","link":"https:\/\/www.startlap.hu\/utazas\/lufthansa-powerbank-tiltas\/","title":{"rendered":"A magyar utasokra is vonatkozik a Lufthansa szigor\u00fa l\u00e9p\u00e9se"},"content":{"rendered":"<p>Janu\u00e1r 15-t\u0151l jelent\u0151s v\u00e1ltoz\u00e1s l\u00e9pett \u00e9letbe a Lufthansa Csoport j\u00e1ratain: a fed\u00e9lzeten imm\u00e1r <strong>tilos powerbankkal t\u00f6lteni telefonokat \u00e9s egy\u00e9b elektronikus eszk\u00f6z\u00f6ket<\/strong>, \u00e9s magukat a hordozhat\u00f3 akkumul\u00e1torokat sem szabad t\u00f6lteni rep\u00fcl\u00e9s k\u00f6zben &#8211; \u00edrja a <strong><a href=\"https:\/\/www.hirstart.hu\/site\/relocate.php?rssid=242&amp;rsspid=3&amp;ctype=rss&amp;id=43155929&amp;chk=6dbb22d8db2e10c28e754a969fa043de&amp;url=https%3A%2F%2Ftelex.hu%2Fkulfold%2F2026%2F01%2F15%2Flufthansa-swiss-air-powerbank-tilalom\" target=\"_blank\" target=\"_blank\" rel=\"noopener\">Telex.hu<\/a><\/strong>.&nbsp;<\/p>\n<div class=\"o-widget m-readMoreWidget -readMore u-shortDecorLineAfter row widget-container _ce_measure_widget bigdata-widget read-more\" data-ce-measure-widget=\"olvass tov\u00e1bb\">\n\t<div class=\"m-readMoreWidget__imgWrapper image-wrapper col-12 col-md-4 no-p\">\n\t\t<a class=\"m-readMoreWidget__imgLink\" href=\"https:\/\/www.startlap.hu\/utazas\/zold-foki-szigetek-mediterran-uti-cel-ajanlo\/\" >\n\t\t\t<img decoding=\"async\" src=\"https:\/\/www.startlap.hu\/utazas\/uploads\/sites\/3\/2025\/11\/GettyImages-179589885_11zon-350x285.jpg\" class=\"m-readMoreWidget__img\">\n\t\t<\/a>\n\t<\/div>\n\t<div class=\"m-readMoreWidget__titleWrapper title-wrapper col-12 col-md-8\">\n\t\t<span class=\"m-readMoreWidget__titleLabel u-shortDecorLineBefore label hidden-sm-up\">Ez is \u00e9rdekelhet:<\/span>\n\t\t<h3 class=\"m-readMoreWidget__title title\">\n\t\t\t<a class=\"m-readMoreWidget__titleLink -secondFont u-bold u-upperCase\" href=\"https:\/\/www.startlap.hu\/utazas\/zold-foki-szigetek-mediterran-uti-cel-ajanlo\/\" >Kev\u00e9s turista, 27 fok decemberben: ez a rejtett gy\u00f6ngyszem lehet a kedvenc t\u00e9li \u00fati c\u00e9l<\/a>\n\t\t<\/h3>\n\t\t<a class=\"m-readMoreWidget__btn -coloredBack u-tC link\" href=\"https:\/\/www.startlap.hu\/utazas\/zold-foki-szigetek-mediterran-uti-cel-ajanlo\/\" >Elolvasom<\/a>\n\t<\/div>\n<\/div>\n<p>A szigor\u00edt\u00e1s a Lufthansa, a Swiss, valamint a csoport valamennyi l\u00e9git\u00e1rsas\u00e1g\u00e1nak j\u00e1rataira egyar\u00e1nt vonatkozik. A d\u00f6nt\u00e9s h\u00e1tter\u00e9ben els\u0151sorban biztons\u00e1gi megfontol\u00e1sok \u00e1llnak. <strong>A l\u00edtiumionos akkumul\u00e1torok \u2013 k\u00fcl\u00f6n\u00f6sen nyom\u00e1s \u00e9s h\u0151hat\u00e1s alatt \u2013 fokozott t\u0171zvesz\u00e9lyt jelentenek<\/strong>, \u00e9s az elm\u00falt id\u0151szakban t\u00f6bb komoly incidens is t\u00f6rt\u00e9nt a fed\u00e9lzeteken.<\/p>\n<figure id=\"attachment_97380\" aria-describedby=\"caption-attachment-97380\" style=\"width: 755px\" class=\"wp-caption alignnone\"><img loading=\"lazy\" decoding=\"async\" class=\"size-article-size-large-image wp-image-97380\" src=\"https:\/\/www.startlap.hu\/utazas\/uploads\/sites\/3\/2025\/10\/lufthansa-2_11zon-755x425.jpg\" alt=\"Lufthansa rep\u00fcl\u0151g\u00e9p sz\u00e1ll fel\" width=\"755\" height=\"425\" srcset=\"https:\/\/www.startlap.hu\/utazas\/uploads\/sites\/3\/2025\/10\/lufthansa-2_11zon-755x425.jpg 755w, https:\/\/www.startlap.hu\/utazas\/uploads\/sites\/3\/2025\/10\/lufthansa-2_11zon-1536x864.jpg 1536w, https:\/\/www.startlap.hu\/utazas\/uploads\/sites\/3\/2025\/10\/lufthansa-2_11zon-215x120.jpg 215w, https:\/\/www.startlap.hu\/utazas\/uploads\/sites\/3\/2025\/10\/lufthansa-2_11zon-622x350.jpg 622w, https:\/\/www.startlap.hu\/utazas\/uploads\/sites\/3\/2025\/10\/lufthansa-2_11zon.jpg 1847w\" sizes=\"auto, (max-width: 755px) 100vw, 755px\" \/><figcaption id=\"caption-attachment-97380\" class=\"wp-caption-text\">Fot\u00f3: Getty Images<\/figcaption><\/figure>\n<p>Nemr\u00e9g az Asiana Airlines Sz\u00f6ul \u00e9s Tajpej k\u00f6z\u00f6tti j\u00e1rat\u00e1n <strong>gyulladt ki egy powerbank<\/strong> a fels\u0151 csomagt\u00e1rol\u00f3ban, m\u00edg egy m\u00e1sik napon a T\u2019way Airlines egyik j\u00e1rat\u00e1n <strong>f\u00fcst\u00f6lni kezdett egy ilyen eszk\u00f6z<\/strong>. Tavaly novemberben Melbourne rep\u00fcl\u0151ter\u00e9n egy <strong><a href=\"https:\/\/www.startlap.hu\/utazas\/ryanair-pisa-balhe-verekedes\/\" target=\"_blank\" rel=\"noopener\">utas<\/a><\/strong> zseb\u00e9ben kapott <strong>l\u00e1ngra egy hordozhat\u00f3 akkumul\u00e1tor<\/strong>.<\/p>\n<h2>A korl\u00e1toz\u00e1s t\u00f6bb milli\u00f3 utast \u00e9rint \u00e9vente<\/h2>\n<p>A Lufthansa Csoport ez\u00e9rt r\u00e9szletes szab\u00e1lyoz\u00e1st vezetett be a powerbankok sz\u00e1ll\u00edt\u00e1s\u00e1ra \u00e9s haszn\u00e1lat\u00e1ra. Egy utas legfeljebb k\u00e9t ilyen eszk\u00f6zt vihet fel a fed\u00e9lzetre, kiz\u00e1r\u00f3lag <strong><a href=\"https:\/\/www.startlap.hu\/utazas\/negy-targy-kezipoggyasz-tilos-akkumulator-etel-esernyo-feherje\/\" target=\"_blank\" rel=\"noopener\">k\u00e9zipoggy\u00e1szban<\/a><\/strong>.<\/p>\n<p>A powerbankokat tilos az \u00fcl\u00e9sek feletti csomagtart\u00f3ban elhelyezni, azokat csak zsebben vagy az \u00fcl\u00e9s alatti poggy\u00e1szban lehet t\u00e1rolni.<\/p>\n<p>Enged\u00e9ly n\u00e9lk\u00fcl legfeljebb <strong>100 watt\u00f3r\u00e1s kapacit\u00e1s\u00fa akkumul\u00e1tor vihet\u0151 fel, a 100 \u00e9s 160 watt\u00f3ra k\u00f6z\u00f6tti eszk\u00f6z\u00f6k sz\u00e1ll\u00edt\u00e1s\u00e1hoz<\/strong> pedig el\u0151zetes l\u00e9git\u00e1rsas\u00e1gi j\u00f3v\u00e1hagy\u00e1s sz\u00fcks\u00e9ges. A csomagt\u00e9rben tov\u00e1bbra sem enged\u00e9lyezett ilyen k\u00e9sz\u00fcl\u00e9kek elhelyez\u00e9se.<\/p>\n<p>A Lufthansa Csoporthoz tartozik m\u00e9g az Austrian Airlines, a Brussels Airlines, az Eurowings \u00e9s az ITA Airways is, <strong>\u00edgy a szab\u00e1lyoz\u00e1s utasok milli\u00f3it \u00e9rinti vil\u00e1gszerte.<\/strong><\/p>\n<div class=\"o-widget m-readMoreWidget -readMore u-shortDecorLineAfter row widget-container _ce_measure_widget bigdata-widget read-more\" data-ce-measure-widget=\"olvass tov\u00e1bb\">\n\t<div class=\"m-readMoreWidget__imgWrapper image-wrapper col-12 col-md-4 no-p\">\n\t\t<a class=\"m-readMoreWidget__imgLink\" href=\"https:\/\/www.startlap.hu\/utazas\/magyar-utlevel-vilag-legerosebb-utlevelei-2026\/\" >\n\t\t\t<img decoding=\"async\" src=\"https:\/\/www.startlap.hu\/utazas\/uploads\/sites\/3\/2026\/01\/utlevel-350x285.jpg\" class=\"m-readMoreWidget__img\">\n\t\t<\/a>\n\t<\/div>\n\t<div class=\"m-readMoreWidget__titleWrapper title-wrapper col-12 col-md-8\">\n\t\t<span class=\"m-readMoreWidget__titleLabel u-shortDecorLineBefore label hidden-sm-up\">Ez is \u00e9rdekelhet:<\/span>\n\t\t<h3 class=\"m-readMoreWidget__title title\">\n\t\t\t<a class=\"m-readMoreWidget__titleLink -secondFont u-bold u-upperCase\" href=\"https:\/\/www.startlap.hu\/utazas\/magyar-utlevel-vilag-legerosebb-utlevelei-2026\/\" >El sem hiszed, milyen er\u0151s a magyar \u00fatlev\u00e9l! Itt a 2026-os rangsor<\/a>\n\t\t<\/h3>\n\t\t<a class=\"m-readMoreWidget__btn -coloredBack u-tC link\" href=\"https:\/\/www.startlap.hu\/utazas\/magyar-utlevel-vilag-legerosebb-utlevelei-2026\/\" >Elolvasom<\/a>\n\t<\/div>\n<\/div>\n","protected":false},"excerpt":{"rendered":"<p>Eur\u00f3pa egyik legnagyobb l\u00e9git\u00e1rsas\u00e1g-csoportja szigor\u00fa szab\u00e1lyt hozott, mely minden egyes utasra vonatkozik rep\u00fcl\u0151g\u00e9pein. <\/p>\n","protected":false},"author":8,"featured_media":97380,"comment_status":"closed","ping_status":"closed","sticky":false,"template":"","format":"standard","meta":{"footnotes":""},"categories":[70],"tags":[5761,897,9941],"class_list":["post-101352","post","type-post","status-publish","format-standard","has-post-thumbnail","hentry","category-vilag","tag-kitiltas","tag-lufthansa","tag-powerbank"],"aioseo_notices":[],"_links":{"self":[{"href":"https:\/\/www.startlap.hu\/utazas\/wp-json\/wp\/v2\/posts\/101352","targetHints":{"allow":["GET"]}}],"collection":[{"href":"https:\/\/www.startlap.hu\/utazas\/wp-json\/wp\/v2\/posts"}],"about":[{"href":"https:\/\/www.startlap.hu\/utazas\/wp-json\/wp\/v2\/types\/post"}],"author":[{"embeddable":true,"href":"https:\/\/www.startlap.hu\/utazas\/wp-json\/wp\/v2\/users\/8"}],"replies":[{"embeddable":true,"href":"https:\/\/www.startlap.hu\/utazas\/wp-json\/wp\/v2\/comments?post=101352"}],"version-history":[{"count":5,"href":"https:\/\/www.startlap.hu\/utazas\/wp-json\/wp\/v2\/posts\/101352\/revisions"}],"predecessor-version":[{"id":101357,"href":"https:\/\/www.startlap.hu\/utazas\/wp-json\/wp\/v2\/posts\/101352\/revisions\/101357"}],"wp:featuredmedia":[{"embeddable":true,"href":"https:\/\/www.startlap.hu\/utazas\/wp-json\/wp\/v2\/media\/97380"}],"wp:attachment":[{"href":"https:\/\/www.startlap.hu\/utazas\/wp-json\/wp\/v2\/media?parent=101352"}],"wp:term":[{"taxonomy":"category","embeddable":true,"href":"https:\/\/www.startlap.hu\/utazas\/wp-json\/wp\/v2\/categories?post=101352"},{"taxonomy":"post_tag","embeddable":true,"href":"https:\/\/www.startlap.hu\/utazas\/wp-json\/wp\/v2\/tags?post=101352"}],"curies":[{"name":"wp","href":"https:\/\/api.w.org\/{rel}","templated":true}]}}