{"id":101315,"date":"2026-01-14T20:51:18","date_gmt":"2026-01-14T19:51:18","guid":{"rendered":"https:\/\/www.startlap.hu\/utazas\/?p=101315"},"modified":"2026-01-14T20:51:18","modified_gmt":"2026-01-14T19:51:18","slug":"vacsora-felmillio","status":"publish","type":"post","link":"https:\/\/www.startlap.hu\/utazas\/vacsora-felmillio\/","title":{"rendered":"Vacsora f\u00e9lmilli\u00f3\u00e9rt &#8211; \u00e9s m\u00e9g egy \u00f3ce\u00e1nt is \u00e1t kell rep\u00fcln\u00f6d"},"content":{"rendered":"<p>A vil\u00e1gh\u00edr\u0171 koppenh\u00e1gai Noma t\u00f6bb r\u00e9szletet is megosztott a r\u00e9g\u00f3ta v\u00e1rt Los Angeles-i kitelep\u00fcl\u00e9s\u00e9r\u0151l &#8211; \u00edrja a <strong><a href=\"https:\/\/www.hirstart.hu\/site\/relocate.php?rssid=1654&amp;rsspid=3&amp;ctype=rss&amp;id=43119959&amp;chk=bf49bcd87e57f6cfd35380f446da854b&amp;url=https%3A%2F%2Froadster.hu%2Fnoma-los-angeles%3Futm_source%3Dhirstart%26utm_medium%3Dreferral%26utm_campaign%3Dct\" target=\"_blank\" target=\"_blank\" rel=\"noopener\">Roadster.hu<\/a><\/strong>. Az \u00e9tterem m\u00e1rcius 11. \u00e9s j\u00fanius 26. k\u00f6z\u00f6tt, \u00f6sszesen 16 h\u00e9ten kereszt\u00fcl szolg\u00e1l fel fog\u00e1sokat a nyugat-amerikai nagyv\u00e1rosban.<\/p>\n<div class=\"o-widget m-readMoreWidget -readMore u-shortDecorLineAfter row widget-container _ce_measure_widget bigdata-widget read-more\" data-ce-measure-widget=\"olvass tov\u00e1bb\">\n\t<div class=\"m-readMoreWidget__imgWrapper image-wrapper col-12 col-md-4 no-p\">\n\t\t<a class=\"m-readMoreWidget__imgLink\" href=\"https:\/\/www.startlap.hu\/vasarlas\/telekom-ingyen-uj-mobil-regi-telefon-leadas\/\" >\n\t\t\t<img decoding=\"async\" src=\"https:\/\/www.startlap.hu\/utazas\/uploads\/2025\/12\/telekom-350x285.jpg\" class=\"m-readMoreWidget__img\">\n\t\t<\/a>\n\t<\/div>\n\t<div class=\"m-readMoreWidget__titleWrapper title-wrapper col-12 col-md-8\">\n\t\t<span class=\"m-readMoreWidget__titleLabel u-shortDecorLineBefore label hidden-sm-up\">Ez is \u00e9rdekelhet:<\/span>\n\t\t<h3 class=\"m-readMoreWidget__title title\">\n\t\t\t<a class=\"m-readMoreWidget__titleLink -secondFont u-bold u-upperCase\" href=\"https:\/\/www.startlap.hu\/vasarlas\/telekom-ingyen-uj-mobil-regi-telefon-leadas\/\" >Ingyen ad \u00faj telefont a Telekom: \u00edgy kaphatod meg a mobilt<\/a>\n\t\t<\/h3>\n\t\t<a class=\"m-readMoreWidget__btn -coloredBack u-tC link\" href=\"https:\/\/www.startlap.hu\/vasarlas\/telekom-ingyen-uj-mobil-regi-telefon-leadas\/\" >Elolvasom<\/a>\n\t<\/div>\n<\/div>\n<blockquote class=\"article__extraTxt\"><p>A rendk\u00edv\u00fcli \u00e9lm\u00e9nynek komoly \u00e1ra van: egy Los Angeles-i Noma-vacsora fejenk\u00e9nt 1500 doll\u00e1rba &#8211; vagyis f\u00e9lmilli\u00f3 forintba ker\u00fcl.<\/p><\/blockquote>\n<p>Az \u00e1r mag\u00e1ban foglalja a k\u00f3stol\u00f3men\u00fct, az alkoholos italokat, a vend\u00e9gl\u00e1t\u00e1si d\u00edjat \u00e9s az ad\u00f3kat is. A teljes \u00f6sszeget m\u00e1r a foglal\u00e1skor el\u0151re ki kell fizetni.<\/p>\n<p><img loading=\"lazy\" decoding=\"async\" class=\"alignnone size-article-size-large-image wp-image-101316\" src=\"https:\/\/www.startlap.hu\/utazas\/uploads\/sites\/3\/2026\/01\/etterem_pincer_-755x510.jpg\" alt=\"\" width=\"755\" height=\"510\" srcset=\"https:\/\/www.startlap.hu\/utazas\/uploads\/sites\/3\/2026\/01\/etterem_pincer_-755x510.jpg 755w, https:\/\/www.startlap.hu\/utazas\/uploads\/sites\/3\/2026\/01\/etterem_pincer_-518x350.jpg 518w, https:\/\/www.startlap.hu\/utazas\/uploads\/sites\/3\/2026\/01\/etterem_pincer_.jpg 1200w\" sizes=\"auto, (max-width: 755px) 100vw, 755px\" \/>\u00d6sszehasonl\u00edt\u00e1sk\u00e9ppen a Noma jelenlegi t\u00e9li men\u00fcje Koppenh\u00e1g\u00e1ban fejenk\u00e9nt k\u00f6r\u00fclbel\u00fcl 700 doll\u00e1rba ker\u00fcl, italp\u00e1ros\u00edt\u00e1s n\u00e9lk\u00fcl. Az eb\u00e9dhez v\u00e1laszthat\u00f3 borp\u00e1ros\u00edt\u00e1s tov\u00e1bbi 330 doll\u00e1ros fel\u00e1rat jelent.<\/p>\n<p>Ren\u00e9 Redzepi tulajdonos a Los Angeles Times-nak elmondta, hogy a magas \u00e1r r\u00e9szben a jelent\u0151s logisztikai k\u00f6lts\u00e9gekb\u0151l ad\u00f3dik. A 130 f\u0151s csapat Koppenh\u00e1g\u00e1b\u00f3l Los Angelesbe t\u00f6rt\u00e9n\u0151 sz\u00e1ll\u00edt\u00e1sa \u00e9s elsz\u00e1ll\u00e1sol\u00e1sa jelent\u0151s kiad\u00e1st jelent.<\/p>\n<p>Bizonyos esetekben a munkat\u00e1rsak gyermekeinek iskol\u00e1ztat\u00e1s\u00e1t is meg kell oldani.<\/p>\n<h2>Meg lehet \u00faszni a f\u00e9lmilli\u00f3s vacsor\u00e1t &#8211; ingyen!<\/h2>\n<p>A Noma egy \u00fagynevezett szakmai asztalt is fenntart a 25 \u00e9v alatti, p\u00e1ly\u00e1juk elej\u00e9n j\u00e1r\u00f3 vend\u00e9gl\u00e1t\u00f3ipari szakembereknek.<\/p>\n<p>A kiv\u00e1lasztott jelentkez\u0151k d\u00edjmentesen tapasztalhatj\u00e1k meg a teljes Noma-\u00e9lm\u00e9nyt. A kitelep\u00fcl\u00e9s idej\u00e9n a Noma a Noma Projects nev\u0171 \u00fczlet\u00e9t is megnyitja a Silver Lake v\u00e1rosr\u00e9szben.<\/p>\n<p>Emellett k\u00fcl\u00f6nf\u00e9le esem\u00e9nyeket szerveznek a Madda nev\u0171 nonprofit szervezettel egy\u00fcttm\u0171k\u00f6d\u00e9sben. A nonprofit szervezetet Redzepi a fenntarthat\u00f3s\u00e1g el\u0151mozd\u00edt\u00e1s\u00e1ra hozta l\u00e9tre.<\/p>\n<div class=\"o-widget m-readMoreWidget -readMore u-shortDecorLineAfter row widget-container _ce_measure_widget bigdata-widget read-more\" data-ce-measure-widget=\"olvass tov\u00e1bb\">\n\t<div class=\"m-readMoreWidget__imgWrapper image-wrapper col-12 col-md-4 no-p\">\n\t\t<a class=\"m-readMoreWidget__imgLink\" href=\"https:\/\/www.startlap.hu\/utazas\/patkany-uszas-sziget-sa-dragonera-mallorca\/\" >\n\t\t\t<img decoding=\"async\" src=\"https:\/\/www.startlap.hu\/utazas\/uploads\/sites\/3\/2026\/01\/sa-dragonera-350x285.jpg\" class=\"m-readMoreWidget__img\">\n\t\t<\/a>\n\t<\/div>\n\t<div class=\"m-readMoreWidget__titleWrapper title-wrapper col-12 col-md-8\">\n\t\t<span class=\"m-readMoreWidget__titleLabel u-shortDecorLineBefore label hidden-sm-up\">Ez is \u00e9rdekelhet:<\/span>\n\t\t<h3 class=\"m-readMoreWidget__title title\">\n\t\t\t<a class=\"m-readMoreWidget__titleLink -secondFont u-bold u-upperCase\" href=\"https:\/\/www.startlap.hu\/utazas\/patkany-uszas-sziget-sa-dragonera-mallorca\/\" >\u00daszva h\u00f3d\u00edthatt\u00e1k vissza ezt a kedvelt turistaszigetet a patk\u00e1nyok<\/a>\n\t\t<\/h3>\n\t\t<a class=\"m-readMoreWidget__btn -coloredBack u-tC link\" href=\"https:\/\/www.startlap.hu\/utazas\/patkany-uszas-sziget-sa-dragonera-mallorca\/\" >Elolvasom<\/a>\n\t<\/div>\n<\/div>\n","protected":false},"excerpt":{"rendered":"<p>Mintegy f\u00e9lmilli\u00f3 forintba ker\u00fcl egyetlen vacsora, amelyet a vil\u00e1g egyik legismertebb \u00e9tterme k\u00edn\u00e1l egy t\u00e1voli nagyv\u00e1rosban.<\/p>\n","protected":false},"author":8,"featured_media":101316,"comment_status":"closed","ping_status":"closed","sticky":false,"template":"","format":"standard","meta":{"footnotes":""},"categories":[70],"tags":[1884,1228],"class_list":["post-101315","post","type-post","status-publish","format-standard","has-post-thumbnail","hentry","category-vilag","tag-etterem","tag-los-angeles"],"aioseo_notices":[],"_links":{"self":[{"href":"https:\/\/www.startlap.hu\/utazas\/wp-json\/wp\/v2\/posts\/101315","targetHints":{"allow":["GET"]}}],"collection":[{"href":"https:\/\/www.startlap.hu\/utazas\/wp-json\/wp\/v2\/posts"}],"about":[{"href":"https:\/\/www.startlap.hu\/utazas\/wp-json\/wp\/v2\/types\/post"}],"author":[{"embeddable":true,"href":"https:\/\/www.startlap.hu\/utazas\/wp-json\/wp\/v2\/users\/8"}],"replies":[{"embeddable":true,"href":"https:\/\/www.startlap.hu\/utazas\/wp-json\/wp\/v2\/comments?post=101315"}],"version-history":[{"count":2,"href":"https:\/\/www.startlap.hu\/utazas\/wp-json\/wp\/v2\/posts\/101315\/revisions"}],"predecessor-version":[{"id":101318,"href":"https:\/\/www.startlap.hu\/utazas\/wp-json\/wp\/v2\/posts\/101315\/revisions\/101318"}],"wp:featuredmedia":[{"embeddable":true,"href":"https:\/\/www.startlap.hu\/utazas\/wp-json\/wp\/v2\/media\/101316"}],"wp:attachment":[{"href":"https:\/\/www.startlap.hu\/utazas\/wp-json\/wp\/v2\/media?parent=101315"}],"wp:term":[{"taxonomy":"category","embeddable":true,"href":"https:\/\/www.startlap.hu\/utazas\/wp-json\/wp\/v2\/categories?post=101315"},{"taxonomy":"post_tag","embeddable":true,"href":"https:\/\/www.startlap.hu\/utazas\/wp-json\/wp\/v2\/tags?post=101315"}],"curies":[{"name":"wp","href":"https:\/\/api.w.org\/{rel}","templated":true}]}}