{"id":101307,"date":"2026-01-15T17:33:00","date_gmt":"2026-01-15T16:33:00","guid":{"rendered":"https:\/\/www.startlap.hu\/utazas\/?p=101307"},"modified":"2026-01-15T13:59:17","modified_gmt":"2026-01-15T12:59:17","slug":"tripadvisor-legtrendibb-uti-celok-2025","status":"publish","type":"post","link":"https:\/\/www.startlap.hu\/utazas\/tripadvisor-legtrendibb-uti-celok-2025\/","title":{"rendered":"A vil\u00e1g legtrendibb \u00fati c\u00e9lja Eur\u00f3p\u00e1ban van!"},"content":{"rendered":"<p>A <strong>Tripadvisor<\/strong> minden \u00e9vben a nemzetk\u00f6zi utaz\u00f3k\u00f6z\u00f6ss\u00e9g 12 h\u00f3napnyi \u00e9rt\u00e9kel\u00e9se alapj\u00e1n \u00e1ll\u00edtja \u00f6ssze a <strong>Travellers\u2019 Choice Awards<\/strong> list\u00e1it. Az eredm\u00e9ny teh\u00e1t nem szak\u00e9rt\u0151i v\u00e9lem\u00e9nyekre, hanem val\u00f3di utaz\u00f3i tapasztalatokra \u00e9p\u00fcl, \u00edgy j\u00f3l megmutatja, mely \u00fati c\u00e9lok keltik fel igaz\u00e1n az <a href=\"https:\/\/www.startlap.hu\/utazas\/trevi-kut-jegy-roma\/\" target=\"_blank\" rel=\"noopener\">emberek \u00e9rdekl\u0151d\u00e9s\u00e9t<\/a> vil\u00e1gszerte, \u00edrja az <a href=\"https:\/\/www.euronews.com\/travel\/2026\/01\/13\/a-volcanic-island-and-a-fashion-capital-europes-top-trending-destinations-for-2026\" target=\"_blank\" target=\"_blank\" rel=\"noopener\">Euronews<\/a>.<\/p>\n<div class=\"o-widget m-readMoreWidget -readMore u-shortDecorLineAfter row widget-container _ce_measure_widget bigdata-widget read-more\" data-ce-measure-widget=\"olvass tov\u00e1bb\">\n\t<div class=\"m-readMoreWidget__imgWrapper image-wrapper col-12 col-md-4 no-p\">\n\t\t<a class=\"m-readMoreWidget__imgLink\" href=\"https:\/\/www.startlap.hu\/utazas\/skocia-handa-sziget-vador-munka-allasajanlat\/\" >\n\t\t\t<img decoding=\"async\" src=\"https:\/\/www.startlap.hu\/utazas\/uploads\/sites\/3\/2025\/12\/handa-sziget-350x285.jpg\" class=\"m-readMoreWidget__img\">\n\t\t<\/a>\n\t<\/div>\n\t<div class=\"m-readMoreWidget__titleWrapper title-wrapper col-12 col-md-8\">\n\t\t<span class=\"m-readMoreWidget__titleLabel u-shortDecorLineBefore label hidden-sm-up\">Ez is \u00e9rdekelhet:<\/span>\n\t\t<h3 class=\"m-readMoreWidget__title title\">\n\t\t\t<a class=\"m-readMoreWidget__titleLink -secondFont u-bold u-upperCase\" href=\"https:\/\/www.startlap.hu\/utazas\/skocia-handa-sziget-vador-munka-allasajanlat\/\" >Lakatlan szigetre keresnek dolgoz\u00f3t: a fizet\u00e9s milli\u00f3s, a t\u00e1j leny\u0171g\u00f6z\u0151, de a mos\u00e1shoz komp kell &#8211; \u00edgy lehet jelentkezni<\/a>\n\t\t<\/h3>\n\t\t<a class=\"m-readMoreWidget__btn -coloredBack u-tC link\" href=\"https:\/\/www.startlap.hu\/utazas\/skocia-handa-sziget-vador-munka-allasajanlat\/\" >Elolvasom<\/a>\n\t<\/div>\n<\/div>\n<h2>V\u00e1ltozatos \u00fati c\u00e9lok Eur\u00f3p\u00e1ban<\/h2>\n<p>A 2026-os d\u00edjak \u00f6sszesen 270 \u00fati c\u00e9lt emelnek ki 60 orsz\u00e1gb\u00f3l, h\u00e9t k\u00fcl\u00f6nb\u00f6z\u0151 kateg\u00f3ri\u00e1ban. Ezek k\u00f6z\u00f6tt szerepelnek a <strong>trendi \u00fati c\u00e9lok<\/strong>, a <strong>klasszikus kedvencek<\/strong>, valamint k\u00fcl\u00f6n list\u00e1k a <strong>kult\u00fara<\/strong> &nbsp;<strong>\u00e9s t\u00f6rt\u00e9nelem<\/strong>, illetve a <strong>gasztron\u00f3mia <\/strong>szempontj\u00e1b\u00f3l kiemelked\u0151 helysz\u00ednekr\u0151l, valamint a <strong>n\u00e1szutasok<\/strong> \u00e9s az <strong>egyed\u00fcl utaz\u00f3k<\/strong> kedvenceir\u0151l is.<\/p>\n<figure id=\"attachment_97308\" aria-describedby=\"caption-attachment-97308\" style=\"width: 755px\" class=\"wp-caption alignnone\"><a href=\"https:\/\/www.startlap.hu\/utazas\/uploads\/sites\/3\/2025\/10\/madeira-3_11zon.jpg\"><img loading=\"lazy\" decoding=\"async\" class=\"size-article-size-large-image wp-image-97308\" src=\"https:\/\/www.startlap.hu\/utazas\/uploads\/sites\/3\/2025\/10\/madeira-3_11zon-755x472.jpg\" alt=\"Madeira t\u00e9len a tengerrel \u00e9s a hegyekkel\" width=\"755\" height=\"472\" srcset=\"https:\/\/www.startlap.hu\/utazas\/uploads\/sites\/3\/2025\/10\/madeira-3_11zon-755x472.jpg 755w, https:\/\/www.startlap.hu\/utazas\/uploads\/sites\/3\/2025\/10\/madeira-3_11zon-1536x960.jpg 1536w, https:\/\/www.startlap.hu\/utazas\/uploads\/sites\/3\/2025\/10\/madeira-3_11zon-560x350.jpg 560w, https:\/\/www.startlap.hu\/utazas\/uploads\/sites\/3\/2025\/10\/madeira-3_11zon.jpg 1752w\" sizes=\"auto, (max-width: 755px) 100vw, 755px\" \/><\/a><figcaption id=\"caption-attachment-97308\" class=\"wp-caption-text\">Fot\u00f3: Getty Images<\/figcaption><\/figure>\n<p>A vil\u00e1g legtrendibb \u00fati c\u00e9lja 2026-ban a portug\u00e1l <strong>Madeira<\/strong> lett. A <a href=\"https:\/\/www.startlap.hu\/utazas\/esztorszag-tallinn-hiiumaa-rummu-kobanya-latnivalok-tippek\/\" target=\"_blank\" rel=\"noopener\">sziget<\/a> r\u00e9g\u00f3ta n\u00e9pszer\u0171 a naps\u00fct\u00e9s, a tengerpart \u00e9s a l\u00e1tv\u00e1nyos term\u00e9szeti k\u00f6rnyezet miatt, de egyre ink\u00e1bb Eur\u00f3pa egyik &#8222;kalandk\u00f6zpontjak\u00e9nt&#8221; is sz\u00e1mon tartj\u00e1k. Itt ak\u00e1r<\/p>\n<blockquote class=\"article__extraTxt\"><p>egyetlen napba is belef\u00e9r a hegym\u00e1sz\u00e1s, a kanyoning, valamint v\u00edzes\u00e9sek \u00e9s vulkanikus t\u00e1jak felfedez\u00e9se.<\/p><\/blockquote>\n<p>A m\u00e1sodik helyen <strong>Tbiliszi<\/strong> v\u00e9gzett: a v\u00e1rosban \u00faj kultur\u00e1lis terek ny\u00edlnak, r\u00e9gi \u00e9p\u00fcletek alakulnak \u00e1t hosztelekk\u00e9, \u00e9s egyre t\u00f6bb digit\u00e1lis nom\u00e1dot vonz a kedvez\u0151 \u00fczleti \u00e9s bev\u00e1ndorl\u00e1si k\u00f6rnyezet. A lista eur\u00f3pai \u00e9lmez\u0151ny\u00e9ben szerepel m\u00e9g <strong>Mil\u00e1n\u00f3<\/strong>, amely a t\u00e9li olimpia miatt ker\u00fcl reflektorf\u00e9nybe, valamint <strong>Glasgow<\/strong>, amely kort\u00e1rs kultur\u00e1lis \u00e9let\u00e9vel \u00e9s term\u00e9szetk\u00f6zelis\u00e9g\u00e9vel t\u0171nik ki.<\/p>\n<p>Az egyed\u00fc utaz\u00f3k \u00e1ltal kedvelt helysz\u00ednek list\u00e1ja \u00e9l\u00e9n <strong>Dublin<\/strong> v\u00e9gzett, amely bar\u00e1ts\u00e1gos, gyalogosan j\u00f3l bej\u00e1rhat\u00f3 v\u00e1rosk\u00e9nt ide\u00e1lis solo travellingre. A f\u00f3rumoz\u00f3k szerint<\/p>\n<blockquote class=\"article__extraTxt\"><p>itt teljesen term\u00e9szetes egyed\u00fcl \u00e9tkezni vagy k\u00e1v\u00e9zni, r\u00e1ad\u00e1sul a belv\u00e1ros biztons\u00e1gosnak sz\u00e1m\u00edt.<\/p><\/blockquote>\n<p>A tov\u00e1bbi \u00e9lmez\u0151nyben <strong>Berlin<\/strong> a m\u00e1sodik helyet szerezte meg, m\u00edg <strong>London<\/strong> \u00e9s <strong>Edinburgh<\/strong> is beker\u00fclt az els\u0151 \u00f6tbe. <strong>Madrid<\/strong> a nyolcadik helyen v\u00e9gzett, meger\u0151s\u00edtve, hogy Eur\u00f3pa tov\u00e1bbra is kiemelt c\u00e9lpont marad az egyed\u00fcl utaz\u00f3k sz\u00e1m\u00e1ra 2026-ban.<\/p>\n<div class=\"o-widget m-readMoreWidget -readMore u-shortDecorLineAfter row widget-container _ce_measure_widget bigdata-widget read-more\" data-ce-measure-widget=\"olvass tov\u00e1bb\">\n\t<div class=\"m-readMoreWidget__imgWrapper image-wrapper col-12 col-md-4 no-p\">\n\t\t<a class=\"m-readMoreWidget__imgLink\" href=\"https:\/\/www.startlap.hu\/utazas\/tel-nyaralas-kanari-szigetek-el-hierro-fotok\/\" >\n\t\t\t<img decoding=\"async\" src=\"https:\/\/www.startlap.hu\/utazas\/uploads\/sites\/3\/2026\/01\/elhierro-04-350x285.jpg\" class=\"m-readMoreWidget__img\">\n\t\t<\/a>\n\t<\/div>\n\t<div class=\"m-readMoreWidget__titleWrapper title-wrapper col-12 col-md-8\">\n\t\t<span class=\"m-readMoreWidget__titleLabel u-shortDecorLineBefore label hidden-sm-up\">Ez is \u00e9rdekelhet:<\/span>\n\t\t<h3 class=\"m-readMoreWidget__title title\">\n\t\t\t<a class=\"m-readMoreWidget__titleLink -secondFont u-bold u-upperCase\" href=\"https:\/\/www.startlap.hu\/utazas\/tel-nyaralas-kanari-szigetek-el-hierro-fotok\/\" >T\u00e9len is 20 fok, nyugalom &#8211; a &#8222;titkos&#8221; eur\u00f3pai sziget, ahol alig van turista<\/a>\n\t\t<\/h3>\n\t\t<a class=\"m-readMoreWidget__btn -coloredBack u-tC link\" href=\"https:\/\/www.startlap.hu\/utazas\/tel-nyaralas-kanari-szigetek-el-hierro-fotok\/\" >Elolvasom<\/a>\n\t<\/div>\n<\/div>\n","protected":false},"excerpt":{"rendered":"<p>Eur\u00f3pa nemcsak a csal\u00e1di utaz\u00e1sok szempontj\u00e1b\u00f3l az egyik legfelkapottabb kontinens, hanem t\u00f6bbek k\u00f6z\u00f6tt az egyed\u00fcl utaz\u00f3k sz\u00e1m\u00e1ra is rengeteg kedvelt helysz\u00ednt tartogat. De melyik eur\u00f3pai \u00fati c\u00e9lt v\u00e1lasztott\u00e1k a vil\u00e1g legtrendibb helysz\u00edn\u00e9\u00fcl?<\/p>\n","protected":false},"author":63,"featured_media":97308,"comment_status":"closed","ping_status":"closed","sticky":false,"template":"","format":"standard","meta":{"footnotes":""},"categories":[70],"tags":[38,8698,1021,2749],"class_list":["post-101307","post","type-post","status-publish","format-standard","has-post-thumbnail","hentry","category-vilag","tag-europa","tag-legnepszerubb-uti-celok","tag-madeira","tag-tripadvisor"],"aioseo_notices":[],"_links":{"self":[{"href":"https:\/\/www.startlap.hu\/utazas\/wp-json\/wp\/v2\/posts\/101307","targetHints":{"allow":["GET"]}}],"collection":[{"href":"https:\/\/www.startlap.hu\/utazas\/wp-json\/wp\/v2\/posts"}],"about":[{"href":"https:\/\/www.startlap.hu\/utazas\/wp-json\/wp\/v2\/types\/post"}],"author":[{"embeddable":true,"href":"https:\/\/www.startlap.hu\/utazas\/wp-json\/wp\/v2\/users\/63"}],"replies":[{"embeddable":true,"href":"https:\/\/www.startlap.hu\/utazas\/wp-json\/wp\/v2\/comments?post=101307"}],"version-history":[{"count":3,"href":"https:\/\/www.startlap.hu\/utazas\/wp-json\/wp\/v2\/posts\/101307\/revisions"}],"predecessor-version":[{"id":101334,"href":"https:\/\/www.startlap.hu\/utazas\/wp-json\/wp\/v2\/posts\/101307\/revisions\/101334"}],"wp:featuredmedia":[{"embeddable":true,"href":"https:\/\/www.startlap.hu\/utazas\/wp-json\/wp\/v2\/media\/97308"}],"wp:attachment":[{"href":"https:\/\/www.startlap.hu\/utazas\/wp-json\/wp\/v2\/media?parent=101307"}],"wp:term":[{"taxonomy":"category","embeddable":true,"href":"https:\/\/www.startlap.hu\/utazas\/wp-json\/wp\/v2\/categories?post=101307"},{"taxonomy":"post_tag","embeddable":true,"href":"https:\/\/www.startlap.hu\/utazas\/wp-json\/wp\/v2\/tags?post=101307"}],"curies":[{"name":"wp","href":"https:\/\/api.w.org\/{rel}","templated":true}]}}