{"id":101301,"date":"2026-01-15T10:03:09","date_gmt":"2026-01-15T09:03:09","guid":{"rendered":"https:\/\/www.startlap.hu\/utazas\/?p=101301"},"modified":"2026-01-14T22:20:57","modified_gmt":"2026-01-14T21:20:57","slug":"ukrajna-maniava-vizeses-befagyott-tel-hideg","status":"publish","type":"post","link":"https:\/\/www.startlap.hu\/utazas\/ukrajna-maniava-vizeses-befagyott-tel-hideg\/","title":{"rendered":"Rendk\u00edv\u00fcli jelens\u00e9g a K\u00e1rp\u00e1tok sz\u00edv\u00e9ben: a h\u00edres v\u00edzes\u00e9st \u00e1tv\u00e1ltoztatta a dermeszt\u0151 hideg"},"content":{"rendered":"<p>Rendk\u00edv\u00fcli term\u00e9szeti jelens\u00e9g alakult ki az ukrajnai <strong>Gorg\u00e1nok<\/strong> hegys\u00e9gben, mely a <a href=\"https:\/\/www.startlap.hu\/utazas\/karpatok-medve-sator-turazok-figyelmeztetes-video-kiserlet\/\" target=\"_blank\" rel=\"noopener\">K\u00e1rp\u00e1tok<\/a> r\u00e9sze, \u00edgy Rom\u00e1ni\u00e1val \u00e9s Magyarorsz\u00e1ggal szomsz\u00e9dos ter\u00fcleten fekszik: a t\u00e9rs\u00e9g egyik legmagasabb v\u00edzes\u00e9se, a <strong>Maniava-v\u00edzes\u00e9s<\/strong> teljesen befagyott. A zuhog\u00f3 v\u00edz hely\u00e9n most egy mozdulatlan, hatalmas j\u00e9gt\u00f6mb l\u00e1that\u00f3, amely ink\u00e1bb eml\u00e9keztet j\u00e9gszoborra, mint v\u00edzes\u00e9sre.<\/p>\n<div class=\"o-widget m-readMoreWidget -readMore u-shortDecorLineAfter row widget-container _ce_measure_widget bigdata-widget read-more\" data-ce-measure-widget=\"olvass tov\u00e1bb\">\n\t<div class=\"m-readMoreWidget__imgWrapper image-wrapper col-12 col-md-4 no-p\">\n\t\t<a class=\"m-readMoreWidget__imgLink\" href=\"https:\/\/www.startlap.hu\/utazas\/kanari-szigetek-tenerife-spanyolorszag-szennyviz\/\" >\n\t\t\t<img decoding=\"async\" src=\"https:\/\/www.startlap.hu\/utazas\/uploads\/sites\/3\/2025\/07\/megfizetheto9-350x285.jpg\" class=\"m-readMoreWidget__img\">\n\t\t<\/a>\n\t<\/div>\n\t<div class=\"m-readMoreWidget__titleWrapper title-wrapper col-12 col-md-8\">\n\t\t<span class=\"m-readMoreWidget__titleLabel u-shortDecorLineBefore label hidden-sm-up\">Ez is \u00e9rdekelhet:<\/span>\n\t\t<h3 class=\"m-readMoreWidget__title title\">\n\t\t\t<a class=\"m-readMoreWidget__titleLink -secondFont u-bold u-upperCase\" href=\"https:\/\/www.startlap.hu\/utazas\/kanari-szigetek-tenerife-spanyolorszag-szennyviz\/\" >Az EU kimondta: szennyv\u00edzben f\u00fcr\u00f6dnek a turist\u00e1k ezen a n\u00e9pszer\u0171 \u00fati c\u00e9lon<\/a>\n\t\t<\/h3>\n\t\t<a class=\"m-readMoreWidget__btn -coloredBack u-tC link\" href=\"https:\/\/www.startlap.hu\/utazas\/kanari-szigetek-tenerife-spanyolorszag-szennyviz\/\" >Elolvasom<\/a>\n\t<\/div>\n<\/div>\n<h2>Gyorsabban fagyott a j\u00e9g, mint ahogy a v\u00edz folyt<\/h2>\n<p>A v\u00edzfoly\u00e1s teljes le\u00e1ll\u00e1sa m\u00falt vas\u00e1rnap k\u00f6vetkezett be: a fagy\u00e1s m\u00e1r 2025 december\u00e9nek v\u00e9g\u00e9n megindult, amikor a h\u0151m\u00e9rs\u00e9klet tart\u00f3san m\u00ednusz 15 Celsius-fok k\u00f6rny\u00e9k\u00e9re s\u00fcllyedt. Ilyen hidegben<\/p>\n<blockquote class=\"article__extraTxt\"><p>a j\u00e9g gyorsabban k\u00e9pz\u0151d\u00f6tt, mint ahogy a v\u00edz le tudott folyni, \u00edgy a j\u00e9gr\u00e9teg fokozatosan \u00e1tvette az uralmat.<\/p><\/blockquote>\n<p>M\u00e1ra a Maniava falu k\u00f6zel\u00e9ben tal\u00e1lhat\u00f3, mintegy 20 m\u00e9ter magas v\u00edzes\u00e9s \u2013 amely hivatalosan is <a href=\"https:\/\/www.startlap.hu\/utazas\/eszaki-feny-kod-salgotarjan-balaton-fotok-video\/\" target=\"_blank\" rel=\"noopener\">term\u00e9szeti kincs<\/a> \u2013 \u00f3ri\u00e1si j\u00e9gcsapok \u00e9s vastag j\u00e9gr\u00e9tegek l\u00e1tv\u00e1nyos egy\u00fcttes\u00e9v\u00e9 v\u00e1lt. A k\u00fcl\u00f6nleges form\u00e1ci\u00f3r\u00f3l k\u00e9sz\u00fclt fot\u00f3k gyorsan elterjedtek a k\u00f6z\u00f6ss\u00e9gi m\u00e9di\u00e1ban.<\/p>\n<div class=\"fb-video\" data-href=\"https:\/\/www.facebook.com\/reel\/1931682907423256\/\" data-width=\"750\" data-show-text=\"false\"><\/div>\n<p>B\u00e1r a l\u00e1tv\u00e1ny leny\u0171g\u00f6z\u0151, <strong>a helyi hat\u00f3s\u00e1gok \u00f3vatoss\u00e1gra intik a kir\u00e1ndul\u00f3kat<\/strong>: a k\u00f6rny\u00e9ken rendk\u00edv\u00fcl cs\u00fasz\u00f3sak az utak \u00e9s az \u00f6sv\u00e9nyek, a befagyott v\u00edzfel\u00fcletek \u00e9s a j\u00e9gcsapok alatti tart\u00f3zkod\u00e1s pedig kifejezetten vesz\u00e9lyes lehet. A hat\u00f3s\u00e1gok ez\u00e9rt azt k\u00e9rik, hogy a turist\u00e1k csak fokozott k\u00f6r\u00fcltekint\u00e9ssel k\u00f6zel\u00edts\u00e9k meg a v\u00edzes\u00e9st, tartsanak biztons\u00e1gos t\u00e1vols\u00e1got, \u00e9s sz\u00e1moljanak a t\u00e9li hegyi k\u00f6rnyezet kisz\u00e1m\u00edthatatlan vesz\u00e9lyeivel.<\/p>\n<p><em>Bor\u00edt\u00f3k\u00e9p: A Maniava-v\u00edzes\u00e9s 2024-ben, r\u00e9szben befagyva. Fot\u00f3: Getty Images<\/em><\/p>\n<p><a href=\"https:\/\/podroze.onet.pl\/aktualnosci\/spektakularny-widok-w-karpatach-wodospad-zamienil-sie-w-lodowa-rzezbe\/vdl3b8y?utm_source=statics.teams.cdn.office.net_viasg_podroze&amp;utm_medium=referal&amp;utm_campaign=leo_automatic&amp;srcc=undefined&amp;utm_v=2\" target=\"_blank\" target=\"_blank\" rel=\"noopener\">via<\/a><\/p>\n<div class=\"o-widget m-readMoreWidget -readMore u-shortDecorLineAfter row widget-container _ce_measure_widget bigdata-widget read-more\" data-ce-measure-widget=\"olvass tov\u00e1bb\">\n\t<div class=\"m-readMoreWidget__imgWrapper image-wrapper col-12 col-md-4 no-p\">\n\t\t<a class=\"m-readMoreWidget__imgLink\" href=\"https:\/\/www.startlap.hu\/utazas\/esztorszag-tallinn-hiiumaa-rummu-kobanya-latnivalok-tippek\/\" >\n\t\t\t<img decoding=\"async\" src=\"https:\/\/www.startlap.hu\/utazas\/uploads\/sites\/3\/2026\/01\/vilagitotorony-hiiuma-esztorszag-350x285.jpg\" class=\"m-readMoreWidget__img\">\n\t\t<\/a>\n\t<\/div>\n\t<div class=\"m-readMoreWidget__titleWrapper title-wrapper col-12 col-md-8\">\n\t\t<span class=\"m-readMoreWidget__titleLabel u-shortDecorLineBefore label hidden-sm-up\">Ez is \u00e9rdekelhet:<\/span>\n\t\t<h3 class=\"m-readMoreWidget__title title\">\n\t\t\t<a class=\"m-readMoreWidget__titleLink -secondFont u-bold u-upperCase\" href=\"https:\/\/www.startlap.hu\/utazas\/esztorszag-tallinn-hiiumaa-rummu-kobanya-latnivalok-tippek\/\" >Egy kicsi eur\u00f3pai orsz\u00e1g 2000 szigettel cs\u00e1b\u00edt, alig 3 \u00f3r\u00e1ra Budapestt\u0151l \u2013 \u00e9s nem G\u00f6r\u00f6gorsz\u00e1g<\/a>\n\t\t<\/h3>\n\t\t<a class=\"m-readMoreWidget__btn -coloredBack u-tC link\" href=\"https:\/\/www.startlap.hu\/utazas\/esztorszag-tallinn-hiiumaa-rummu-kobanya-latnivalok-tippek\/\" >Elolvasom<\/a>\n\t<\/div>\n<\/div>\n","protected":false},"excerpt":{"rendered":"<p>Ukrajna Magyarorsz\u00e1ggal szomsz\u00e9dos ter\u00fclet\u00e9n k\u00fcl\u00f6nleges term\u00e9szeti jelens\u00e9g tan\u00fai lehetnek a kir\u00e1ndul\u00f3k: egy 20 m\u00e9teres v\u00edzes\u00e9s fagyott be teljesen.<\/p>\n","protected":false},"author":63,"featured_media":101303,"comment_status":"closed","ping_status":"closed","sticky":false,"template":"","format":"standard","meta":{"footnotes":""},"categories":[70],"tags":[3534,7247,22,755],"class_list":["post-101301","post","type-post","status-publish","format-standard","has-post-thumbnail","hentry","category-vilag","tag-befagyott-vizeses","tag-karpatok","tag-termeszet","tag-ukrajna"],"aioseo_notices":[],"_links":{"self":[{"href":"https:\/\/www.startlap.hu\/utazas\/wp-json\/wp\/v2\/posts\/101301","targetHints":{"allow":["GET"]}}],"collection":[{"href":"https:\/\/www.startlap.hu\/utazas\/wp-json\/wp\/v2\/posts"}],"about":[{"href":"https:\/\/www.startlap.hu\/utazas\/wp-json\/wp\/v2\/types\/post"}],"author":[{"embeddable":true,"href":"https:\/\/www.startlap.hu\/utazas\/wp-json\/wp\/v2\/users\/63"}],"replies":[{"embeddable":true,"href":"https:\/\/www.startlap.hu\/utazas\/wp-json\/wp\/v2\/comments?post=101301"}],"version-history":[{"count":4,"href":"https:\/\/www.startlap.hu\/utazas\/wp-json\/wp\/v2\/posts\/101301\/revisions"}],"predecessor-version":[{"id":101321,"href":"https:\/\/www.startlap.hu\/utazas\/wp-json\/wp\/v2\/posts\/101301\/revisions\/101321"}],"wp:featuredmedia":[{"embeddable":true,"href":"https:\/\/www.startlap.hu\/utazas\/wp-json\/wp\/v2\/media\/101303"}],"wp:attachment":[{"href":"https:\/\/www.startlap.hu\/utazas\/wp-json\/wp\/v2\/media?parent=101301"}],"wp:term":[{"taxonomy":"category","embeddable":true,"href":"https:\/\/www.startlap.hu\/utazas\/wp-json\/wp\/v2\/categories?post=101301"},{"taxonomy":"post_tag","embeddable":true,"href":"https:\/\/www.startlap.hu\/utazas\/wp-json\/wp\/v2\/tags?post=101301"}],"curies":[{"name":"wp","href":"https:\/\/api.w.org\/{rel}","templated":true}]}}